{"id":250705,"date":"2016-01-13T00:03:17","date_gmt":"2016-01-13T06:03:17","guid":{"rendered":"http:\/\/www.diarioimagen.net\/?p=250705"},"modified":"2016-01-13T04:22:21","modified_gmt":"2016-01-13T10:22:21","slug":"modulo-de-venta-de-boletos-del-salon-del-automovil-en-rectoria-de-la-uaem","status":"publish","type":"post","link":"https:\/\/www.diarioimagen.net\/?p=250705","title":{"rendered":"M\u00f3dulo de venta de boletos del Sal\u00f3n del Autom\u00f3vil en Rector\u00eda de la UAEM"},"content":{"rendered":"<p><a href=\"http:\/\/www.diarioimagen.net\/?attachment_id=250781\" rel=\"attachment wp-att-250781\"><img loading=\"lazy\" decoding=\"async\" class=\"aligncenter size-large wp-image-250781\" src=\"http:\/\/www.diarioimagen.net\/wp-content\/uploads\/2016\/01\/UAEM-2781-420x236.jpg\" alt=\"UAEM-2781\" width=\"420\" height=\"236\" srcset=\"https:\/\/www.diarioimagen.net\/wp-content\/uploads\/2016\/01\/UAEM-2781-420x236.jpg 420w, https:\/\/www.diarioimagen.net\/wp-content\/uploads\/2016\/01\/UAEM-2781-240x135.jpg 240w, https:\/\/www.diarioimagen.net\/wp-content\/uploads\/2016\/01\/UAEM-2781-235x132.jpg 235w, https:\/\/www.diarioimagen.net\/wp-content\/uploads\/2016\/01\/UAEM-2781-202x114.jpg 202w, https:\/\/www.diarioimagen.net\/wp-content\/uploads\/2016\/01\/UAEM-2781-350x196.jpg 350w, https:\/\/www.diarioimagen.net\/wp-content\/uploads\/2016\/01\/UAEM-2781-220x123.jpg 220w, https:\/\/www.diarioimagen.net\/wp-content\/uploads\/2016\/01\/UAEM-2781-237x132.jpg 237w, https:\/\/www.diarioimagen.net\/wp-content\/uploads\/2016\/01\/UAEM-2781.jpg 480w\" sizes=\"auto, (max-width: 420px) 100vw, 420px\" \/><\/a><\/p>\n<p>&nbsp;<\/p>\n<p><u><\/u>A partir de este mi\u00e9rcoles en el edificio de Rector\u00eda de la Universidad Aut\u00f3noma del Estado de M\u00e9xico se ubica un m\u00f3dulo de venta de boletos del Sal\u00f3n del Autom\u00f3vil. Arte y Cultura, evento que se llevar\u00e1 a cabo los d\u00edas 23 y 24 de enero, con el objetivo difundir el arte y la cultura a trav\u00e9s del autom\u00f3vil.<\/p>\n<p>Los boletos para el Sal\u00f3n del Autom\u00f3vil tambi\u00e9n se pueden adquirir en www.eticket.com.mx, as\u00ed como en la Sucursal Ju\u00e1rez de Farmacias del Ahorro, ubicada en el n\u00famero 520 de Paseo Tollocan, en el municipio de Toluca, as\u00ed como en Big Bola Toluca, en el n\u00famero 126 del boulevard Toluca-Metepec, en la colonia La Pur\u00edsima, y en Matamoros 701, en la colonia Cuauht\u00e9moc de la capital mexiquense.<\/p>\n","protected":false},"excerpt":{"rendered":"<p>A partir de este mi\u00e9rcoles en el edificio de Rector\u00eda de la Universidad Aut\u00f3noma del Estado de M\u00e9xico se ubica un m\u00f3dulo de venta de boletos del Sal\u00f3n del Autom\u00f3vil. Arte y Cultura, evento que se llevar\u00e1 a cabo los d\u00edas 23 y 24 de enero, con el objetivo difundir el arte y la cultura a trav\u00e9s del autom\u00f3vil.<\/p>\n","protected":false},"author":3,"featured_media":250781,"comment_status":"open","ping_status":"open","sticky":false,"template":"","format":"standard","meta":{"_monsterinsights_skip_tracking":false,"_monsterinsights_sitenote_active":false,"_monsterinsights_sitenote_note":"","_monsterinsights_sitenote_category":0,"footnotes":""},"categories":[35155],"tags":[23037,20593,1491,13047],"class_list":["post-250705","post","type-post","status-publish","format-standard","has-post-thumbnail","hentry","category-estado-de-mexico-estado-de-mexico","tag-boletos","tag-rectoria","tag-uaem","tag-venta"],"_links":{"self":[{"href":"https:\/\/www.diarioimagen.net\/index.php?rest_route=\/wp\/v2\/posts\/250705","targetHints":{"allow":["GET"]}}],"collection":[{"href":"https:\/\/www.diarioimagen.net\/index.php?rest_route=\/wp\/v2\/posts"}],"about":[{"href":"https:\/\/www.diarioimagen.net\/index.php?rest_route=\/wp\/v2\/types\/post"}],"author":[{"embeddable":true,"href":"https:\/\/www.diarioimagen.net\/index.php?rest_route=\/wp\/v2\/users\/3"}],"replies":[{"embeddable":true,"href":"https:\/\/www.diarioimagen.net\/index.php?rest_route=%2Fwp%2Fv2%2Fcomments&post=250705"}],"version-history":[{"count":0,"href":"https:\/\/www.diarioimagen.net\/index.php?rest_route=\/wp\/v2\/posts\/250705\/revisions"}],"wp:featuredmedia":[{"embeddable":true,"href":"https:\/\/www.diarioimagen.net\/index.php?rest_route=\/wp\/v2\/media\/250781"}],"wp:attachment":[{"href":"https:\/\/www.diarioimagen.net\/index.php?rest_route=%2Fwp%2Fv2%2Fmedia&parent=250705"}],"wp:term":[{"taxonomy":"category","embeddable":true,"href":"https:\/\/www.diarioimagen.net\/index.php?rest_route=%2Fwp%2Fv2%2Fcategories&post=250705"},{"taxonomy":"post_tag","embeddable":true,"href":"https:\/\/www.diarioimagen.net\/index.php?rest_route=%2Fwp%2Fv2%2Ftags&post=250705"}],"curies":[{"name":"wp","href":"https:\/\/api.w.org\/{rel}","templated":true}]}}