{"id":250707,"date":"2016-01-13T00:02:21","date_gmt":"2016-01-13T06:02:21","guid":{"rendered":"http:\/\/www.diarioimagen.net\/?p=250707"},"modified":"2016-01-15T02:10:59","modified_gmt":"2016-01-15T08:10:59","slug":"celebrara-legislatura-periodo-extraordinario-para-convocar-a-nueva-eleccion-en-chiautla","status":"publish","type":"post","link":"https:\/\/www.diarioimagen.net\/?p=250707","title":{"rendered":"Celebrar\u00e1 Legislatura periodo extraordinario para convocar a nueva elecci\u00f3n en Chiautla"},"content":{"rendered":"<p><a href=\"http:\/\/www.diarioimagen.net\/?attachment_id=250784\" rel=\"attachment wp-att-250784\"><img loading=\"lazy\" decoding=\"async\" class=\"aligncenter size-large wp-image-250784\" src=\"http:\/\/www.diarioimagen.net\/wp-content\/uploads\/2016\/01\/LEGISLATURA-2781-420x236.jpg\" alt=\"LEGISLATURA-2781\" width=\"420\" height=\"236\" srcset=\"https:\/\/www.diarioimagen.net\/wp-content\/uploads\/2016\/01\/LEGISLATURA-2781-420x236.jpg 420w, https:\/\/www.diarioimagen.net\/wp-content\/uploads\/2016\/01\/LEGISLATURA-2781-240x135.jpg 240w, https:\/\/www.diarioimagen.net\/wp-content\/uploads\/2016\/01\/LEGISLATURA-2781-235x132.jpg 235w, https:\/\/www.diarioimagen.net\/wp-content\/uploads\/2016\/01\/LEGISLATURA-2781-202x114.jpg 202w, https:\/\/www.diarioimagen.net\/wp-content\/uploads\/2016\/01\/LEGISLATURA-2781-350x196.jpg 350w, https:\/\/www.diarioimagen.net\/wp-content\/uploads\/2016\/01\/LEGISLATURA-2781-220x123.jpg 220w, https:\/\/www.diarioimagen.net\/wp-content\/uploads\/2016\/01\/LEGISLATURA-2781-237x132.jpg 237w, https:\/\/www.diarioimagen.net\/wp-content\/uploads\/2016\/01\/LEGISLATURA-2781.jpg 480w\" sizes=\"auto, (max-width: 420px) 100vw, 420px\" \/><\/a><\/p>\n<p>&nbsp;<\/p>\n<p>La Diputaci\u00f3n Permanente convoc\u00f3 al Primer Periodo Extraordinario de Sesiones de la LIX Legislatura mexiquense, para resolver la iniciativa de decreto por la que se convoca a elecci\u00f3n extraordinaria de Chiautla.<\/p>\n<p>En sesi\u00f3n presidida por la diputada Patricia Dur\u00e1n Reveles, la iniciativa dispensada del tr\u00e1mite de dictamen y aprobada por unanimidad de votos, establece en su exposici\u00f3n de motivos que la LIX Legislatura qued\u00f3 impuesta de la resoluci\u00f3n de los recursos de reconsideraci\u00f3n identificados con las claves SUP-REC-1092\/2015 y SUP-REC-1095\/2015, de fecha 22 de diciembre de 2015, emitida por la Sala Superior del TEPJF, en la que confirma la invalidez de la elecci\u00f3n del ayuntamiento de Chiautla.<\/p>\n","protected":false},"excerpt":{"rendered":"<p>La Diputaci\u00f3n Permanente convoc\u00f3 al Primer Periodo Extraordinario de Sesiones de la LIX Legislatura mexiquense, para resolver la iniciativa de decreto por la que se convoca a elecci\u00f3n extraordinaria de Chiautla.<\/p>\n","protected":false},"author":3,"featured_media":250784,"comment_status":"open","ping_status":"open","sticky":false,"template":"","format":"standard","meta":{"_monsterinsights_skip_tracking":false,"_monsterinsights_sitenote_active":false,"_monsterinsights_sitenote_note":"","_monsterinsights_sitenote_category":0,"footnotes":""},"categories":[35155],"tags":[43675,1752],"class_list":["post-250707","post","type-post","status-publish","format-standard","has-post-thumbnail","hentry","category-estado-de-mexico-estado-de-mexico","tag-estado-de-mexico","tag-legislatura"],"_links":{"self":[{"href":"https:\/\/www.diarioimagen.net\/index.php?rest_route=\/wp\/v2\/posts\/250707","targetHints":{"allow":["GET"]}}],"collection":[{"href":"https:\/\/www.diarioimagen.net\/index.php?rest_route=\/wp\/v2\/posts"}],"about":[{"href":"https:\/\/www.diarioimagen.net\/index.php?rest_route=\/wp\/v2\/types\/post"}],"author":[{"embeddable":true,"href":"https:\/\/www.diarioimagen.net\/index.php?rest_route=\/wp\/v2\/users\/3"}],"replies":[{"embeddable":true,"href":"https:\/\/www.diarioimagen.net\/index.php?rest_route=%2Fwp%2Fv2%2Fcomments&post=250707"}],"version-history":[{"count":0,"href":"https:\/\/www.diarioimagen.net\/index.php?rest_route=\/wp\/v2\/posts\/250707\/revisions"}],"wp:featuredmedia":[{"embeddable":true,"href":"https:\/\/www.diarioimagen.net\/index.php?rest_route=\/wp\/v2\/media\/250784"}],"wp:attachment":[{"href":"https:\/\/www.diarioimagen.net\/index.php?rest_route=%2Fwp%2Fv2%2Fmedia&parent=250707"}],"wp:term":[{"taxonomy":"category","embeddable":true,"href":"https:\/\/www.diarioimagen.net\/index.php?rest_route=%2Fwp%2Fv2%2Fcategories&post=250707"},{"taxonomy":"post_tag","embeddable":true,"href":"https:\/\/www.diarioimagen.net\/index.php?rest_route=%2Fwp%2Fv2%2Ftags&post=250707"}],"curies":[{"name":"wp","href":"https:\/\/api.w.org\/{rel}","templated":true}]}}