{"id":250829,"date":"2016-01-14T00:07:33","date_gmt":"2016-01-14T06:07:33","guid":{"rendered":"http:\/\/www.diarioimagen.net\/?p=250829"},"modified":"2016-01-14T23:29:02","modified_gmt":"2016-01-15T05:29:02","slug":"la-permanente-avala-viaje-de-pena-nieto-a-paises-arabes-y-a-davos","status":"publish","type":"post","link":"https:\/\/www.diarioimagen.net\/?p=250829","title":{"rendered":"Congreso avala viaje de EPN a Emiratos \u00c1rabes Unidos y a Davos"},"content":{"rendered":"<ul>\n<li><strong><em>Del 15 al 23 de enero<\/em><\/strong><\/li>\n<\/ul>\n<p>&nbsp;<\/p>\n<div id=\"attachment_250830\" style=\"width: 430px\" class=\"wp-caption aligncenter\"><a href=\"http:\/\/www.diarioimagen.net\/?attachment_id=250830\" rel=\"attachment wp-att-250830\"><img loading=\"lazy\" decoding=\"async\" aria-describedby=\"caption-attachment-250830\" class=\"wp-image-250830 size-large\" src=\"http:\/\/www.diarioimagen.net\/wp-content\/uploads\/2016\/01\/VIAJE-portal-420x245.jpg\" alt=\"El presidente Enrique Pe\u00f1a Nieto viajar\u00e1 a los Estados de Arabia Saudita, Emiratos \u00c1rabes Unidos, Kuwait y Qatar, as\u00ed como a Suiza, para asistir al Foro Econ\u00f3mico Mundial.\" width=\"420\" height=\"245\" srcset=\"https:\/\/www.diarioimagen.net\/wp-content\/uploads\/2016\/01\/VIAJE-portal-420x245.jpg 420w, https:\/\/www.diarioimagen.net\/wp-content\/uploads\/2016\/01\/VIAJE-portal-240x140.jpg 240w, https:\/\/www.diarioimagen.net\/wp-content\/uploads\/2016\/01\/VIAJE-portal.jpg 480w\" sizes=\"auto, (max-width: 420px) 100vw, 420px\" \/><\/a><p id=\"caption-attachment-250830\" class=\"wp-caption-text\">El presidente Enrique Pe\u00f1a Nieto viajar\u00e1 a los Estados de Arabia Saudita, Emiratos \u00c1rabes Unidos, Kuwait y Qatar, as\u00ed como a Suiza, para asistir al Foro Econ\u00f3mico Mundial.<\/p><\/div>\n<p>&nbsp;<\/p>\n<p>La Comisi\u00f3n Permanente del Congreso de la Uni\u00f3n aprob\u00f3 el viaje del presidente Enrique Pe\u00f1a Nieto a los Estados de Arabia Saudita, Emiratos \u00c1rabes Unidos, Kuwait y Qatar, as\u00ed como a la Reuni\u00f3n Anual 2016 del Foro Econ\u00f3mico Mundial, en Davos, Suiza.<\/p>\n<p>Despu\u00e9s de que los legisladores fijaron posicionamientos sobre este viaje que realizar\u00e1 el mandatario mexicano, del 15 al 23 de enero, el punto de acuerdo se aprob\u00f3 con 35 votos a favor, uno en contra y una abstenci\u00f3n.<\/p>\n<p>El senador David Penchyna Grub, al fijar su postura del PRI, se\u00f1al\u00f3 que la asistencia del jefe del Ejecutivo a Arabia Saudita, Emiratos \u00c1rabes Unidos, Kuwait y Qatar se enmarca en un contexto en el que el precio del petr\u00f3leo ha experimentado una ca\u00edda estrepitosa.<\/p>\n<p>Se\u00f1al\u00f3 que los acuerdos que se generen en dicha visita repercutir\u00e1n en el marco de la Reuni\u00f3n del Foro Econ\u00f3mico Mundial, y celebr\u00f3 -a nombre de los pri\u00edstas- que este tipo de encuentros se hagan en aras de la competitividad y el desarrollo del pa\u00eds.<\/p>\n<p>\u201cEsta gira no s\u00f3lo es oportuna sino que es responsable y encara los retos de tiempos dif\u00edciles de la econom\u00eda. Los tiempos dif\u00edciles de la econom\u00eda no son una exclusiva de la econom\u00eda mexicana, son signos que est\u00e1n marcando esta d\u00e9cada de una manera diferente y que nos debe demostrar a todos que podemos hacer mejor las cosas y enfrentarlo con el reto de apostarle a la competitividad\u201d.<\/p>\n<p>Destac\u00f3 que pese a la situaci\u00f3n econ\u00f3mica adversa mundial, M\u00e9xico se coloca como de las pocas naciones que est\u00e1 en la perspectiva de un crecimiento econ\u00f3mico, que si bien no es suficiente, como ha afirmado el propio Ejecutivo federal, es una econom\u00eda que nos marca un rumbo.<\/p>\n<p>Es una econom\u00eda \u201cque nos demuestra que estamos con los fundamentales correctos, con responsabilidad y con visi\u00f3n de futuro\u201d, dijo el legislador del Partido Revolucionario Institucional (PRI).<\/p>\n<p>Explic\u00f3 que asistir antes del foro de Davos, Suiza a los pa\u00edses \u00e1rabes, donde el debate importante de la gira ser\u00e1 el entorno econ\u00f3mico mundial, la presi\u00f3n de las monedas, el costo que ha tenido para muchas econom\u00edas de la ca\u00edda del precio del crudo, \u201ces un momento clave para no bajar los brazos\u201d.<\/p>\n<p>\u201cPara poder demostrar al mundo y poder aprovechar esas reformas que con visi\u00f3n de futuro generacional se establecieron apost\u00e1ndole a la competitividad y apost\u00e1ndole a generar la mejor medicina que una econom\u00eda puede tener, como la mexicana, que es la receta del empleo\u201d.<\/p>\n<p>Destac\u00f3 que hoy, pese a una ca\u00edda brutal en los precios de los hidrocarburos, M\u00e9xico ha generado m\u00e1s empleos, \u201choy pese a ello nuestra distribuci\u00f3n en materia de renta petrolera ha tenido una sustituci\u00f3n de un M\u00e9xico responsable que ha aumentado la recaudaci\u00f3n a partir de una ca\u00edda dram\u00e1tica de los precios del petr\u00f3leo\u201d.<\/p>\n<p>0En tanto que la diputada del Partido Verde Ecologista de M\u00e9xico (PVEM), Jorgina Gaxiola Lezama, destac\u00f3 que el presidente Pe\u00f1a Nieto ha concebido la pol\u00edtica exterior como un instrumento para promover el desarrollo del pa\u00eds.<\/p>\n<p>Adem\u00e1s, afirm\u00f3 que el mandatario federal tiene como prioridad impulsar los lazos con pa\u00edses productores de petr\u00f3leo m\u00e1s importantes con el fin de analizar el contexto econ\u00f3mico en materia energ\u00e9tica.<\/p>\n<p>A su vez, el senador del Partido Acci\u00f3n Nacional (PAN), Daniel \u00c1vila Ruiz, se manifest\u00f3 a favor del viaje del presidente aunque opin\u00f3 que se deber establecer una estrategia diplom\u00e1tica para evitar cancelar salidas como asistir al cambio de gobierno en Guatemala, \u201cy a \u00faltima hora cambiar la agenda para asistir al Foro Econ\u00f3mico de Davos, Suiza\u201d.<\/p>\n<p>El voto en contra fue de la coordinadora de los diputados de Morena, Roc\u00edo Nahle Garc\u00eda, quien consider\u00f3 que se deber\u00eda conocer puntualmente la agenda del presidente para este viaje y los temas que abordar\u00e1 con los pa\u00edses \u00e1rabes principales productores de crudo.<\/p>\n<p>&nbsp;<\/p>\n<p>Llegada del Airbus 380 refleja inter\u00e9s mundial por M\u00e9xico, destaca EPN<\/p>\n<p>&nbsp;<\/p>\n<p>La llegada a M\u00e9xico del Airbus 380 de AirFrance, considerado el avi\u00f3n comercial m\u00e1s grande del orbe, es reflejo del creciente inter\u00e9s que a nivel mundial hay por el pa\u00eds y de la renovada relaci\u00f3n con Francia, asever\u00f3 el presidente Enrique Pe\u00f1a Nieto.<\/p>\n<p>En un mensaje que dio a conocer en su cuenta @EPN en Twitter, el mandatario se\u00f1al\u00f3 que \u201cLa presencia del avi\u00f3n comercial m\u00e1s grande del mundo, tambi\u00e9n es reflejo del creciente inter\u00e9s internacional que despierta @mexico\u201d.<\/p>\n<p>Tambi\u00e9n tuite\u00f3 que \u201cEl arribo del #Airbus380 de @AirFrance a la #CDMX es s\u00edmbolo de la renovada relaci\u00f3n entre Francia y M\u00e9xico\u201d.<\/p>\n<p>A trav\u00e9s de la misma red social, la titular de la Secretar\u00eda de Relaciones Exteriores, Claudia Ruiz Massieu Salinas, dio la bienvenida \u201cel #Airbus380 a #M\u00e9xicoGlobal, el avi\u00f3n m\u00e1s grande del mundo aterriz\u00f3 en el @AICM3\u201d.<\/p>\n<p>La canciller escribi\u00f3 en su cuenta @ruizmassieu que \u201cEl #Airbus380 operado por @AirFranceMX, tiene una capacidad de 490 pasajeros por vuelo y conectar\u00e1 diariamente la #CDMX con #Par\u00eds\u201d.<\/p>\n<p>A las 18:20 horas arrib\u00f3 al Aeropuerto Internacional de la Ciudad de M\u00e9xico (AICM) el vuelo AF438 del Airbus A380, que hab\u00eda salido del aeropuerto Charles de Gaulle de Par\u00eds, en Francia, con 516 pasajeros, 17 sobrecargos y tres pilotos.<\/p>\n","protected":false},"excerpt":{"rendered":"<p>La Comisi\u00f3n Permanente del Congreso de la Uni\u00f3n aprob\u00f3 el viaje del presidente Enrique Pe\u00f1a Nieto a los Estados de Arabia Saudita, Emiratos \u00c1rabes Unidos, Kuwait y Qatar, as\u00ed como a la Reuni\u00f3n Anual 2016 del Foro Econ\u00f3mico Mundial, en Davos, Suiza.<\/p>\n","protected":false},"author":5,"featured_media":250830,"comment_status":"open","ping_status":"open","sticky":false,"template":"","format":"standard","meta":{"_monsterinsights_skip_tracking":false,"_monsterinsights_sitenote_active":false,"_monsterinsights_sitenote_note":"","_monsterinsights_sitenote_category":0,"footnotes":""},"categories":[3],"tags":[1195,6981,18,1192,15501],"class_list":["post-250829","post","type-post","status-publish","format-standard","has-post-thumbnail","hentry","category-nacional","tag-davos","tag-emiratos-arabes-unidos","tag-enrique-pena-nieto","tag-foro-economico-mundial","tag-visita"],"_links":{"self":[{"href":"https:\/\/www.diarioimagen.net\/index.php?rest_route=\/wp\/v2\/posts\/250829","targetHints":{"allow":["GET"]}}],"collection":[{"href":"https:\/\/www.diarioimagen.net\/index.php?rest_route=\/wp\/v2\/posts"}],"about":[{"href":"https:\/\/www.diarioimagen.net\/index.php?rest_route=\/wp\/v2\/types\/post"}],"author":[{"embeddable":true,"href":"https:\/\/www.diarioimagen.net\/index.php?rest_route=\/wp\/v2\/users\/5"}],"replies":[{"embeddable":true,"href":"https:\/\/www.diarioimagen.net\/index.php?rest_route=%2Fwp%2Fv2%2Fcomments&post=250829"}],"version-history":[{"count":0,"href":"https:\/\/www.diarioimagen.net\/index.php?rest_route=\/wp\/v2\/posts\/250829\/revisions"}],"wp:featuredmedia":[{"embeddable":true,"href":"https:\/\/www.diarioimagen.net\/index.php?rest_route=\/wp\/v2\/media\/250830"}],"wp:attachment":[{"href":"https:\/\/www.diarioimagen.net\/index.php?rest_route=%2Fwp%2Fv2%2Fmedia&parent=250829"}],"wp:term":[{"taxonomy":"category","embeddable":true,"href":"https:\/\/www.diarioimagen.net\/index.php?rest_route=%2Fwp%2Fv2%2Fcategories&post=250829"},{"taxonomy":"post_tag","embeddable":true,"href":"https:\/\/www.diarioimagen.net\/index.php?rest_route=%2Fwp%2Fv2%2Ftags&post=250829"}],"curies":[{"name":"wp","href":"https:\/\/api.w.org\/{rel}","templated":true}]}}