{"id":250872,"date":"2016-01-14T00:08:42","date_gmt":"2016-01-14T06:08:42","guid":{"rendered":"http:\/\/www.diarioimagen.net\/?p=250872"},"modified":"2016-01-14T01:04:49","modified_gmt":"2016-01-14T07:04:49","slug":"recaptura-abonara-en-llegada-de-inversion","status":"publish","type":"post","link":"https:\/\/www.diarioimagen.net\/?p=250872","title":{"rendered":"Recaptura abonar\u00e1 en llegada de inversi\u00f3n"},"content":{"rendered":"<ul>\n<li><strong><em>Confianza<\/em><\/strong><\/li>\n<\/ul>\n<p>&nbsp;<\/p>\n<div id=\"attachment_250981\" style=\"width: 430px\" class=\"wp-caption aligncenter\"><a href=\"http:\/\/www.diarioimagen.net\/?attachment_id=250981\" rel=\"attachment wp-att-250981\"><img loading=\"lazy\" decoding=\"async\" aria-describedby=\"caption-attachment-250981\" class=\"size-large wp-image-250981\" src=\"http:\/\/www.diarioimagen.net\/wp-content\/uploads\/2016\/01\/ildefonso-2782-420x236.jpg\" alt=\"Ildefonso Guajardo Villarreal asegur\u00f3 que la recaptura de Joaqu\u00edn \u201cEl Chapo\u201d, Guzm\u00e1n Loera, fortalece el estado de Derecho, clave en la inversi\u00f3n extranjera.\" width=\"420\" height=\"236\" srcset=\"https:\/\/www.diarioimagen.net\/wp-content\/uploads\/2016\/01\/ildefonso-2782-420x236.jpg 420w, https:\/\/www.diarioimagen.net\/wp-content\/uploads\/2016\/01\/ildefonso-2782-240x135.jpg 240w, https:\/\/www.diarioimagen.net\/wp-content\/uploads\/2016\/01\/ildefonso-2782-235x132.jpg 235w, https:\/\/www.diarioimagen.net\/wp-content\/uploads\/2016\/01\/ildefonso-2782-202x114.jpg 202w, https:\/\/www.diarioimagen.net\/wp-content\/uploads\/2016\/01\/ildefonso-2782-350x196.jpg 350w, https:\/\/www.diarioimagen.net\/wp-content\/uploads\/2016\/01\/ildefonso-2782-220x123.jpg 220w, https:\/\/www.diarioimagen.net\/wp-content\/uploads\/2016\/01\/ildefonso-2782-237x132.jpg 237w, https:\/\/www.diarioimagen.net\/wp-content\/uploads\/2016\/01\/ildefonso-2782.jpg 480w\" sizes=\"auto, (max-width: 420px) 100vw, 420px\" \/><\/a><p id=\"caption-attachment-250981\" class=\"wp-caption-text\">Ildefonso Guajardo Villarreal asegur\u00f3 que la recaptura de Joaqu\u00edn \u201cEl Chapo\u201d, Guzm\u00e1n Loera, fortalece el estado de Derecho, clave en la inversi\u00f3n extranjera.<\/p><\/div>\n<p>&nbsp;<\/p>\n<p>El secretario de Econom\u00eda, Ildefonso Guajardo Villarreal, asegur\u00f3 que la recaptura de Joaqu\u00edn \u201cEl Chapo\u201d, Guzm\u00e1n Loera fortalece la confianza en la aplicaci\u00f3n de la ley, en el estado de Derecho, \u201clo que es importante para atraer inversi\u00f3n\u201d.<\/p>\n<p>El funcionario federal dijo que el golpe al capo m\u00e1s buscado \u201cabona a tener un mejor clima de justicia, seguridad y estado de Derecho\u201d.<\/p>\n<p>Sobre el entorno financiero global, el titular de la SE afirm\u00f3 que el desliz de la paridad cambiaria peso-d\u00f3lar y su posible efecto en los precios finales en productos con insumos de importaci\u00f3n \u201ces bastante limitado\u201d.<\/p>\n<p>Expuso que el tipo de cambio entre ambas monedas \u201csobrerreaccion\u00f3 en el mercado\u201d, por lo que estim\u00f3 que el tipo de cambio se situar\u00e1 entre 16 y 17 pesos por d\u00f3lar.<\/p>\n<p>\u201cEl peso ha resistido de mejor forma las tendencias globales de inestabilidad de los mercados financieros\u201d, asegur\u00f3 el funcionario federal en conferencia de prensa para hacer un balance de 2015 y los retos 2016.<\/p>\n<p>Precis\u00f3 que incluso con las condiciones econ\u00f3micas que se registran a nivel mundial, donde todas las monedas se depreciaron, el peso mexicano es de las que menos resultaron afectadas.<\/p>\n<p>El secretario coincidi\u00f3 con el gobernador del Banco de M\u00e9xico, Agust\u00edn Carstens Carstens, en el sentido de que hubo una sobrerreacci\u00f3n en el mercado del tipo de cambio.<\/p>\n<p>Insisti\u00f3 en que paulatinamente el tipo de cambio se corregir\u00e1 y fluctuar\u00e1 entre 16 y 17 pesos. \u201cNo veo condiciones para salirnos de ese margen. En materia de precios, el \u00edndice inflacionario registra de los r\u00e9cords m\u00e1s bajos en el pa\u00eds, como fue el 2.13 por ciento en 2015, algo no experimentado en la historia\u201d, expuso.<\/p>\n<p>Asimismo, el funcionario expuso que la SE mantiene la expectativa de alcanzar 30 mil millones de d\u00f3lares promedio anual por concepto de Inversi\u00f3n Extranjera Directa (IED) durante la presente administraci\u00f3n. Confi\u00f3 en que durante 2015 el monto total de IED cerrar\u00e1 entre 27 mil y 30 mil millones de d\u00f3lares.<\/p>\n","protected":false},"excerpt":{"rendered":"<p>El secretario de Econom\u00eda, Ildefonso Guajardo Villarreal, asegur\u00f3 que la recaptura de Joaqu\u00edn \u201cEl Chapo\u201d, Guzm\u00e1n Loera fortalece la confianza en la aplicaci\u00f3n de la ley, en el estado de Derecho, \u201clo que es importante para atraer inversi\u00f3n\u201d.<\/p>\n","protected":false},"author":3,"featured_media":250981,"comment_status":"open","ping_status":"open","sticky":false,"template":"","format":"standard","meta":{"_monsterinsights_skip_tracking":false,"_monsterinsights_sitenote_active":false,"_monsterinsights_sitenote_note":"","_monsterinsights_sitenote_category":0,"footnotes":""},"categories":[3],"tags":[26964,5247,2765,43673],"class_list":["post-250872","post","type-post","status-publish","format-standard","has-post-thumbnail","hentry","category-nacional","tag-ildefonso-guajardo-villarreal","tag-inversion","tag-joaquin-el-chapo-guzman-loera","tag-nacional"],"_links":{"self":[{"href":"https:\/\/www.diarioimagen.net\/index.php?rest_route=\/wp\/v2\/posts\/250872","targetHints":{"allow":["GET"]}}],"collection":[{"href":"https:\/\/www.diarioimagen.net\/index.php?rest_route=\/wp\/v2\/posts"}],"about":[{"href":"https:\/\/www.diarioimagen.net\/index.php?rest_route=\/wp\/v2\/types\/post"}],"author":[{"embeddable":true,"href":"https:\/\/www.diarioimagen.net\/index.php?rest_route=\/wp\/v2\/users\/3"}],"replies":[{"embeddable":true,"href":"https:\/\/www.diarioimagen.net\/index.php?rest_route=%2Fwp%2Fv2%2Fcomments&post=250872"}],"version-history":[{"count":0,"href":"https:\/\/www.diarioimagen.net\/index.php?rest_route=\/wp\/v2\/posts\/250872\/revisions"}],"wp:featuredmedia":[{"embeddable":true,"href":"https:\/\/www.diarioimagen.net\/index.php?rest_route=\/wp\/v2\/media\/250981"}],"wp:attachment":[{"href":"https:\/\/www.diarioimagen.net\/index.php?rest_route=%2Fwp%2Fv2%2Fmedia&parent=250872"}],"wp:term":[{"taxonomy":"category","embeddable":true,"href":"https:\/\/www.diarioimagen.net\/index.php?rest_route=%2Fwp%2Fv2%2Fcategories&post=250872"},{"taxonomy":"post_tag","embeddable":true,"href":"https:\/\/www.diarioimagen.net\/index.php?rest_route=%2Fwp%2Fv2%2Ftags&post=250872"}],"curies":[{"name":"wp","href":"https:\/\/api.w.org\/{rel}","templated":true}]}}