{"id":250881,"date":"2016-01-14T00:05:16","date_gmt":"2016-01-14T06:05:16","guid":{"rendered":"http:\/\/www.diarioimagen.net\/?p=250881"},"modified":"2016-01-14T23:28:45","modified_gmt":"2016-01-15T05:28:45","slug":"orientaran-a-jueces-en-reglas-de-bioetica","status":"publish","type":"post","link":"https:\/\/www.diarioimagen.net\/?p=250881","title":{"rendered":"Orientar\u00e1n a jueces en reglas de bio\u00e9tica"},"content":{"rendered":"<ul>\n<li><strong><em>El Derecho debe mantener la din\u00e1mica de cambio, afirma Edgar El\u00edas Aza<\/em><\/strong>r<\/li>\n<\/ul>\n<p>&nbsp;<\/p>\n<div id=\"attachment_250972\" style=\"width: 430px\" class=\"wp-caption aligncenter\"><a href=\"http:\/\/www.diarioimagen.net\/?attachment_id=250972\" rel=\"attachment wp-att-250972\"><img loading=\"lazy\" decoding=\"async\" aria-describedby=\"caption-attachment-250972\" class=\"size-large wp-image-250972\" src=\"http:\/\/www.diarioimagen.net\/wp-content\/uploads\/2016\/01\/edgar-elias-azar-2782-420x236.jpg\" alt=\"El presidente del TSJDF, Edgar El\u00edas Azar, encabez\u00f3 la firma de un convenio de colaboraci\u00f3n con la Conbio\u00e9tica, a fin de dotar a magistrados y jueces con una visi\u00f3n global, integrada y actualizada de temas relacionados con la bio\u00e9tica.\" width=\"420\" height=\"236\" srcset=\"https:\/\/www.diarioimagen.net\/wp-content\/uploads\/2016\/01\/edgar-elias-azar-2782-420x236.jpg 420w, https:\/\/www.diarioimagen.net\/wp-content\/uploads\/2016\/01\/edgar-elias-azar-2782-240x135.jpg 240w, https:\/\/www.diarioimagen.net\/wp-content\/uploads\/2016\/01\/edgar-elias-azar-2782-235x132.jpg 235w, https:\/\/www.diarioimagen.net\/wp-content\/uploads\/2016\/01\/edgar-elias-azar-2782-202x114.jpg 202w, https:\/\/www.diarioimagen.net\/wp-content\/uploads\/2016\/01\/edgar-elias-azar-2782-350x196.jpg 350w, https:\/\/www.diarioimagen.net\/wp-content\/uploads\/2016\/01\/edgar-elias-azar-2782-220x123.jpg 220w, https:\/\/www.diarioimagen.net\/wp-content\/uploads\/2016\/01\/edgar-elias-azar-2782-237x132.jpg 237w, https:\/\/www.diarioimagen.net\/wp-content\/uploads\/2016\/01\/edgar-elias-azar-2782.jpg 480w\" sizes=\"auto, (max-width: 420px) 100vw, 420px\" \/><\/a><p id=\"caption-attachment-250972\" class=\"wp-caption-text\">El presidente del TSJDF, Edgar El\u00edas Azar, encabez\u00f3 la firma de un convenio de colaboraci\u00f3n con la Conbio\u00e9tica, a fin de dotar a magistrados y jueces con una visi\u00f3n global, integrada y actualizada de temas relacionados con la bio\u00e9tica.<\/p><\/div>\n<p>&nbsp;<\/p>\n<p>El derecho debe mantener la din\u00e1mica de cambio para servir a la sociedad, adem\u00e1s de ponerse a la vanguardia para garantizar su eficacia y legitimidad, afirm\u00f3 el presidente del Tribunal Superior de Justicia del Distrito Federal (TSJDF), magistrado Edgar El\u00edas Azar.<\/p>\n<p>Durante la firma de un convenio de colaboraci\u00f3n entre el TSJDF y la Comisi\u00f3n Nacional de Bio\u00e9tica (Conbio\u00e9tica), El\u00edas Azar advirti\u00f3 que en los \u00faltimos 20 a\u00f1os se han registrado transformaciones estructurales, as\u00ed como diversos impactos generados por aportaciones cient\u00edficas, tecnol\u00f3gicas y econ\u00f3micas, lo que obliga a responder modificando el aparato normativo que rige la vida diaria en todos sus \u00f3rdenes.<\/p>\n<p>En el acto, el presidente de la Conbio\u00e9tica, Manuel Ruiz de Ch\u00e1vez, enfatiz\u00f3 la importancia de que jueces y magistrados cuenten con una visi\u00f3n global, integrada y actualizada de temas, como reproducci\u00f3n asistida, derecho a la intimidad y protecci\u00f3n de datos, grupos en situaci\u00f3n de vulnerabilidad, violencia obst\u00e9trica, derechos de las mujeres, dilemas bio\u00e9ticos y jur\u00eddicos en cuidados paliativos, consentimiento informado, asentimiento informado, inter\u00e9s superior del menor, entre otros.<\/p>\n<p>En la sede del TSJDF, el magistrado El\u00edas Azar coment\u00f3 que con el convenio de colaboraci\u00f3n se establecer\u00e1n foros de an\u00e1lisis y discusi\u00f3n para el estudio de aspectos cient\u00edficos m\u00ednimos de los alcances de la bio\u00e9tica, y se comprometi\u00f3 a que este conocimiento no s\u00f3lo quede en el \u00e1mbito del Distrito Federal, sino que trascienda a los impartidores de justicia de todo el pa\u00eds, a trav\u00e9s de la Comisi\u00f3n Nacional de Tribunales Superiores de Justicia de los Estados Unidos Mexicanos, que tambi\u00e9n preside.<\/p>\n<p>Se refiri\u00f3 a otros campos tem\u00e1ticos en los que se podr\u00eda trabajar conjuntamente a la luz del convenio signado: an\u00e1lisis jur\u00eddico y \u00e9tico en torno a las t\u00e9cnicas de reproducci\u00f3n humana asistida y gestaci\u00f3n subrogada, regulaci\u00f3n del uso recreativo de la mariguana, implicaciones jur\u00eddicas y bio\u00e9ticas en torno a la objeci\u00f3n de conciencia en los servicios de salud, entre otros.<\/p>\n<p>Se prev\u00e9, adem\u00e1s, dijo Ruiz de Ch\u00e1vez, organizar el Seminario de Bio\u00e9tica e Impartici\u00f3n de Justicia, as\u00ed como colaboraciones peri\u00f3dicas de especialistas de la Conbio\u00e9tica en la publicaci\u00f3n mensual del TSJDF, con art\u00edculos que contribuyan a enriquecer la reflexi\u00f3n jur\u00eddica.<\/p>\n<p>El titular de la Conbio\u00e9tica, que es un \u00f3rgano desconcentrado de la Secretar\u00eda de Salud del gobierno federal y cuyo prop\u00f3sito es el de promover conocimiento y la aplicaci\u00f3n de la bio\u00e9tica en el \u00e1mbito cient\u00edfico, de la tecnolog\u00eda y la salud, dijo que con la alianza estrat\u00e9gica formada con el TSJDF se refrenda el compromiso para la salvaguarda de los derechos humanos desde una perspectiva jur\u00eddica, pero tambi\u00e9n bio\u00e9tica.<\/p>\n","protected":false},"excerpt":{"rendered":"<p>El derecho debe mantener la din\u00e1mica de cambio para servir a la sociedad, adem\u00e1s de ponerse a la vanguardia para garantizar su eficacia y legitimidad, afirm\u00f3 el presidente del Tribunal Superior de Justicia del Distrito Federal (TSJDF), magistrado Edgar El\u00edas Azar.<\/p>\n","protected":false},"author":3,"featured_media":250972,"comment_status":"open","ping_status":"open","sticky":false,"template":"","format":"standard","meta":{"_monsterinsights_skip_tracking":false,"_monsterinsights_sitenote_active":false,"_monsterinsights_sitenote_note":"","_monsterinsights_sitenote_category":0,"footnotes":""},"categories":[6],"tags":[204,1925,862],"class_list":["post-250881","post","type-post","status-publish","format-standard","has-post-thumbnail","hentry","category-cd-de-mexico","tag-ciudad-de-mexico","tag-edgar-elias-azar","tag-tsjdf"],"_links":{"self":[{"href":"https:\/\/www.diarioimagen.net\/index.php?rest_route=\/wp\/v2\/posts\/250881","targetHints":{"allow":["GET"]}}],"collection":[{"href":"https:\/\/www.diarioimagen.net\/index.php?rest_route=\/wp\/v2\/posts"}],"about":[{"href":"https:\/\/www.diarioimagen.net\/index.php?rest_route=\/wp\/v2\/types\/post"}],"author":[{"embeddable":true,"href":"https:\/\/www.diarioimagen.net\/index.php?rest_route=\/wp\/v2\/users\/3"}],"replies":[{"embeddable":true,"href":"https:\/\/www.diarioimagen.net\/index.php?rest_route=%2Fwp%2Fv2%2Fcomments&post=250881"}],"version-history":[{"count":0,"href":"https:\/\/www.diarioimagen.net\/index.php?rest_route=\/wp\/v2\/posts\/250881\/revisions"}],"wp:featuredmedia":[{"embeddable":true,"href":"https:\/\/www.diarioimagen.net\/index.php?rest_route=\/wp\/v2\/media\/250972"}],"wp:attachment":[{"href":"https:\/\/www.diarioimagen.net\/index.php?rest_route=%2Fwp%2Fv2%2Fmedia&parent=250881"}],"wp:term":[{"taxonomy":"category","embeddable":true,"href":"https:\/\/www.diarioimagen.net\/index.php?rest_route=%2Fwp%2Fv2%2Fcategories&post=250881"},{"taxonomy":"post_tag","embeddable":true,"href":"https:\/\/www.diarioimagen.net\/index.php?rest_route=%2Fwp%2Fv2%2Ftags&post=250881"}],"curies":[{"name":"wp","href":"https:\/\/api.w.org\/{rel}","templated":true}]}}