{"id":250925,"date":"2016-01-14T00:07:16","date_gmt":"2016-01-14T06:07:16","guid":{"rendered":"http:\/\/www.diarioimagen.net\/?p=250925"},"modified":"2016-01-14T01:12:01","modified_gmt":"2016-01-14T07:12:01","slug":"la-ciudad-se-convierte-en-un-medio-hostil-para-ancianos","status":"publish","type":"post","link":"https:\/\/www.diarioimagen.net\/?p=250925","title":{"rendered":"La ciudad se convierte en un medio hostil para ancianos"},"content":{"rendered":"<ul>\n<li><strong><em>Barreras del entorno<\/em><\/strong><\/li>\n<\/ul>\n<p>&nbsp;<\/p>\n<p>&nbsp;<\/p>\n<p><a href=\"http:\/\/www.diarioimagen.net\/?attachment_id=250988\" rel=\"attachment wp-att-250988\"><img loading=\"lazy\" decoding=\"async\" class=\"aligncenter size-large wp-image-250988\" src=\"http:\/\/www.diarioimagen.net\/wp-content\/uploads\/2016\/01\/ancianos-2782-420x236.jpg\" alt=\"ancianos-2782\" width=\"420\" height=\"236\" srcset=\"https:\/\/www.diarioimagen.net\/wp-content\/uploads\/2016\/01\/ancianos-2782-420x236.jpg 420w, https:\/\/www.diarioimagen.net\/wp-content\/uploads\/2016\/01\/ancianos-2782-240x135.jpg 240w, https:\/\/www.diarioimagen.net\/wp-content\/uploads\/2016\/01\/ancianos-2782-235x132.jpg 235w, https:\/\/www.diarioimagen.net\/wp-content\/uploads\/2016\/01\/ancianos-2782-202x114.jpg 202w, https:\/\/www.diarioimagen.net\/wp-content\/uploads\/2016\/01\/ancianos-2782-350x196.jpg 350w, https:\/\/www.diarioimagen.net\/wp-content\/uploads\/2016\/01\/ancianos-2782-220x123.jpg 220w, https:\/\/www.diarioimagen.net\/wp-content\/uploads\/2016\/01\/ancianos-2782-237x132.jpg 237w, https:\/\/www.diarioimagen.net\/wp-content\/uploads\/2016\/01\/ancianos-2782.jpg 480w\" sizes=\"auto, (max-width: 420px) 100vw, 420px\" \/><\/a><br \/>\nEl entorno en el que se habita se cre\u00f3 sobre la base de un patr\u00f3n humano mental y f\u00edsicamente perfecto, pero que en la realidad \u00fanicamente se cumple para un porcentaje muy peque\u00f1o de la poblaci\u00f3n, reconoci\u00f3 la especialista Margarita Isabel Sena S\u00e1nchez, al hablar sobre la \u201cInaccesibilidad para personas de la tercera edad en ciudades mexicanas\u201d.<\/p>\n<p>Puntualiz\u00f3 que al llegar a la tercera edad, cuando el cuerpo y las funciones ya no responden como en la juventud, las personas se enfrentan a barreras f\u00edsicas del entorno que les imposibilitan o dificultan un normal desempe\u00f1o, en mayor medida, dentro de la sociedad.<\/p>\n<p>Entonces, enfatiz\u00f3 la docente de la UAEM, la ciudad se convierte en un medio hostil, peligroso y muy poco seguro para esta etapa evolutiva de la vida del ser humano.<\/p>\n<p>Sena S\u00e1nchez se\u00f1al\u00f3 que como norma general se debe tener en cuenta que el entorno urbano debe ser transitable por las personas mayores, es decir, debe asociarse con la facilidad de orientarse.<\/p>\n<p>Refiri\u00f3 que la Organizaci\u00f3n Mundial de la Salud lanz\u00f3 en 2007 la Gu\u00eda Mundial de las Ciudades Amigas de las Personas Mayores, en el cual se menciona lo ca\u00f3tico que resulta para las personas de la tercera edad abordar camiones de pisos altos, operativos que no esperan a que el pasajero baje o suba y carteles en su mayor\u00eda, con letras peque\u00f1as.<\/p>\n","protected":false},"excerpt":{"rendered":"<p>El entorno en el que se habita se cre\u00f3 sobre la base de un patr\u00f3n humano mental y f\u00edsicamente perfecto, pero que en la realidad \u00fanicamente se cumple para un porcentaje muy peque\u00f1o de la poblaci\u00f3n, reconoci\u00f3 la especialista Margarita Isabel Sena S\u00e1nchez, al hablar sobre la \u201cInaccesibilidad para personas de la tercera edad en ciudades mexicanas\u201d.<\/p>\n","protected":false},"author":3,"featured_media":250988,"comment_status":"open","ping_status":"open","sticky":false,"template":"","format":"standard","meta":{"_monsterinsights_skip_tracking":false,"_monsterinsights_sitenote_active":false,"_monsterinsights_sitenote_note":"","_monsterinsights_sitenote_category":0,"footnotes":""},"categories":[6],"tags":[21801,204],"class_list":["post-250925","post","type-post","status-publish","format-standard","has-post-thumbnail","hentry","category-cd-de-mexico","tag-ancianos","tag-ciudad-de-mexico"],"_links":{"self":[{"href":"https:\/\/www.diarioimagen.net\/index.php?rest_route=\/wp\/v2\/posts\/250925","targetHints":{"allow":["GET"]}}],"collection":[{"href":"https:\/\/www.diarioimagen.net\/index.php?rest_route=\/wp\/v2\/posts"}],"about":[{"href":"https:\/\/www.diarioimagen.net\/index.php?rest_route=\/wp\/v2\/types\/post"}],"author":[{"embeddable":true,"href":"https:\/\/www.diarioimagen.net\/index.php?rest_route=\/wp\/v2\/users\/3"}],"replies":[{"embeddable":true,"href":"https:\/\/www.diarioimagen.net\/index.php?rest_route=%2Fwp%2Fv2%2Fcomments&post=250925"}],"version-history":[{"count":0,"href":"https:\/\/www.diarioimagen.net\/index.php?rest_route=\/wp\/v2\/posts\/250925\/revisions"}],"wp:featuredmedia":[{"embeddable":true,"href":"https:\/\/www.diarioimagen.net\/index.php?rest_route=\/wp\/v2\/media\/250988"}],"wp:attachment":[{"href":"https:\/\/www.diarioimagen.net\/index.php?rest_route=%2Fwp%2Fv2%2Fmedia&parent=250925"}],"wp:term":[{"taxonomy":"category","embeddable":true,"href":"https:\/\/www.diarioimagen.net\/index.php?rest_route=%2Fwp%2Fv2%2Fcategories&post=250925"},{"taxonomy":"post_tag","embeddable":true,"href":"https:\/\/www.diarioimagen.net\/index.php?rest_route=%2Fwp%2Fv2%2Ftags&post=250925"}],"curies":[{"name":"wp","href":"https:\/\/api.w.org\/{rel}","templated":true}]}}