{"id":251084,"date":"2016-01-15T00:04:08","date_gmt":"2016-01-15T06:04:08","guid":{"rendered":"http:\/\/www.diarioimagen.net\/?p=251084"},"modified":"2016-01-17T22:23:22","modified_gmt":"2016-01-18T04:23:22","slug":"destinara-sep-mas-de-mil-mdp-en-becas","status":"publish","type":"post","link":"https:\/\/www.diarioimagen.net\/?p=251084","title":{"rendered":"Destinar\u00e1 SEP m\u00e1s de mil mdp en becas"},"content":{"rendered":"<ul>\n<li><strong><em>Otorgar\u00e1n 580 mil este a\u00f1o<\/em><\/strong><\/li>\n<\/ul>\n<p>&nbsp;<\/p>\n<div id=\"attachment_251155\" style=\"width: 430px\" class=\"wp-caption aligncenter\"><a href=\"http:\/\/www.diarioimagen.net\/?attachment_id=251155\" rel=\"attachment wp-att-251155\"><img loading=\"lazy\" decoding=\"async\" aria-describedby=\"caption-attachment-251155\" class=\"size-large wp-image-251155\" src=\"http:\/\/www.diarioimagen.net\/wp-content\/uploads\/2016\/01\/sep-becas-2783-420x236.jpg\" alt=\"El secretario Aurelio Nu\u00f1o Mayer anunci\u00f3 que de 415 mil becas ofertadas en 2015 este a\u00f1o pasar\u00e1 a 580 mil.\" width=\"420\" height=\"236\" srcset=\"https:\/\/www.diarioimagen.net\/wp-content\/uploads\/2016\/01\/sep-becas-2783-420x236.jpg 420w, https:\/\/www.diarioimagen.net\/wp-content\/uploads\/2016\/01\/sep-becas-2783-240x135.jpg 240w, https:\/\/www.diarioimagen.net\/wp-content\/uploads\/2016\/01\/sep-becas-2783-480x270.jpg 480w, https:\/\/www.diarioimagen.net\/wp-content\/uploads\/2016\/01\/sep-becas-2783-235x132.jpg 235w, https:\/\/www.diarioimagen.net\/wp-content\/uploads\/2016\/01\/sep-becas-2783-202x114.jpg 202w, https:\/\/www.diarioimagen.net\/wp-content\/uploads\/2016\/01\/sep-becas-2783-350x196.jpg 350w, https:\/\/www.diarioimagen.net\/wp-content\/uploads\/2016\/01\/sep-becas-2783-220x123.jpg 220w, https:\/\/www.diarioimagen.net\/wp-content\/uploads\/2016\/01\/sep-becas-2783-237x132.jpg 237w, https:\/\/www.diarioimagen.net\/wp-content\/uploads\/2016\/01\/sep-becas-2783.jpg 700w\" sizes=\"auto, (max-width: 420px) 100vw, 420px\" \/><\/a><p id=\"caption-attachment-251155\" class=\"wp-caption-text\">El secretario Aurelio Nu\u00f1o Mayer anunci\u00f3 que de 415 mil becas ofertadas en 2015 este a\u00f1o pasar\u00e1 a 580 mil.<\/p><\/div>\n<p>&nbsp;<\/p>\n<p>La Secretar\u00eda de Educaci\u00f3n invertir\u00e1 este a\u00f1o m\u00e1s de mil millones de pesos para aumentar en 40 por ciento el n\u00famero de becas para estudiantes de institutos y universidades tecnol\u00f3gicas y polit\u00e9cnicas del pa\u00eds.<\/p>\n<p>Al participar en el primer encuentro con estudiantes de ese nivel superior denominado \u201cDi\u00e1logos Sobre el Futuro de la Educaci\u00f3n en M\u00e9xico\u201d, el titular de la SEP, Aurelio Nu\u00f1o Mayer, que esa iniciativa permitir\u00e1 pasar de 415 mil becas ofertadas en 2015 a 580 mil.<\/p>\n<p>Indic\u00f3 que tambi\u00e9n se duplicar\u00e1 el n\u00famero de apoyos para alumnos interesados en viajar a Canad\u00e1 y Estados Unidos, pues es importante aprender ingl\u00e9s como segundo idioma.<\/p>\n<p>Al respecto, Salvador Jara Guerrero, subsecretario de Educaci\u00f3n Superior, detall\u00f3 que el n\u00famero de becas destinadas a esos pa\u00edses pasar\u00e1n de unas 200 a 400.<\/p>\n<p>Entre esas naciones tambi\u00e9n est\u00e1 contemplada Francia, pues la mayor\u00eda de ellas estaban dirigidas a universidades p\u00fablicas.<\/p>\n<p>Abund\u00f3 que tambi\u00e9n hay nuevas becas por emprendurismo, en las cuales los estudiantes pueden hacer estancias y pr\u00e1cticas profesionales en peque\u00f1as y medianas empresas (Pymes).<\/p>\n<p>Nu\u00f1o Mayer tambi\u00e9n adelant\u00f3 que la pr\u00f3xima semana iniciar\u00e1 una campa\u00f1a con el director del IMSS, Jos\u00e9 Antonio Gonz\u00e1lez Anaya, a fin de que todos los alumnos de estas casas de estudios puedan afiliarse y tener su n\u00famero de seguridad social de manera permanente.<\/p>\n<p>\u201cTodos ustedes tienen seguridad social y acceso al Instituto Mexicano del Seguro Social (IMSS), es una prestaci\u00f3n que tienen todos los estudiantes de educaci\u00f3n superior del pa\u00eds, pero pocos lo saben\u201d, argument\u00f3.<\/p>\n<p>Ante esas iniciativas, Nu\u00f1o Mayer subray\u00f3 que la reforma educativa es, sin duda alguna, la mayor transformaci\u00f3n de la educaci\u00f3n en M\u00e9xico en las \u00faltimas d\u00e9cadas, donde tambi\u00e9n est\u00e1n colocadas los institutos tecnol\u00f3gicas y universidad tecnol\u00f3gicas y polit\u00e9cnicas.<\/p>\n<p>\u201cUstedes, los estudiantes de los institutos tecnol\u00f3gicos y universidades tecnol\u00f3gicas y polit\u00e9cnicas forman parte de una vanguardia innovadora de M\u00e9xico. Ustedes se est\u00e1n preparando para poder ingresar a los sectores m\u00e1s din\u00e1micos de la econom\u00eda\u201d, dijo a los j\u00f3venes provenientes de diversos estados del pa\u00eds.<\/p>\n<p>&nbsp;<\/p>\n","protected":false},"excerpt":{"rendered":"<p>La Secretar\u00eda de Educaci\u00f3n invertir\u00e1 este a\u00f1o m\u00e1s de mil millones de pesos para aumentar en 40 por ciento el n\u00famero de becas para estudiantes de institutos y universidades tecnol\u00f3gicas y polit\u00e9cnicas del pa\u00eds.<\/p>\n","protected":false},"author":3,"featured_media":251155,"comment_status":"open","ping_status":"open","sticky":false,"template":"","format":"standard","meta":{"_monsterinsights_skip_tracking":false,"_monsterinsights_sitenote_active":false,"_monsterinsights_sitenote_note":"","_monsterinsights_sitenote_category":0,"footnotes":""},"categories":[3],"tags":[30144,11642,44,43673,459],"class_list":["post-251084","post","type-post","status-publish","format-standard","has-post-thumbnail","hentry","category-nacional","tag-aurelio-nuno-mayer","tag-becas","tag-mexico","tag-nacional","tag-sep"],"_links":{"self":[{"href":"https:\/\/www.diarioimagen.net\/index.php?rest_route=\/wp\/v2\/posts\/251084","targetHints":{"allow":["GET"]}}],"collection":[{"href":"https:\/\/www.diarioimagen.net\/index.php?rest_route=\/wp\/v2\/posts"}],"about":[{"href":"https:\/\/www.diarioimagen.net\/index.php?rest_route=\/wp\/v2\/types\/post"}],"author":[{"embeddable":true,"href":"https:\/\/www.diarioimagen.net\/index.php?rest_route=\/wp\/v2\/users\/3"}],"replies":[{"embeddable":true,"href":"https:\/\/www.diarioimagen.net\/index.php?rest_route=%2Fwp%2Fv2%2Fcomments&post=251084"}],"version-history":[{"count":0,"href":"https:\/\/www.diarioimagen.net\/index.php?rest_route=\/wp\/v2\/posts\/251084\/revisions"}],"wp:featuredmedia":[{"embeddable":true,"href":"https:\/\/www.diarioimagen.net\/index.php?rest_route=\/wp\/v2\/media\/251155"}],"wp:attachment":[{"href":"https:\/\/www.diarioimagen.net\/index.php?rest_route=%2Fwp%2Fv2%2Fmedia&parent=251084"}],"wp:term":[{"taxonomy":"category","embeddable":true,"href":"https:\/\/www.diarioimagen.net\/index.php?rest_route=%2Fwp%2Fv2%2Fcategories&post=251084"},{"taxonomy":"post_tag","embeddable":true,"href":"https:\/\/www.diarioimagen.net\/index.php?rest_route=%2Fwp%2Fv2%2Ftags&post=251084"}],"curies":[{"name":"wp","href":"https:\/\/api.w.org\/{rel}","templated":true}]}}