{"id":251233,"date":"2016-01-18T00:08:45","date_gmt":"2016-01-18T06:08:45","guid":{"rendered":"http:\/\/www.diarioimagen.net\/?p=251233"},"modified":"2016-01-18T23:43:24","modified_gmt":"2016-01-19T05:43:24","slug":"listo-ecatepec-para-recibir-al-papa-en-el-caracol","status":"publish","type":"post","link":"https:\/\/www.diarioimagen.net\/?p=251233","title":{"rendered":"Alistan predio para misa del Papa Francisco en\u2008Ecatepec"},"content":{"rendered":"<ul>\n<li><em><strong>Alertan sobre falsas colectas para visita<\/strong><\/em><\/li>\n<li><em><strong>Garantizada, la seguridad de los feligreses, afirma Eruviel \u00c1vila<\/strong><\/em><\/li>\n<\/ul>\n<h6>Jos\u00e9 Luis Monta\u00f1ez<\/h6>\n<p>&nbsp;<\/p>\n<div id=\"attachment_251234\" style=\"width: 430px\" class=\"wp-caption aligncenter\"><a href=\"http:\/\/www.diarioimagen.net\/?attachment_id=251234\" rel=\"attachment wp-att-251234\"><img loading=\"lazy\" decoding=\"async\" aria-describedby=\"caption-attachment-251234\" class=\"wp-image-251234 size-large\" src=\"http:\/\/www.diarioimagen.net\/wp-content\/uploads\/2016\/01\/PAPA-portal-1-420x245.jpg\" alt=\"Cientos de carteles del papa Francisco inundan las calles de Ecatepec ante su pr\u00f3xima visita programada para el 14 de febrero.\" width=\"420\" height=\"245\" srcset=\"https:\/\/www.diarioimagen.net\/wp-content\/uploads\/2016\/01\/PAPA-portal-1-420x245.jpg 420w, https:\/\/www.diarioimagen.net\/wp-content\/uploads\/2016\/01\/PAPA-portal-1-240x140.jpg 240w, https:\/\/www.diarioimagen.net\/wp-content\/uploads\/2016\/01\/PAPA-portal-1.jpg 480w\" sizes=\"auto, (max-width: 420px) 100vw, 420px\" \/><\/a><p id=\"caption-attachment-251234\" class=\"wp-caption-text\">Cientos de carteles del papa Francisco inundan las calles de Ecatepec ante su pr\u00f3xima visita programada para el 14 de febrero.<\/p><\/div>\n<p>&nbsp;<\/p>\n<p>El gobernador del Estado de M\u00e9xico, Eruviel \u00c1vila Villegas, asegur\u00f3 est\u00e1n listos para recibir y ofrecer seguridad y medidas de protecci\u00f3n civil a los fieles que lleguen desde d\u00edas antes a El Caracol.<\/p>\n<p>Es un terreno plano de 45 hect\u00e1reas, ubicado en el ex lago de Texcoco, cerca del Centro Comercial y unidad habitacional Las Am\u00e9ricas en el municipio de Ecatepec, donde el papa Francisco oficiar\u00e1 una misa el pr\u00f3ximo 14 de febrero.<\/p>\n<p>El mandatario mexiquense dijo que se trabaja para que el terreno quede listo y est\u00e1n en negociaciones con autoridades federales para que estos espacios sirvan posteriormente como canchas de futbol. \u201cla idea es que todas las acciones que se llevan a cabo sirvan al municipio\u201d.<\/p>\n<p>Abund\u00f3 que Francisco har\u00e1 un recorrido de 8.8 kil\u00f3metros del terreno conocido como \u201cBallisco\u201d \u2013frente a plaza Sendero- donde aterrizar\u00e1 el helic\u00f3ptero que lo trasladar\u00e1, al terreno de \u201cEl Caracol\u201d, por lo que trabajar\u00e1n en la adecuaci\u00f3n de esta ruta sobre la avenida Texcoco-Lecher\u00eda en cuestiones de bacheo, protecci\u00f3n civil y seguridad.<\/p>\n<p>Asimismo, el secretario general de Gobierno mexiquense, Jos\u00e9 Manzur Quiroga, coment\u00f3 que el altar que se construye en el terreno donde se oficiar\u00e1 la misa, es una r\u00e9plica de la capilla abierta que se tiene en el municipio de Tlalmanalco, municipio del Estado de M\u00e9xico.<\/p>\n<p>Decenas de personas, m\u00e1quinas de volteo y aplanadoras que entran y salen del lugar, trabajan de manera intensa en la preparaci\u00f3n del terreno que albergar\u00e1 a 300 mil fieles durante la misa.<\/p>\n<p>\u201cEcatepec te recibe con los brazos abiertos\u201d, \u201cMisionero de misericordia y paz\u201d, \u201cBienvenido Papa Francisco\u201d, son algunos de los mensajes que cuelgan en casas y postes en este municipio del Estado de M\u00e9xico, cuyos habitantes ya esperan con alegr\u00eda el mensaje del Papa Francisco.<\/p>\n<p>Los vecinos de la avenida Insurgentes a\u00fan desconocen c\u00f3mo ser\u00e1 la log\u00edstica para el ingreso a sus domicilios, los peque\u00f1os negocios a\u00fan no son informados si podr\u00e1n trabajar y la base de sitio \u201cGuerreros\u201d que se localiza en el lugar, desconoce si los retirar\u00e1n el pr\u00f3ximo 14 de febrero.<\/p>\n<p>En su mayor\u00eda, los vecinos esperan poder ver desde el techo de sus domicilios al Pont\u00edfice a su paso por la avenida Insurgentes, antes de llegar al predio donde dar\u00e1 la misa y posiblemente escuchar la misma desde sus casas, para dar prioridad a los que vienen de otros puntos.<\/p>\n<p>La propietaria de un negocio de pintura y su esposo relatan que se trata de una zona segura para el evento del papa Francisco, pues el paso de la polic\u00eda es permanente, se localiza muy cerca del lugar una base con personal de la Polic\u00eda Federal Preventiva, otro con Polic\u00eda Estatal y hace poco ingres\u00f3 la gendarmer\u00eda federal y a partir del anuncio de la visita papal la vigilancia se increment\u00f3.<\/p>\n<p>En la capilla de \u201cNuestra Se\u00f1ora de Guadalupe\u201d en la colonia Valle de An\u00e1huac, el padre del lugar invita a un grupo de fieles a participar haciendo valla para la llegada del Pont\u00edfice, para lo cual distribuy\u00f3 unas hojas donde se les piden datos generales.<\/p>\n<p>Por su parte, el obispo de la di\u00f3cesis de Ecatepec, Roberto Dom\u00ednguez, se\u00f1al\u00f3 que en este municipio se preparan con oraci\u00f3n y retiros espirituales para recibir al Santo Padre, as\u00ed como en la organizaci\u00f3n de la misa que para lo cual cada parroquia aporta y prepara a un grupo de personas que asistir\u00e1n como voluntarios \u2013entre 20 y 24 mil- que permanecer\u00e1n en las vallas.<\/p>\n<p>Abund\u00f3 que en la zona de vallas se esperan m\u00e1s de mill\u00f3n y medio de personas, mientras que en la misa multitudinaria a 300 mil, para ello, cada di\u00f3cesis se encargar\u00e1 del reparto de boletos de acceso a la misa y estos ser\u00e1n entregados por la Conferencia del Episcopado y el Comit\u00e9 Central y cada di\u00f3cesis se encargar\u00e1 de su reparto.<\/p>\n<p>Dijo que se tiene un colecta para ayudar en los gastos propios de la liturgia y de la iglesia, sin embargo, se trata de una cooperaci\u00f3n voluntaria y cada persona determina su cooperaci\u00f3n y confi\u00f3 en que pronto quede listo el terreno donde se oficiar\u00e1 la misa.<\/p>\n<p style=\"text-align: center;\"><strong>Piden estar atentos a colectas falsas ante visita del Papa <\/strong><\/p>\n<p>El coordinador general de la visita del Papa a M\u00e9xico, monse\u00f1or Eugenio Lira, convoc\u00f3 a la poblaci\u00f3n a estar atentos y no dejarse sorprender por colectas falsas malintencionadas que buscan el beneficio personal aprovechando la pr\u00f3xima visita del obispo de Roma y enfatiz\u00f3 que en su caso las colectas se realizan en las iglesias.<\/p>\n<p>\u201cHay que estar atentos; las colectas se har\u00e1n en las iglesias y por favor que nadie se deje sorprender por personas que vayan de casa en casa\u201d, detall\u00f3 durante una conferencia de prensa.<\/p>\n<p>Record\u00f3 que este fen\u00f3meno ya se ha presentado en visitas anteriores, por lo que llam\u00f3 a la gente a estar al pendiente, lo mismo que ante la eventual venta de boletos falsos para los lugares a los que acudir\u00e1 el Sumo Pont\u00edfice.<\/p>\n<p>En este sentido, puntualiz\u00f3 que se tienen contemplados distribuir cerca de un mill\u00f3n de boletos, mismos que cuando se tenga la autorizaci\u00f3n por parte de las autoridades se mostrar\u00e1n con las medidas de seguridad correspondientes para que las personas puedan distinguirlos de los boletos ap\u00f3crifos.<\/p>\n<p>Abund\u00f3 que \u00e9stos contar\u00e1n con la leyenda \u201cGratuito\u201d y contar\u00e1n con indicaciones respecto de los accesos, horarios de ingreso y aquello que no est\u00e1 permitido portar durante los actos.<\/p>\n<p>En ese sentido, agreg\u00f3 que los boletos se entregar\u00e1n hacia finales del presente mes a los obispos de las 93 di\u00f3cesis de M\u00e9xico para que cada uno los distribuya.<\/p>\n<p style=\"text-align: center;\"><strong>Presentan rutas que seguir\u00e1 el Papa <\/strong><\/p>\n<p>Por otra parte, el director de Voluntarios, Vallas y Eventos de la visita del Papa a M\u00e9xico, Roberto Delgado, detall\u00f3 el recorrido de casi 400 kil\u00f3metros que har\u00e1 el Sumo Pont\u00edfice, tanto en las sedes en la capital del pa\u00eds como en el resto de las entidades que visitar\u00e1.<\/p>\n<p>En conferencia de prensa, destac\u00f3 que los recorridos del Papa se llevar\u00e1n a cabo en papam\u00f3vil o en veh\u00edculo cerrado, dependiendo del sitio y de las previsiones realizadas por las distintas autoridades, aunque esto quedar\u00e1 sujeto a las decisiones finales del jerarca cat\u00f3lico, pero se encuentran preparados para cualquier decisi\u00f3n.<\/p>\n<p>En ese sentido, el coordinador general de la visita del Papa en M\u00e9xico, monse\u00f1or Eugenio Lira Rugarc\u00eda, detall\u00f3 que \u201cquien decide al final es el Papa. Nos explicaron muy bien que en el momento el Papa puede decir: paren el Papam\u00f3vil, y se baje\u201d.<\/p>\n<p>\u201cO que se ten\u00eda previsto un recorrido en coche cubierto y el Papa diga: no, hay mucha gente, me subo al Papam\u00f3vil. Va a haber muchas sorpresas, estamos preparados\u201d, explic\u00f3.<\/p>\n<p>En su oportunidad, Roberto Delgado detall\u00f3 que el Distrito Federal es donde se transitar\u00e1 el mayor n\u00famero de kil\u00f3metros, cercanos a 222.5 en los diversos destinos que se tienen previstos para la capital del pa\u00eds.<\/p>\n","protected":false},"excerpt":{"rendered":"<p><span style=\"color: #005497;\">Jos\u00e9 Luis Monta\u00f1ez<\/span><br \/>\n<br \/>\nEl gobernador del Estado de M\u00e9xico, Eruviel \u00c1vila Villegas, asegur\u00f3 est\u00e1n listos para recibir y ofrecer seguridad y medidas de protecci\u00f3n civil a los fieles que lleguen desde d\u00edas antes a El Caracol.<\/p>\n","protected":false},"author":5,"featured_media":251234,"comment_status":"open","ping_status":"open","sticky":false,"template":"","format":"standard","meta":{"_monsterinsights_skip_tracking":false,"_monsterinsights_sitenote_active":false,"_monsterinsights_sitenote_note":"","_monsterinsights_sitenote_category":0,"footnotes":""},"categories":[5],"tags":[454,5828,43675,27237,29873],"class_list":["post-251233","post","type-post","status-publish","format-standard","has-post-thumbnail","hentry","category-estado-de-mexico","tag-ecatepec","tag-eruviel-avila-villegas","tag-estado-de-mexico","tag-francisco","tag-papa"],"_links":{"self":[{"href":"https:\/\/www.diarioimagen.net\/index.php?rest_route=\/wp\/v2\/posts\/251233","targetHints":{"allow":["GET"]}}],"collection":[{"href":"https:\/\/www.diarioimagen.net\/index.php?rest_route=\/wp\/v2\/posts"}],"about":[{"href":"https:\/\/www.diarioimagen.net\/index.php?rest_route=\/wp\/v2\/types\/post"}],"author":[{"embeddable":true,"href":"https:\/\/www.diarioimagen.net\/index.php?rest_route=\/wp\/v2\/users\/5"}],"replies":[{"embeddable":true,"href":"https:\/\/www.diarioimagen.net\/index.php?rest_route=%2Fwp%2Fv2%2Fcomments&post=251233"}],"version-history":[{"count":0,"href":"https:\/\/www.diarioimagen.net\/index.php?rest_route=\/wp\/v2\/posts\/251233\/revisions"}],"wp:featuredmedia":[{"embeddable":true,"href":"https:\/\/www.diarioimagen.net\/index.php?rest_route=\/wp\/v2\/media\/251234"}],"wp:attachment":[{"href":"https:\/\/www.diarioimagen.net\/index.php?rest_route=%2Fwp%2Fv2%2Fmedia&parent=251233"}],"wp:term":[{"taxonomy":"category","embeddable":true,"href":"https:\/\/www.diarioimagen.net\/index.php?rest_route=%2Fwp%2Fv2%2Fcategories&post=251233"},{"taxonomy":"post_tag","embeddable":true,"href":"https:\/\/www.diarioimagen.net\/index.php?rest_route=%2Fwp%2Fv2%2Ftags&post=251233"}],"curies":[{"name":"wp","href":"https:\/\/api.w.org\/{rel}","templated":true}]}}