{"id":251248,"date":"2016-01-18T00:03:46","date_gmt":"2016-01-18T06:03:46","guid":{"rendered":"http:\/\/www.diarioimagen.net\/?p=251248"},"modified":"2016-01-18T23:43:00","modified_gmt":"2016-01-19T05:43:00","slug":"juan-carlos-baumgartner-pone-el-nombre-de-mexico-en-alto","status":"publish","type":"post","link":"https:\/\/www.diarioimagen.net\/?p=251248","title":{"rendered":"Juan Carlos Baumgartner pone el nombre de M\u00e9xico en alto"},"content":{"rendered":"<ul>\n<li><strong><em>El arquitecto demuestra que el talento de los profesionales mexicanos est\u00e1 a la altura de cualquier firma en el mundo<\/em><\/strong><\/li>\n<\/ul>\n<h6>Arturo Arellano<\/h6>\n<p>&nbsp;<\/p>\n<div id=\"attachment_251249\" style=\"width: 430px\" class=\"wp-caption aligncenter\"><a href=\"http:\/\/www.diarioimagen.net\/?attachment_id=251249\" rel=\"attachment wp-att-251249\"><img loading=\"lazy\" decoding=\"async\" aria-describedby=\"caption-attachment-251249\" class=\"wp-image-251249 size-large\" src=\"http:\/\/www.diarioimagen.net\/wp-content\/uploads\/2016\/01\/arquitecto-portal-420x245.jpg\" alt=\"\u201cQueremos que el mundo sepa que en M\u00e9xico hay profesionales a la atura de cualquiera en el mundo\u201d, expresa el arquitecto Juan Carlos Baumgartner.\" width=\"420\" height=\"245\" srcset=\"https:\/\/www.diarioimagen.net\/wp-content\/uploads\/2016\/01\/arquitecto-portal-420x245.jpg 420w, https:\/\/www.diarioimagen.net\/wp-content\/uploads\/2016\/01\/arquitecto-portal-240x140.jpg 240w, https:\/\/www.diarioimagen.net\/wp-content\/uploads\/2016\/01\/arquitecto-portal.jpg 480w\" sizes=\"auto, (max-width: 420px) 100vw, 420px\" \/><\/a><p id=\"caption-attachment-251249\" class=\"wp-caption-text\">\u201cQueremos que el mundo sepa que en M\u00e9xico hay profesionales a la atura de cualquiera en el mundo\u201d, expresa el arquitecto Juan Carlos Baumgartner.<\/p><\/div>\n<p>&nbsp;<\/p>\n<p>Juan Carlos Baumgartner es un exitoso profesional nacido en M\u00e9xico, quien curs\u00f3 la licenciatura de Arquitectura en la Universidad Nacional Aut\u00f3noma de M\u00e9xico y actualmente es socio director de Space M\u00e9xico-Latinoam\u00e9rica, firma con la que ha logrado poner el nombre de nuestro pa\u00eds muy en alto, reviviendo premios a nivel internacional, el m\u00e1s reciente de ellos el pasado mes de noviembre de parte de la Asociaci\u00f3n Brit\u00e1nica de Dise\u00f1o de Interiores, en la categor\u00eda espacios y oficinas, gracias a su proyecto para Red Bull para quienes realiz\u00f3 sus oficinas en M\u00e9xico.<\/p>\n<p>Para platicar al respecto el arquitecto platic\u00f3 en entrevista para las p\u00e1ginas de <strong>DIARIO IMAGEN<\/strong>, \u201cfue un logro muy alto para nuestra firma, pues es un premio que entrega la Asociaci\u00f3n Brit\u00e1nica de Dise\u00f1o de Interiores, es un premio internacional en distintas categor\u00edas y nosotros quedamos nominados en \u2018Relaciones Comerciales\u2019 y \u2018Dise\u00f1o de Oficinas\u2019, resultamos ganadores en esta \u00faltima por el proyecto que tuvimos para Red Bull, sus oficinas en M\u00e9xico. Es un reconocimiento para nuestra firma, pero no s\u00f3lo eso sino para el pa\u00eds, queremos que el mundo sepa que en M\u00e9xico hay profesionales a la atura de cualquiera en el mundo\u201d.<\/p>\n<p>Destac\u00f3 que su presencia es cada vez m\u00e1s fuerte con Space en el mundo \u201cSpace surge como un proyecto de amigos en el que busc\u00e1bamos poder hacer lo que nos apasiona y con ello tener la posibilidad de pagar las cuentas, hemos ido creciendo con el tiempo porque siempre hemos ofrecido realizar espacios que mejoren el desempe\u00f1o laboral de las personas y con esta idea tenemos cada vez m\u00e1s proyectos a nivel internacional, es un mercado en donde estamos presentes, estamos entrando a Europa y esto refuerza nuestro compromiso\u201d.<\/p>\n<p>Explic\u00f3 c\u00f3mo un espacio puede cambiar para mejor la actitud de quienes en \u00e9l laboran, teniendo como ejemplo las oficinas de Red Bull que les valieron el m\u00e1s reciente premio \u201clo que hacemos inicialmente es una forma de negocios m\u00e1s all\u00e1 de la arquitectura, esto ayuda a ser m\u00e1s productivo, es una herramienta de negocios. La arquitectura puede transformar a la sociedad. Los que nos buscan entienden que este es el potencial de la arquitectura, porque si s\u00f3lo quieren un espacio bonito hay muchos arquitectos para ello y lo que nosotros hacemos es convertir los lugares en un espacio competitivo en el cual es el cliente quien tiene su propio ambiente, en el caso de Red Bull no se traduce en las oficinas tradicionales, pues tenemos espacios abiertos, casual collisions, gimnasio, gameroom y un bar como recepci\u00f3n, adem\u00e1s de algunas bicicletas decorando techos y paredes que hacen de estas oficinas un lugar que no s\u00f3lo es divertido, sino tambi\u00e9n productivo\u201d recalc\u00f3.<\/p>\n<p>Asegur\u00f3 que en el proceso creativo de cada proyecto se toma mucho en cuanta al cliente \u201cla metodolog\u00eda es involucrar mucho al cliente y la ventaja es que la consecuencia l\u00f3gica ser\u00e1 un resultado con el que est\u00e9n contentos, qu\u00e9 es lo que quiere lograr. Tenemos alrededor de 150 proyectos al a\u00f1o, pero eso no quiere decir que no le demos la importancia a cada uno, pues cada proyecto tiene desde su diagn\u00f3stico, metodolog\u00eda y finalmente elaboraci\u00f3n con exactamente las mismas virtudes\u201d.<\/p>\n<p>Por \u00faltimo, declar\u00f3 que \u201cestas cosas (reconocimientos) sirven mucho porque regularmente la gente se enfoca en lo negativo que hay en M\u00e9xico pero hay muchos mexicanos afuera haciendo buenas cosas. Con quienes trabajamos saben que somos m\u00e1s que violencia o narcotr\u00e1fico, saben que hay empresas y profesionales de alto nivel\u201d, concluy\u00f3.<\/p>\n","protected":false},"excerpt":{"rendered":"<p>Juan Carlos Baumgartner es un exitoso profesional nacido en M\u00e9xico, quien curs\u00f3 la licenciatura de Arquitectura en la Universidad Nacional Aut\u00f3noma de M\u00e9xico y actualmente es socio director de Space M\u00e9xico-Latinoam\u00e9rica, firma con la que ha logrado poner el nombre de nuestro pa\u00eds muy en alto, reviviendo premios a nivel internacional, el m\u00e1s reciente de ellos el pasado mes de noviembre de parte de la Asociaci\u00f3n Brit\u00e1nica de Dise\u00f1o de Interiores, en la categor\u00eda espacios y oficinas, gracias a su proyecto para Red Bull para quienes realiz\u00f3 sus oficinas en M\u00e9xico.<\/p>\n","protected":false},"author":5,"featured_media":251249,"comment_status":"open","ping_status":"open","sticky":false,"template":"","format":"standard","meta":{"_monsterinsights_skip_tracking":false,"footnotes":""},"categories":[12],"tags":[48032],"class_list":["post-251248","post","type-post","status-publish","format-standard","has-post-thumbnail","hentry","category-espectaculos","tag-diseno"],"_links":{"self":[{"href":"https:\/\/www.diarioimagen.net\/index.php?rest_route=\/wp\/v2\/posts\/251248","targetHints":{"allow":["GET"]}}],"collection":[{"href":"https:\/\/www.diarioimagen.net\/index.php?rest_route=\/wp\/v2\/posts"}],"about":[{"href":"https:\/\/www.diarioimagen.net\/index.php?rest_route=\/wp\/v2\/types\/post"}],"author":[{"embeddable":true,"href":"https:\/\/www.diarioimagen.net\/index.php?rest_route=\/wp\/v2\/users\/5"}],"replies":[{"embeddable":true,"href":"https:\/\/www.diarioimagen.net\/index.php?rest_route=%2Fwp%2Fv2%2Fcomments&post=251248"}],"version-history":[{"count":0,"href":"https:\/\/www.diarioimagen.net\/index.php?rest_route=\/wp\/v2\/posts\/251248\/revisions"}],"wp:featuredmedia":[{"embeddable":true,"href":"https:\/\/www.diarioimagen.net\/index.php?rest_route=\/wp\/v2\/media\/251249"}],"wp:attachment":[{"href":"https:\/\/www.diarioimagen.net\/index.php?rest_route=%2Fwp%2Fv2%2Fmedia&parent=251248"}],"wp:term":[{"taxonomy":"category","embeddable":true,"href":"https:\/\/www.diarioimagen.net\/index.php?rest_route=%2Fwp%2Fv2%2Fcategories&post=251248"},{"taxonomy":"post_tag","embeddable":true,"href":"https:\/\/www.diarioimagen.net\/index.php?rest_route=%2Fwp%2Fv2%2Ftags&post=251248"}],"curies":[{"name":"wp","href":"https:\/\/api.w.org\/{rel}","templated":true}]}}