{"id":251283,"date":"2016-01-18T00:10:57","date_gmt":"2016-01-18T06:10:57","guid":{"rendered":"http:\/\/www.diarioimagen.net\/?p=251283"},"modified":"2016-01-18T02:59:01","modified_gmt":"2016-01-18T08:59:01","slug":"capacita-la-pgjem-sobre-la-extincion-de-dominio","status":"publish","type":"post","link":"https:\/\/www.diarioimagen.net\/?p=251283","title":{"rendered":"Capacita la PGJEM sobre la extinci\u00f3n de dominio"},"content":{"rendered":"<ul>\n<li><strong><em>Clausura Alejandro G\u00f3mez curso<\/em><\/strong><\/li>\n<\/ul>\n<p>&nbsp;<\/p>\n<div id=\"attachment_251404\" style=\"width: 430px\" class=\"wp-caption aligncenter\"><a href=\"http:\/\/www.diarioimagen.net\/?attachment_id=251404\" rel=\"attachment wp-att-251404\"><img loading=\"lazy\" decoding=\"async\" aria-describedby=\"caption-attachment-251404\" class=\"size-large wp-image-251404\" src=\"http:\/\/www.diarioimagen.net\/wp-content\/uploads\/2016\/01\/dominio-2784-420x236.jpg\" alt=\"El Procurador General de Justicia del Estado de M\u00e9xico clausur\u00f3 el curso \u201cEjercicio de la Acci\u00f3n de Extinci\u00f3n de Dominio, Abandono de Bienes y Operaciones con Recursos de Procedencia Il\u00edcita\u201d.\" width=\"420\" height=\"236\" srcset=\"https:\/\/www.diarioimagen.net\/wp-content\/uploads\/2016\/01\/dominio-2784-420x236.jpg 420w, https:\/\/www.diarioimagen.net\/wp-content\/uploads\/2016\/01\/dominio-2784-240x135.jpg 240w, https:\/\/www.diarioimagen.net\/wp-content\/uploads\/2016\/01\/dominio-2784-235x132.jpg 235w, https:\/\/www.diarioimagen.net\/wp-content\/uploads\/2016\/01\/dominio-2784-202x114.jpg 202w, https:\/\/www.diarioimagen.net\/wp-content\/uploads\/2016\/01\/dominio-2784-350x196.jpg 350w, https:\/\/www.diarioimagen.net\/wp-content\/uploads\/2016\/01\/dominio-2784-220x123.jpg 220w, https:\/\/www.diarioimagen.net\/wp-content\/uploads\/2016\/01\/dominio-2784-237x132.jpg 237w, https:\/\/www.diarioimagen.net\/wp-content\/uploads\/2016\/01\/dominio-2784.jpg 480w\" sizes=\"auto, (max-width: 420px) 100vw, 420px\" \/><\/a><p id=\"caption-attachment-251404\" class=\"wp-caption-text\">El Procurador General de Justicia del Estado de M\u00e9xico clausur\u00f3 el curso \u201cEjercicio de la Acci\u00f3n de Extinci\u00f3n de Dominio, Abandono de Bienes y Operaciones con Recursos de Procedencia Il\u00edcita\u201d.<\/p><\/div>\n<p>&nbsp;<\/p>\n<p><strong>Toluca, Estado de M\u00e9xico<\/strong>.- El procurador general de Justicia del Estado de M\u00e9xico (PGJEM), Alejandro G\u00f3mez, clausur\u00f3 el curso \u201cEjercicio de la Acci\u00f3n de Extinci\u00f3n de Dominio, Abandono de Bienes y Operaciones con Recursos de Procedencia Il\u00edcita\u201d, impartido por personal de la Unidad Especializada de Inteligencia Patrimonial y Financiera de esta instituci\u00f3n, para servidores p\u00fablicos de las Procuradur\u00edas de Justicia de los estados de Michoac\u00e1n, Jalisco y San Luis Potos\u00ed.<\/p>\n<p>Dijo que uno de los objetivos en materia de procuraci\u00f3n de justicia, es el combate frontal y eficaz a todas las expresiones de criminalidad, as\u00ed como la desarticulaci\u00f3n de los grupos delictivos al atacar su estructura financiera. Adem\u00e1s, coment\u00f3 que no basta con ejercitar acci\u00f3n penal y lograr el encarcelamiento del probable responsable, ya que el Ministerio P\u00fablico tiene que ir m\u00e1s all\u00e1, tiene que lograr el decomiso de los bienes, la extinci\u00f3n de dominio y abrir las investigaciones correspondientes por recursos de procedencia il\u00edcita desde el punto de vista local.<\/p>\n<p>El titular de la PGJEM explic\u00f3 que el curso \u201cEjercicio de la Acci\u00f3n de Extinci\u00f3n de Dominio, Abandono de Bienes y Operaciones con Recursos de Procedencia Il\u00edcita\u201d, impartido por personal de la Procuradur\u00eda estatal, se realiz\u00f3 con la finalidad de que los servidores p\u00fablicos de las procuradur\u00edas de Michoac\u00e1n, Jalisco, San Luis Potos\u00ed, y Estado de M\u00e9xico externaran sus dudas e intercambiaran experiencias sobre el tema de extinci\u00f3n de dominio.<\/p>\n<p>Por su parte, Rafael Castellanos, fiscal Central del estado de Jalisco, se\u00f1al\u00f3 que la extinci\u00f3n de dominio es una forma de atacar a la delincuencia, extinguir sus capitales, y apropiar para la hacienda p\u00fablica los bienes abandonados por la delincuencia.<\/p>\n","protected":false},"excerpt":{"rendered":"<p>El procurador general de Justicia del Estado de M\u00e9xico (PGJEM), Alejandro G\u00f3mez, clausur\u00f3 el curso \u201cEjercicio de la Acci\u00f3n de Extinci\u00f3n de Dominio, Abandono de Bienes y Operaciones con Recursos de Procedencia Il\u00edcita\u201d, impartido por personal de la Unidad Especializada de Inteligencia Patrimonial y Financiera de esta instituci\u00f3n, para servidores p\u00fablicos de las Procuradur\u00edas de Justicia de los estados de Michoac\u00e1n, Jalisco y San Luis Potos\u00ed.<\/p>\n","protected":false},"author":3,"featured_media":251404,"comment_status":"open","ping_status":"open","sticky":false,"template":"","format":"standard","meta":{"_monsterinsights_skip_tracking":false,"_monsterinsights_sitenote_active":false,"_monsterinsights_sitenote_note":"","_monsterinsights_sitenote_category":0,"footnotes":""},"categories":[5],"tags":[43675,2019,8599,452],"class_list":["post-251283","post","type-post","status-publish","format-standard","has-post-thumbnail","hentry","category-estado-de-mexico","tag-estado-de-mexico","tag-pgjem","tag-procurador-general-de-justicia-del-estado-de-mexico","tag-toluca"],"_links":{"self":[{"href":"https:\/\/www.diarioimagen.net\/index.php?rest_route=\/wp\/v2\/posts\/251283","targetHints":{"allow":["GET"]}}],"collection":[{"href":"https:\/\/www.diarioimagen.net\/index.php?rest_route=\/wp\/v2\/posts"}],"about":[{"href":"https:\/\/www.diarioimagen.net\/index.php?rest_route=\/wp\/v2\/types\/post"}],"author":[{"embeddable":true,"href":"https:\/\/www.diarioimagen.net\/index.php?rest_route=\/wp\/v2\/users\/3"}],"replies":[{"embeddable":true,"href":"https:\/\/www.diarioimagen.net\/index.php?rest_route=%2Fwp%2Fv2%2Fcomments&post=251283"}],"version-history":[{"count":0,"href":"https:\/\/www.diarioimagen.net\/index.php?rest_route=\/wp\/v2\/posts\/251283\/revisions"}],"wp:featuredmedia":[{"embeddable":true,"href":"https:\/\/www.diarioimagen.net\/index.php?rest_route=\/wp\/v2\/media\/251404"}],"wp:attachment":[{"href":"https:\/\/www.diarioimagen.net\/index.php?rest_route=%2Fwp%2Fv2%2Fmedia&parent=251283"}],"wp:term":[{"taxonomy":"category","embeddable":true,"href":"https:\/\/www.diarioimagen.net\/index.php?rest_route=%2Fwp%2Fv2%2Fcategories&post=251283"},{"taxonomy":"post_tag","embeddable":true,"href":"https:\/\/www.diarioimagen.net\/index.php?rest_route=%2Fwp%2Fv2%2Ftags&post=251283"}],"curies":[{"name":"wp","href":"https:\/\/api.w.org\/{rel}","templated":true}]}}