{"id":251287,"date":"2016-01-18T00:06:03","date_gmt":"2016-01-18T06:06:03","guid":{"rendered":"http:\/\/www.diarioimagen.net\/?p=251287"},"modified":"2016-01-18T23:43:13","modified_gmt":"2016-01-19T05:43:13","slug":"reforma-energetica-ayuda-al-ambiente-eruviel-avila","status":"publish","type":"post","link":"https:\/\/www.diarioimagen.net\/?p=251287","title":{"rendered":"Reforma energ\u00e9tica ayuda al ambiente: Eruviel \u00c1vila"},"content":{"rendered":"<ul>\n<li><strong><em>Para 2024, el 35% de la electricidad provendr\u00e1 de fuentes limpias<\/em><\/strong><\/li>\n<\/ul>\n<p>&nbsp;<\/p>\n<div id=\"attachment_251397\" style=\"width: 430px\" class=\"wp-caption aligncenter\"><a href=\"http:\/\/www.diarioimagen.net\/?attachment_id=251397\" rel=\"attachment wp-att-251397\"><img loading=\"lazy\" decoding=\"async\" aria-describedby=\"caption-attachment-251397\" class=\"size-large wp-image-251397\" src=\"http:\/\/www.diarioimagen.net\/wp-content\/uploads\/2016\/01\/eruviel-paneles-solares-2784-420x236.jpg\" alt=\"El gobernador Eruviel \u00c1vila Villegas asisti\u00f3 a la inauguraci\u00f3n de la F\u00e1brica de Paneles Solares IUSASOL y la primera etapa de la Central Solar Fotovoltaica \u201cDon Alejo\u201d, ambas las m\u00e1s grandes de Am\u00e9rica Latina.\" width=\"420\" height=\"236\" srcset=\"https:\/\/www.diarioimagen.net\/wp-content\/uploads\/2016\/01\/eruviel-paneles-solares-2784-420x236.jpg 420w, https:\/\/www.diarioimagen.net\/wp-content\/uploads\/2016\/01\/eruviel-paneles-solares-2784-240x135.jpg 240w, https:\/\/www.diarioimagen.net\/wp-content\/uploads\/2016\/01\/eruviel-paneles-solares-2784-235x132.jpg 235w, https:\/\/www.diarioimagen.net\/wp-content\/uploads\/2016\/01\/eruviel-paneles-solares-2784-202x114.jpg 202w, https:\/\/www.diarioimagen.net\/wp-content\/uploads\/2016\/01\/eruviel-paneles-solares-2784-350x196.jpg 350w, https:\/\/www.diarioimagen.net\/wp-content\/uploads\/2016\/01\/eruviel-paneles-solares-2784-220x123.jpg 220w, https:\/\/www.diarioimagen.net\/wp-content\/uploads\/2016\/01\/eruviel-paneles-solares-2784-237x132.jpg 237w, https:\/\/www.diarioimagen.net\/wp-content\/uploads\/2016\/01\/eruviel-paneles-solares-2784.jpg 480w\" sizes=\"auto, (max-width: 420px) 100vw, 420px\" \/><\/a><p id=\"caption-attachment-251397\" class=\"wp-caption-text\">El gobernador Eruviel \u00c1vila Villegas asisti\u00f3 a la inauguraci\u00f3n de la F\u00e1brica de Paneles Solares IUSASOL y la primera etapa de la Central Solar Fotovoltaica \u201cDon Alejo\u201d, ambas las m\u00e1s grandes de Am\u00e9rica Latina.<\/p><\/div>\n<p>&nbsp;<\/p>\n<p><strong>Jocotitl\u00e1n, Estado de M\u00e9xico<\/strong>.- Al participar en la inauguraci\u00f3n de la F\u00e1brica de Paneles Solares IUSASOL y la primera etapa de la Central Solar Fotovoltaica \u201cDon Alejo\u201d, ambas las m\u00e1s grandes de Am\u00e9rica Latina, el gobernador Eruviel \u00c1vila Villegas destac\u00f3 ante el presidente de la Rep\u00fablica, Enrique Pe\u00f1a Nieto, que las reformas transformadoras, especialmente la energ\u00e9tica, facilitan estas inversiones que permitir\u00e1n contar con un mejor ambiente y contribuir a que M\u00e9xico logre en el a\u00f1o 2024 la meta de que el 35% de la electricidad producida en el pa\u00eds provenga de fuentes limpias.<\/p>\n<p>\u201cLa reforma energ\u00e9tica aqu\u00ed se empieza a ver, aqu\u00ed se ven sus resultados, y esto nos dice que vamos caminando por la ruta correcta, las reformas transformadoras que el presidente Pe\u00f1a Nieto impuls\u00f3, muchas de ellas ya podemos recibir y apreciar sus beneficios en los rubros educativos, en medio ambiente, en telecomunicaciones, en la telefon\u00eda.<\/p>\n<p>\u201cHoy, a trav\u00e9s de este campo, de esta tecnolog\u00eda de las celdas fotovoltaicas, las reformas transformadoras son una realidad y hoy podemos apreciar sus beneficios\u201d, puntualiz\u00f3.<\/p>\n<p>Ante la se\u00f1ora Ang\u00e9lica Rivera de Pe\u00f1a; los secretarios de Econom\u00eda, Ildefonso Guajardo Villarreal y de Energ\u00eda, Pedro Joaqu\u00edn Coldwell, as\u00ed como de Carlos Peralta Quintero, presidente ejecutivo y director general de IUSA, Eruviel \u00c1vila afirm\u00f3 que el Estado de M\u00e9xico realiza su parte para mejorar el medio ambiente y, con el apoyo del gobierno de la Rep\u00fablica, se impulsan proyectos de movilidad como el Mexicable, en Ecatepec, el primer telef\u00e9rico para transporte p\u00fablico en el pa\u00eds; los sistemas Mexib\u00fas, as\u00ed como la construcci\u00f3n del Tren Interubano M\u00e9xico-Toluca, que permitir\u00e1n disminuir la emisi\u00f3n de 450 mil toneladas de di\u00f3xido de carbono.<\/p>\n<p>Por su parte, el presidente de la Rep\u00fablica, Enrique Pe\u00f1a Nieto, afirm\u00f3 que hoy M\u00e9xico tiene potencial para crecer, y con esta reforma energ\u00e9tica, se asegurar\u00e1 que el suministro de energ\u00eda el\u00e9ctrica para los hogares, el comercio y la industria sea de mayor calidad, eficiente y m\u00e1s barato, adem\u00e1s de que su producci\u00f3n sea m\u00e1s limpia, y eso vaya en armon\u00eda y respeto con el medio ambiente.<\/p>\n<p>Explic\u00f3 que Comisi\u00f3n Federal de Electricidad ha aplicado estrategias que tienen como objetivo producir energ\u00eda m\u00e1s limpia, como disminuir en un 48 por ciento el uso de combust\u00f3leo, insumo necesario para generarla, y reduciendo as\u00ed las emisiones contaminantes en un 45 por ciento.<\/p>\n<p>&nbsp;<\/p>\n","protected":false},"excerpt":{"rendered":"<p>Al participar en la inauguraci\u00f3n de la F\u00e1brica de Paneles Solares IUSASOL y la primera etapa de la Central Solar Fotovoltaica \u201cDon Alejo\u201d, ambas las m\u00e1s grandes de Am\u00e9rica Latina, el gobernador Eruviel \u00c1vila Villegas destac\u00f3 ante el presidente de la Rep\u00fablica, Enrique Pe\u00f1a Nieto, que las reformas transformadoras, especialmente la energ\u00e9tica, facilitan estas inversiones que permitir\u00e1n contar con un mejor ambiente y contribuir a que M\u00e9xico logre en el a\u00f1o 2024 la meta de que el 35% de la electricidad producida en el pa\u00eds provenga de fuentes limpias.<\/p>\n","protected":false},"author":3,"featured_media":251397,"comment_status":"open","ping_status":"open","sticky":false,"template":"","format":"standard","meta":{"_monsterinsights_skip_tracking":false,"_monsterinsights_sitenote_active":false,"_monsterinsights_sitenote_note":"","_monsterinsights_sitenote_category":0,"footnotes":""},"categories":[5],"tags":[5828,43675,4973,26447],"class_list":["post-251287","post","type-post","status-publish","format-standard","has-post-thumbnail","hentry","category-estado-de-mexico","tag-eruviel-avila-villegas","tag-estado-de-mexico","tag-jocotitlan","tag-reforma-energetica"],"_links":{"self":[{"href":"https:\/\/www.diarioimagen.net\/index.php?rest_route=\/wp\/v2\/posts\/251287","targetHints":{"allow":["GET"]}}],"collection":[{"href":"https:\/\/www.diarioimagen.net\/index.php?rest_route=\/wp\/v2\/posts"}],"about":[{"href":"https:\/\/www.diarioimagen.net\/index.php?rest_route=\/wp\/v2\/types\/post"}],"author":[{"embeddable":true,"href":"https:\/\/www.diarioimagen.net\/index.php?rest_route=\/wp\/v2\/users\/3"}],"replies":[{"embeddable":true,"href":"https:\/\/www.diarioimagen.net\/index.php?rest_route=%2Fwp%2Fv2%2Fcomments&post=251287"}],"version-history":[{"count":0,"href":"https:\/\/www.diarioimagen.net\/index.php?rest_route=\/wp\/v2\/posts\/251287\/revisions"}],"wp:featuredmedia":[{"embeddable":true,"href":"https:\/\/www.diarioimagen.net\/index.php?rest_route=\/wp\/v2\/media\/251397"}],"wp:attachment":[{"href":"https:\/\/www.diarioimagen.net\/index.php?rest_route=%2Fwp%2Fv2%2Fmedia&parent=251287"}],"wp:term":[{"taxonomy":"category","embeddable":true,"href":"https:\/\/www.diarioimagen.net\/index.php?rest_route=%2Fwp%2Fv2%2Fcategories&post=251287"},{"taxonomy":"post_tag","embeddable":true,"href":"https:\/\/www.diarioimagen.net\/index.php?rest_route=%2Fwp%2Fv2%2Ftags&post=251287"}],"curies":[{"name":"wp","href":"https:\/\/api.w.org\/{rel}","templated":true}]}}