{"id":251312,"date":"2016-01-18T00:06:43","date_gmt":"2016-01-18T06:06:43","guid":{"rendered":"http:\/\/www.diarioimagen.net\/?p=251312"},"modified":"2016-01-18T02:56:34","modified_gmt":"2016-01-18T08:56:34","slug":"disfrutan-ninos-de-metepec-festival-de-reyes","status":"publish","type":"post","link":"https:\/\/www.diarioimagen.net\/?p=251312","title":{"rendered":"Disfrutan ni\u00f1os de Metepec festival de Reyes"},"content":{"rendered":"<ul>\n<li><strong><em>Apoyo a sectores desprotegidos<\/em><\/strong><\/li>\n<\/ul>\n<p>&nbsp;<\/p>\n<div id=\"attachment_251386\" style=\"width: 430px\" class=\"wp-caption aligncenter\"><a href=\"http:\/\/www.diarioimagen.net\/?attachment_id=251386\" rel=\"attachment wp-att-251386\"><img loading=\"lazy\" decoding=\"async\" aria-describedby=\"caption-attachment-251386\" class=\"size-large wp-image-251386\" src=\"http:\/\/www.diarioimagen.net\/wp-content\/uploads\/2016\/01\/metepec-2784-420x289.jpg\" alt=\"Se compromete la presidenta del DIF-Metepec, Gabriela Bringas, a trabajar con el coraz\u00f3n por los que m\u00e1s necesitan.\" width=\"420\" height=\"289\" srcset=\"https:\/\/www.diarioimagen.net\/wp-content\/uploads\/2016\/01\/metepec-2784-420x289.jpg 420w, https:\/\/www.diarioimagen.net\/wp-content\/uploads\/2016\/01\/metepec-2784-240x165.jpg 240w, https:\/\/www.diarioimagen.net\/wp-content\/uploads\/2016\/01\/metepec-2784.jpg 700w\" sizes=\"auto, (max-width: 420px) 100vw, 420px\" \/><\/a><p id=\"caption-attachment-251386\" class=\"wp-caption-text\">Se compromete la presidenta del DIF-Metepec, Gabriela Bringas, a trabajar con el coraz\u00f3n por los que m\u00e1s necesitan.<\/p><\/div>\n<p>&nbsp;<\/p>\n<p><strong>Pueblo M\u00e1gico de Metepec, Estado de M\u00e9xico<\/strong>.-. En el marco del festival con motivo del D\u00eda de Reyes en Metepec, la presidenta honor\u00edfica del Sistema Municipal DIF, Gabriela Bringas Abarca, comprometi\u00f3 trabajar con el coraz\u00f3n por los que m\u00e1s necesitan, apoyando con entusiasmo y sensibilidad a los sectores de la poblaci\u00f3n en condici\u00f3n de vulnerabilidad.<\/p>\n<p>Ante casi tres mil asistentes que se dieron cita en el parque de la Loma de Infonavit San Francisco, la titular de la instituci\u00f3n de asistencia social, destac\u00f3 que \u201chago el compromiso p\u00fablico con el presidente municipal y con todo Metepec, que trabajaremos con el coraz\u00f3n para que todas nuestras ni\u00f1as y ni\u00f1os tengan la oportunidad de alcanzar sus sue\u00f1os, para que las mujeres no sean v\u00edctimas de la violencia, para que las mam\u00e1s y en especial las solteras puedan proveer a sus familias\u201d.<\/p>\n<p>Agreg\u00f3 que tambi\u00e9n focalizar\u00e1n esfuerzo para que las personas con discapacidad tengan igualdad de oportunidades y para que los adultos mayores est\u00e9n cuidados y apapachados como se merecen, \u201ccomo ellos lo hicieron alguna vez por nosotros\u201d.<\/p>\n","protected":false},"excerpt":{"rendered":"<p>En el marco del festival con motivo del D\u00eda de Reyes en Metepec, la presidenta honor\u00edfica del Sistema Municipal DIF, Gabriela Bringas Abarca, comprometi\u00f3 trabajar con el coraz\u00f3n por los que m\u00e1s necesitan, apoyando con entusiasmo y sensibilidad a los sectores de la poblaci\u00f3n en condici\u00f3n de vulnerabilidad.<\/p>\n","protected":false},"author":3,"featured_media":251386,"comment_status":"open","ping_status":"open","sticky":false,"template":"","format":"standard","meta":{"_monsterinsights_skip_tracking":false,"_monsterinsights_sitenote_active":false,"_monsterinsights_sitenote_note":"","_monsterinsights_sitenote_category":0,"footnotes":""},"categories":[35155],"tags":[14935,2954,43675,876],"class_list":["post-251312","post","type-post","status-publish","format-standard","has-post-thumbnail","hentry","category-estado-de-mexico-estado-de-mexico","tag-dia-de-reyes","tag-dif","tag-estado-de-mexico","tag-metepec"],"_links":{"self":[{"href":"https:\/\/www.diarioimagen.net\/index.php?rest_route=\/wp\/v2\/posts\/251312","targetHints":{"allow":["GET"]}}],"collection":[{"href":"https:\/\/www.diarioimagen.net\/index.php?rest_route=\/wp\/v2\/posts"}],"about":[{"href":"https:\/\/www.diarioimagen.net\/index.php?rest_route=\/wp\/v2\/types\/post"}],"author":[{"embeddable":true,"href":"https:\/\/www.diarioimagen.net\/index.php?rest_route=\/wp\/v2\/users\/3"}],"replies":[{"embeddable":true,"href":"https:\/\/www.diarioimagen.net\/index.php?rest_route=%2Fwp%2Fv2%2Fcomments&post=251312"}],"version-history":[{"count":0,"href":"https:\/\/www.diarioimagen.net\/index.php?rest_route=\/wp\/v2\/posts\/251312\/revisions"}],"wp:featuredmedia":[{"embeddable":true,"href":"https:\/\/www.diarioimagen.net\/index.php?rest_route=\/wp\/v2\/media\/251386"}],"wp:attachment":[{"href":"https:\/\/www.diarioimagen.net\/index.php?rest_route=%2Fwp%2Fv2%2Fmedia&parent=251312"}],"wp:term":[{"taxonomy":"category","embeddable":true,"href":"https:\/\/www.diarioimagen.net\/index.php?rest_route=%2Fwp%2Fv2%2Fcategories&post=251312"},{"taxonomy":"post_tag","embeddable":true,"href":"https:\/\/www.diarioimagen.net\/index.php?rest_route=%2Fwp%2Fv2%2Ftags&post=251312"}],"curies":[{"name":"wp","href":"https:\/\/api.w.org\/{rel}","templated":true}]}}