{"id":251316,"date":"2016-01-18T00:04:01","date_gmt":"2016-01-18T06:04:01","guid":{"rendered":"http:\/\/www.diarioimagen.net\/?p=251316"},"modified":"2016-01-18T01:53:20","modified_gmt":"2016-01-18T07:53:20","slug":"quitan-peligroso-espectacular-dentro-del-parque-naucalli","status":"publish","type":"post","link":"https:\/\/www.diarioimagen.net\/?p=251316","title":{"rendered":"Quitan peligroso espectacular dentro del Parque Naucalli"},"content":{"rendered":"<div id=\"attachment_251391\" style=\"width: 430px\" class=\"wp-caption aligncenter\"><a href=\"http:\/\/www.diarioimagen.net\/?attachment_id=251391\" rel=\"attachment wp-att-251391\"><img loading=\"lazy\" decoding=\"async\" aria-describedby=\"caption-attachment-251391\" class=\"size-large wp-image-251391\" src=\"http:\/\/www.diarioimagen.net\/wp-content\/uploads\/2016\/01\/NAUCALPAN-2784-420x236.jpg\" alt=\"Trabajadores del ayuntamiento de Ecatepec\u00a0recibieron su primera activaci\u00f3n f\u00edsica como parte de las pol\u00edticas p\u00fablicas implementadas por Indalecio R\u00edos Vel\u00e1zquez.\" width=\"420\" height=\"236\" srcset=\"https:\/\/www.diarioimagen.net\/wp-content\/uploads\/2016\/01\/NAUCALPAN-2784-420x236.jpg 420w, https:\/\/www.diarioimagen.net\/wp-content\/uploads\/2016\/01\/NAUCALPAN-2784-240x135.jpg 240w, https:\/\/www.diarioimagen.net\/wp-content\/uploads\/2016\/01\/NAUCALPAN-2784-235x132.jpg 235w, https:\/\/www.diarioimagen.net\/wp-content\/uploads\/2016\/01\/NAUCALPAN-2784-202x114.jpg 202w, https:\/\/www.diarioimagen.net\/wp-content\/uploads\/2016\/01\/NAUCALPAN-2784-350x196.jpg 350w, https:\/\/www.diarioimagen.net\/wp-content\/uploads\/2016\/01\/NAUCALPAN-2784-220x123.jpg 220w, https:\/\/www.diarioimagen.net\/wp-content\/uploads\/2016\/01\/NAUCALPAN-2784-237x132.jpg 237w, https:\/\/www.diarioimagen.net\/wp-content\/uploads\/2016\/01\/NAUCALPAN-2784.jpg 480w\" sizes=\"auto, (max-width: 420px) 100vw, 420px\" \/><\/a><p id=\"caption-attachment-251391\" class=\"wp-caption-text\">Trabajadores del ayuntamiento de Ecatepec\u00a0recibieron su primera activaci\u00f3n f\u00edsica como parte de las pol\u00edticas p\u00fablicas implementadas por Indalecio R\u00edos Vel\u00e1zquez.<\/p><\/div>\n<p>&nbsp;<\/p>\n<p><strong>Naucalpan, Estado de M\u00e9xico.- <\/strong>Atendiendo a un dictamen de riesgo emitido por Protecci\u00f3n Civil\u00a0 Municipal, adem\u00e1s de carecer de licencia para operar, este fin de semana, la Direcci\u00f3n de Desarrollo Urbano retira la estructura de un anuncio espectacular ubicado en el interior del Parque Naucalli.<\/p>\n<p>&nbsp;<\/p>\n","protected":false},"excerpt":{"rendered":"<p>Atendiendo a un dictamen de riesgo emitido por Protecci\u00f3n Civil  Municipal, adem\u00e1s de carecer de licencia para operar, este fin de semana, la Direcci\u00f3n de Desarrollo Urbano retira la estructura de un anuncio espectacular ubicado en el interior del Parque Naucalli.<\/p>\n","protected":false},"author":3,"featured_media":251391,"comment_status":"open","ping_status":"open","sticky":false,"template":"","format":"standard","meta":{"_monsterinsights_skip_tracking":false,"_monsterinsights_sitenote_active":false,"_monsterinsights_sitenote_note":"","_monsterinsights_sitenote_category":0,"footnotes":""},"categories":[35155],"tags":[43675,970,36117,48027],"class_list":["post-251316","post","type-post","status-publish","format-standard","has-post-thumbnail","hentry","category-estado-de-mexico-estado-de-mexico","tag-estado-de-mexico","tag-naucalpan","tag-parque-naucalli","tag-retiran"],"_links":{"self":[{"href":"https:\/\/www.diarioimagen.net\/index.php?rest_route=\/wp\/v2\/posts\/251316","targetHints":{"allow":["GET"]}}],"collection":[{"href":"https:\/\/www.diarioimagen.net\/index.php?rest_route=\/wp\/v2\/posts"}],"about":[{"href":"https:\/\/www.diarioimagen.net\/index.php?rest_route=\/wp\/v2\/types\/post"}],"author":[{"embeddable":true,"href":"https:\/\/www.diarioimagen.net\/index.php?rest_route=\/wp\/v2\/users\/3"}],"replies":[{"embeddable":true,"href":"https:\/\/www.diarioimagen.net\/index.php?rest_route=%2Fwp%2Fv2%2Fcomments&post=251316"}],"version-history":[{"count":0,"href":"https:\/\/www.diarioimagen.net\/index.php?rest_route=\/wp\/v2\/posts\/251316\/revisions"}],"wp:featuredmedia":[{"embeddable":true,"href":"https:\/\/www.diarioimagen.net\/index.php?rest_route=\/wp\/v2\/media\/251391"}],"wp:attachment":[{"href":"https:\/\/www.diarioimagen.net\/index.php?rest_route=%2Fwp%2Fv2%2Fmedia&parent=251316"}],"wp:term":[{"taxonomy":"category","embeddable":true,"href":"https:\/\/www.diarioimagen.net\/index.php?rest_route=%2Fwp%2Fv2%2Fcategories&post=251316"},{"taxonomy":"post_tag","embeddable":true,"href":"https:\/\/www.diarioimagen.net\/index.php?rest_route=%2Fwp%2Fv2%2Ftags&post=251316"}],"curies":[{"name":"wp","href":"https:\/\/api.w.org\/{rel}","templated":true}]}}