{"id":251367,"date":"2016-01-18T00:05:01","date_gmt":"2016-01-18T06:05:01","guid":{"rendered":"http:\/\/www.diarioimagen.net\/?p=251367"},"modified":"2016-01-18T01:40:07","modified_gmt":"2016-01-18T07:40:07","slug":"un-sueno-de-un-cuarto-siglo","status":"publish","type":"post","link":"https:\/\/www.diarioimagen.net\/?p=251367","title":{"rendered":"Un sue\u00f1o de un cuarto siglo"},"content":{"rendered":"<h2>Detr\u00e1s del Poder<\/h2>\n<h5>Jos\u00e9 Antonio L\u00f3pez Sosa<\/h5>\n<p>&nbsp;<\/p>\n<p><strong>Playa del Carmen, Q. Roo<\/strong>.- Miguel Quintana, un arquitecto visionario, de esos que M\u00e9xico necesita por su profesionalismo, creatividad, pero sobre todo amor por su tierra, comenz\u00f3 hace un cuarto de siglo con un proyecto que ten\u00eda m\u00e1s de sue\u00f1o que de realidad.<\/p>\n<p>Nos cuenta esa historia confes\u00e1ndonos que es su primera intervenci\u00f3n en p\u00fablico desde la fundaci\u00f3n de Xcaret.<\/p>\n<p>Somos unas 150 personas reunidas en uno de los escenarios del parque, arranca la comida conmemorativa de los 25 a\u00f1os de la fundaci\u00f3n de Xcaret y el arquitecto Quintana nos narra con detalle, c\u00f3mo lleg\u00f3 a este lugar de paso, pagando unos pocos pesos por nadar en un cenote y despu\u00e9s, todo es historia, leyenda y realidad.<\/p>\n<p>M\u00e1s que usar estas l\u00edneas en reconocer el \u00e9xito empresarial, cultural y regional que Xcaret y sus parques han tenido en estas d\u00e9cadas, lo m\u00e1s destacado (creo yo) es haber logrado un lugar de excelencia en todos los sentidos para el viajero, adem\u00e1s de haberse convertido en una ventana de M\u00e9xico hacia el mundo.<\/p>\n<p>Cada visitante extranjero que llega a Xcaret o alguno de sus parques, se lleva un poco del resto de nuestro pa\u00eds, de la cultura, gastronom\u00eda e idiosincrasia de nuestra patria.<\/p>\n<p>El 13 de julio de 2010, publiqu\u00e9 en este espacio una columna donde trato de explicarme la visi\u00f3n del M\u00e9xico que ve Miguel Quintana http:\/\/www.diarioimagen.net\/?p=19501, el que persigue y el que ha logrado consolidar en su entorno.<\/p>\n<p>El concepto de Xcaret y sus parques va m\u00e1s all\u00e1 de un simple parque de diversiones, es m\u00e1s grande que cualquier video de youtube o cualquier nota period\u00edstica, es m\u00e1s profundo que la explicaci\u00f3n misma de sus vestigios mayas, el concepto de Xcaret es el de un M\u00e9xico al que todos debi\u00e9ramos aspirar en nuestras distintas trincheras, ordenado, respetuoso, profesional y con una profunda admiraci\u00f3n y exaltaci\u00f3n por lo nuestro.<\/p>\n<p>Larga vida a Miguel Quintana, a su creatividad y a sus conceptos que emanaron de Xcaret y son ahora, todo un grupo representante de M\u00e9xico, del M\u00e9xico que muchos queremos.<\/p>\n<p style=\"text-align: center;\"><strong>AVIANCA CONTRA EL SECTOR<\/strong><\/p>\n<p>\u00a0Una vez m\u00e1s entre la industria tur\u00edstica Avianca es noticia, no por los cambios de maletas en aeropuertos como sucedi\u00f3 el a\u00f1o pasado, sino por haber cambiado unilateralmente sus pol\u00edticas con relaci\u00f3n a mayoristas de viajes.<\/p>\n<p>En t\u00e9rminos claros, a las agencias de viajes mayoristas que deseen acceder a tarifas preferenciales, Avianca les exigir\u00e1 un dep\u00f3sito semestral, algo as\u00ed como un pago a t\u00edtulo de nada.<\/p>\n<p>Avianca no ve, que a un lado est\u00e1 Copa Airlines, enfrente Latam, del otro lado Aerom\u00e9xico y por encima, decenas de aerol\u00edneas de los Estados Unidos que llegan a sus destinos.<\/p>\n<p><em><a href=\"http:\/\/www.lopezsosa.com\" target=\"_blank\">www.lopezsosa.com<\/a><br \/>\n<\/em><em><a href=\"mailto:joseantonio@lopezsosa.com\" target=\"_blank\">joseantonio@lopezsosa.com<\/a><\/em><br \/>\n<em><a href=\"http:\/\/twitter.com\/joseantonio1977\" target=\"_blank\">@joseantonio1977<\/a><\/em><\/p>\n","protected":false},"excerpt":{"rendered":"<p><span style=\"color: #005497;\"><strong>Jos\u00e9 Antonio L\u00f3pez Sosa<\/strong><\/span><\/p>\n","protected":false},"author":3,"featured_media":0,"comment_status":"open","ping_status":"open","sticky":false,"template":"","format":"standard","meta":{"_monsterinsights_skip_tracking":false,"_monsterinsights_sitenote_active":false,"_monsterinsights_sitenote_note":"","_monsterinsights_sitenote_category":0,"footnotes":""},"categories":[637],"tags":[638,43690,43674,2771],"class_list":["post-251367","post","type-post","status-publish","format-standard","hentry","category-jose-antonio-lopez-sosa","tag-detras-del-poder","tag-jose-antonio-lopez-sosa","tag-opinion","tag-playa-del-carmen"],"_links":{"self":[{"href":"https:\/\/www.diarioimagen.net\/index.php?rest_route=\/wp\/v2\/posts\/251367","targetHints":{"allow":["GET"]}}],"collection":[{"href":"https:\/\/www.diarioimagen.net\/index.php?rest_route=\/wp\/v2\/posts"}],"about":[{"href":"https:\/\/www.diarioimagen.net\/index.php?rest_route=\/wp\/v2\/types\/post"}],"author":[{"embeddable":true,"href":"https:\/\/www.diarioimagen.net\/index.php?rest_route=\/wp\/v2\/users\/3"}],"replies":[{"embeddable":true,"href":"https:\/\/www.diarioimagen.net\/index.php?rest_route=%2Fwp%2Fv2%2Fcomments&post=251367"}],"version-history":[{"count":0,"href":"https:\/\/www.diarioimagen.net\/index.php?rest_route=\/wp\/v2\/posts\/251367\/revisions"}],"wp:attachment":[{"href":"https:\/\/www.diarioimagen.net\/index.php?rest_route=%2Fwp%2Fv2%2Fmedia&parent=251367"}],"wp:term":[{"taxonomy":"category","embeddable":true,"href":"https:\/\/www.diarioimagen.net\/index.php?rest_route=%2Fwp%2Fv2%2Fcategories&post=251367"},{"taxonomy":"post_tag","embeddable":true,"href":"https:\/\/www.diarioimagen.net\/index.php?rest_route=%2Fwp%2Fv2%2Ftags&post=251367"}],"curies":[{"name":"wp","href":"https:\/\/api.w.org\/{rel}","templated":true}]}}