{"id":251489,"date":"2016-01-19T00:06:49","date_gmt":"2016-01-19T06:06:49","guid":{"rendered":"http:\/\/www.diarioimagen.net\/?p=251489"},"modified":"2016-01-20T00:43:32","modified_gmt":"2016-01-20T06:43:32","slug":"entrega-eruviel-avila-sistema-de-videovigilancia-de-metepec","status":"publish","type":"post","link":"https:\/\/www.diarioimagen.net\/?p=251489","title":{"rendered":"Entrega Eruviel \u00c1vila sistema de videovigilancia de Metepec"},"content":{"rendered":"<ul>\n<li><strong><em>Contar\u00e1 con 300 c\u00e1maras que fueron colocadas en lugares estrat\u00e9gicos<\/em><\/strong><\/li>\n<\/ul>\n<p>&nbsp;<\/p>\n<div id=\"attachment_251657\" style=\"width: 430px\" class=\"wp-caption aligncenter\"><a href=\"http:\/\/www.diarioimagen.net\/?attachment_id=251657\" rel=\"attachment wp-att-251657\"><img loading=\"lazy\" decoding=\"async\" aria-describedby=\"caption-attachment-251657\" class=\"size-large wp-image-251657\" src=\"http:\/\/www.diarioimagen.net\/wp-content\/uploads\/2016\/01\/eruviel-2785-420x236.jpg\" alt=\"Eruviel \u00c1vila Villegas inform\u00f3 que actualmente ya funcionan 38 Centros de Mando Municipales, proyecto en el que se han invertido m\u00e1s de 3 mil 500 millones de pesos.\" width=\"420\" height=\"236\" srcset=\"https:\/\/www.diarioimagen.net\/wp-content\/uploads\/2016\/01\/eruviel-2785-420x236.jpg 420w, https:\/\/www.diarioimagen.net\/wp-content\/uploads\/2016\/01\/eruviel-2785-240x135.jpg 240w, https:\/\/www.diarioimagen.net\/wp-content\/uploads\/2016\/01\/eruviel-2785-235x132.jpg 235w, https:\/\/www.diarioimagen.net\/wp-content\/uploads\/2016\/01\/eruviel-2785-202x114.jpg 202w, https:\/\/www.diarioimagen.net\/wp-content\/uploads\/2016\/01\/eruviel-2785-350x196.jpg 350w, https:\/\/www.diarioimagen.net\/wp-content\/uploads\/2016\/01\/eruviel-2785-220x123.jpg 220w, https:\/\/www.diarioimagen.net\/wp-content\/uploads\/2016\/01\/eruviel-2785-237x132.jpg 237w, https:\/\/www.diarioimagen.net\/wp-content\/uploads\/2016\/01\/eruviel-2785.jpg 480w\" sizes=\"auto, (max-width: 420px) 100vw, 420px\" \/><\/a><p id=\"caption-attachment-251657\" class=\"wp-caption-text\">Eruviel \u00c1vila Villegas inform\u00f3 que actualmente ya funcionan 38 Centros de Mando Municipales, proyecto en el que se han invertido m\u00e1s de 3 mil 500 millones de pesos.<\/p><\/div>\n<p>&nbsp;<\/p>\n<p><strong>Metepec, Estado de M\u00e9xico<\/strong>.- El gobernador del Estado de M\u00e9xico, Eruviel \u00c1vila Villegas, entreg\u00f3 el Centro de Mando Municipal de Metepec, que se integra a la red de 10 mil c\u00e1maras de videovigilancia conectadas entre s\u00ed por 350 kil\u00f3metros de fibra \u00f3ptica y permiten monitorear distintos puntos de la geograf\u00eda estatal, para prevenir, investigar y combatir delitos gracias a un innovador sistema centralizado y remoto de visualizaci\u00f3n, control y almacenamiento de datos.<\/p>\n<p>\u201cEstamos entregando formalmente este primer Centro de Mando Municipal, el primero de 44 que estamos construyendo. Este programa tiene contemplado, y ya se instal\u00f3 de hecho, el equivalente a 265 kil\u00f3metros de red de fibra \u00f3ptica de 350 kil\u00f3metros que va a permitir, precisamente, comunicar a los 44 municipios y tambi\u00e9n entrelazarlos con los Centros de Mando de Toluca y del Valle de M\u00e9xico\u201d, expres\u00f3.<\/p>\n<p>Eruviel \u00c1vila inform\u00f3 que actualmente ya funcionan 38 Centros de Mando Municipales, proyecto en el que se han invertido m\u00e1s de 3 mil 500 millones de pesos, operado por 311 personas debidamente capacitadas. Estos centros estar\u00e1n conectados con los Centros de Mando (C5) de Toluca y Ecatepec, que se encuentran en construcci\u00f3n.<\/p>\n<p>Eruviel \u00c1vila explic\u00f3 que esta acci\u00f3n forma parte del proyecto del sistema de videovigilancia que se ha implementado en el Edomex, a trav\u00e9s de la instalaci\u00f3n de 10 mil c\u00e1maras de este tipo y mediante el cual ya se ha logrado la captura de algunos delincuentes, adem\u00e1s de disminuir la incidencia delictiva.<\/p>\n<p>Se\u00f1al\u00f3 que este programa tambi\u00e9n contempla la instalaci\u00f3n de 25 arcos carreteros que permiten identificar las placas de los veh\u00edculos y con ello detectar cuando alguna unidad automovil\u00edstica tenga reporte de robo y dio a conocer que actualmente ya funcionan 21.<\/p>\n<p>Luego de recorrer el Centro de Mando Municipal de Metepec, acompa\u00f1ado por el presidente municipal, David L\u00f3pez C\u00e1rdenas, el titular del Ejecutivo estatal indic\u00f3 que actualmente se encuentran en proceso de edificaci\u00f3n dos C5 en Toluca y Ecatepec, que tienen un avance del 60 y 15 por ciento de construcci\u00f3n, y que se pondr\u00e1n en funcionamiento este a\u00f1o y agreg\u00f3 que para mediados de 2016 se contar\u00e1 con el Sistema de Llamadas de Emergencia 066, al cien por ciento.<\/p>\n<p>&nbsp;<\/p>\n","protected":false},"excerpt":{"rendered":"<p>El gobernador del Estado de M\u00e9xico, Eruviel \u00c1vila Villegas, entreg\u00f3 el Centro de Mando Municipal de Metepec, que se integra a la red de 10 mil c\u00e1maras de videovigilancia conectadas entre s\u00ed por 350 kil\u00f3metros de fibra \u00f3ptica y permiten monitorear distintos puntos de la geograf\u00eda estatal, para prevenir, investigar y combatir delitos gracias a un innovador sistema centralizado y remoto de visualizaci\u00f3n, control y almacenamiento de datos.<\/p>\n","protected":false},"author":3,"featured_media":251657,"comment_status":"open","ping_status":"open","sticky":false,"template":"","format":"standard","meta":{"_monsterinsights_skip_tracking":false,"_monsterinsights_sitenote_active":false,"_monsterinsights_sitenote_note":"","_monsterinsights_sitenote_category":0,"footnotes":""},"categories":[5],"tags":[24769,43675,876,29606],"class_list":["post-251489","post","type-post","status-publish","format-standard","has-post-thumbnail","hentry","category-estado-de-mexico","tag-entrega","tag-estado-de-mexico","tag-metepec","tag-videovigilancia"],"_links":{"self":[{"href":"https:\/\/www.diarioimagen.net\/index.php?rest_route=\/wp\/v2\/posts\/251489","targetHints":{"allow":["GET"]}}],"collection":[{"href":"https:\/\/www.diarioimagen.net\/index.php?rest_route=\/wp\/v2\/posts"}],"about":[{"href":"https:\/\/www.diarioimagen.net\/index.php?rest_route=\/wp\/v2\/types\/post"}],"author":[{"embeddable":true,"href":"https:\/\/www.diarioimagen.net\/index.php?rest_route=\/wp\/v2\/users\/3"}],"replies":[{"embeddable":true,"href":"https:\/\/www.diarioimagen.net\/index.php?rest_route=%2Fwp%2Fv2%2Fcomments&post=251489"}],"version-history":[{"count":0,"href":"https:\/\/www.diarioimagen.net\/index.php?rest_route=\/wp\/v2\/posts\/251489\/revisions"}],"wp:featuredmedia":[{"embeddable":true,"href":"https:\/\/www.diarioimagen.net\/index.php?rest_route=\/wp\/v2\/media\/251657"}],"wp:attachment":[{"href":"https:\/\/www.diarioimagen.net\/index.php?rest_route=%2Fwp%2Fv2%2Fmedia&parent=251489"}],"wp:term":[{"taxonomy":"category","embeddable":true,"href":"https:\/\/www.diarioimagen.net\/index.php?rest_route=%2Fwp%2Fv2%2Fcategories&post=251489"},{"taxonomy":"post_tag","embeddable":true,"href":"https:\/\/www.diarioimagen.net\/index.php?rest_route=%2Fwp%2Fv2%2Ftags&post=251489"}],"curies":[{"name":"wp","href":"https:\/\/api.w.org\/{rel}","templated":true}]}}