{"id":251520,"date":"2016-01-19T00:03:05","date_gmt":"2016-01-19T06:03:05","guid":{"rendered":"http:\/\/www.diarioimagen.net\/?p=251520"},"modified":"2016-01-19T03:34:40","modified_gmt":"2016-01-19T09:34:40","slug":"distribuyen-paquetes-invernales-en-villa-victoria","status":"publish","type":"post","link":"https:\/\/www.diarioimagen.net\/?p=251520","title":{"rendered":"Distribuyen paquetes invernales en Villa Victoria"},"content":{"rendered":"<ul>\n<li><strong><em>Apoyos de integrantes de la legislatura mexiquense<\/em><\/strong><\/li>\n<\/ul>\n<p>&nbsp;<\/p>\n<div id=\"attachment_251648\" style=\"width: 430px\" class=\"wp-caption aligncenter\"><a href=\"http:\/\/www.diarioimagen.net\/?attachment_id=251648\" rel=\"attachment wp-att-251648\"><img loading=\"lazy\" decoding=\"async\" aria-describedby=\"caption-attachment-251648\" class=\"size-large wp-image-251648\" src=\"http:\/\/www.diarioimagen.net\/wp-content\/uploads\/2016\/01\/LEGISLATURA-2785-420x236.jpg\" alt=\"La diputada del PRI Mar\u00eda Mercedes Col\u00edn Guadarrama afirm\u00f3 que seguir\u00e1 trabajando para fomentar el desarrollo econ\u00f3mico y social de la regi\u00f3n.\" width=\"420\" height=\"236\" srcset=\"https:\/\/www.diarioimagen.net\/wp-content\/uploads\/2016\/01\/LEGISLATURA-2785-420x236.jpg 420w, https:\/\/www.diarioimagen.net\/wp-content\/uploads\/2016\/01\/LEGISLATURA-2785-240x135.jpg 240w, https:\/\/www.diarioimagen.net\/wp-content\/uploads\/2016\/01\/LEGISLATURA-2785-235x132.jpg 235w, https:\/\/www.diarioimagen.net\/wp-content\/uploads\/2016\/01\/LEGISLATURA-2785-202x114.jpg 202w, https:\/\/www.diarioimagen.net\/wp-content\/uploads\/2016\/01\/LEGISLATURA-2785-350x196.jpg 350w, https:\/\/www.diarioimagen.net\/wp-content\/uploads\/2016\/01\/LEGISLATURA-2785-220x123.jpg 220w, https:\/\/www.diarioimagen.net\/wp-content\/uploads\/2016\/01\/LEGISLATURA-2785-237x132.jpg 237w, https:\/\/www.diarioimagen.net\/wp-content\/uploads\/2016\/01\/LEGISLATURA-2785.jpg 480w\" sizes=\"auto, (max-width: 420px) 100vw, 420px\" \/><\/a><p id=\"caption-attachment-251648\" class=\"wp-caption-text\">La diputada del PRI Mar\u00eda Mercedes Col\u00edn Guadarrama afirm\u00f3 que seguir\u00e1 trabajando para fomentar el desarrollo econ\u00f3mico y social de la regi\u00f3n.<\/p><\/div>\n<p>&nbsp;<\/p>\n<p>A fin de contribuir a mejorar las condiciones de los vecinos de Villa Victoria para hacer frente a las bajas temperaturas y prevenir enfermedades en esta \u00e9poca invernal, la diputada Mar\u00eda Mercedes Col\u00edn Guadarrama (PRI) entreg\u00f3 paquetes invernales consistentes en cobijas, guantes y pasamonta\u00f1as a mil 500 familias de las comunidades de San Luis el Alto, Turcio Tercera Secci\u00f3n, San Agust\u00edn Canochillas, San Agust\u00edn Altamirano, La Trampa, San Agust\u00edn Berros y Uni\u00f3n Berros.<\/p>\n<p>Acompa\u00f1ada del alcalde, Mario Santana Carbajal; el representante del gobernador Eruviel \u00c1vila Villegas en la regi\u00f3n, Jaime Z\u00fa\u00f1iga Rodr\u00edguez, e Isis Guti\u00e9rrez Salmer\u00f3n, presidenta del DIF municipal, la legisladora reiter\u00f3 su compromiso de continuar trabajando para \u201cllevar recursos y programas que impulsen la producci\u00f3n agr\u00edcola, y fomenten el desarrollo econ\u00f3mico y social de la regi\u00f3n de Villa Victoria\u201d.<\/p>\n<p>Ante los delegados Manuel Santana Carbajal, Carmen Cepeda Soto, Adri\u00e1n Vilchis Jim\u00e9nez y Jos\u00e9 Bente\u00f1o Mar\u00edn, la representante del d\u00e9cimo distrito electoral, que tambi\u00e9n comprende Amanalco y Valle de Bravo, exhort\u00f3 a los vecinos de las comunidades que visit\u00f3, a trabajar en coordinaci\u00f3n con los tres niveles de gobierno, a fin de \u201clograr el crecimiento y la construcci\u00f3n de un municipio con posibilidades reales de empleo y desa\u00adrrollo familiar, personal y social\u201d.<\/p>\n<p>&nbsp;<\/p>\n","protected":false},"excerpt":{"rendered":"<p>A fin de contribuir a mejorar las condiciones de los vecinos de Villa Victoria para hacer frente a las bajas temperaturas y prevenir enfermedades en esta \u00e9poca invernal, la diputada Mar\u00eda Mercedes Col\u00edn Guadarrama (PRI) entreg\u00f3 paquetes invernales consistentes en cobijas, guantes y pasamonta\u00f1as a mil 500 familias de las comunidades de San Luis el Alto, Turcio Tercera Secci\u00f3n, San Agust\u00edn Canochillas, San Agust\u00edn Altamirano, La Trampa, San Agust\u00edn Berros y Uni\u00f3n Berros.<\/p>\n","protected":false},"author":3,"featured_media":251648,"comment_status":"open","ping_status":"open","sticky":false,"template":"","format":"standard","meta":{"_monsterinsights_skip_tracking":false,"_monsterinsights_sitenote_active":false,"_monsterinsights_sitenote_note":"","_monsterinsights_sitenote_category":0,"footnotes":""},"categories":[35155],"tags":[40001,13948],"class_list":["post-251520","post","type-post","status-publish","format-standard","has-post-thumbnail","hentry","category-estado-de-mexico-estado-de-mexico","tag-distribucion","tag-invierno"],"_links":{"self":[{"href":"https:\/\/www.diarioimagen.net\/index.php?rest_route=\/wp\/v2\/posts\/251520","targetHints":{"allow":["GET"]}}],"collection":[{"href":"https:\/\/www.diarioimagen.net\/index.php?rest_route=\/wp\/v2\/posts"}],"about":[{"href":"https:\/\/www.diarioimagen.net\/index.php?rest_route=\/wp\/v2\/types\/post"}],"author":[{"embeddable":true,"href":"https:\/\/www.diarioimagen.net\/index.php?rest_route=\/wp\/v2\/users\/3"}],"replies":[{"embeddable":true,"href":"https:\/\/www.diarioimagen.net\/index.php?rest_route=%2Fwp%2Fv2%2Fcomments&post=251520"}],"version-history":[{"count":0,"href":"https:\/\/www.diarioimagen.net\/index.php?rest_route=\/wp\/v2\/posts\/251520\/revisions"}],"wp:featuredmedia":[{"embeddable":true,"href":"https:\/\/www.diarioimagen.net\/index.php?rest_route=\/wp\/v2\/media\/251648"}],"wp:attachment":[{"href":"https:\/\/www.diarioimagen.net\/index.php?rest_route=%2Fwp%2Fv2%2Fmedia&parent=251520"}],"wp:term":[{"taxonomy":"category","embeddable":true,"href":"https:\/\/www.diarioimagen.net\/index.php?rest_route=%2Fwp%2Fv2%2Fcategories&post=251520"},{"taxonomy":"post_tag","embeddable":true,"href":"https:\/\/www.diarioimagen.net\/index.php?rest_route=%2Fwp%2Fv2%2Ftags&post=251520"}],"curies":[{"name":"wp","href":"https:\/\/api.w.org\/{rel}","templated":true}]}}