{"id":251522,"date":"2016-01-19T00:02:17","date_gmt":"2016-01-19T06:02:17","guid":{"rendered":"http:\/\/www.diarioimagen.net\/?p=251522"},"modified":"2016-01-19T03:36:05","modified_gmt":"2016-01-19T09:36:05","slug":"regularizaran-recoleccion-de-basura-en-huixquilucan","status":"publish","type":"post","link":"https:\/\/www.diarioimagen.net\/?p=251522","title":{"rendered":"Regularizar\u00e1n recolecci\u00f3n de basura en Huixquilucan"},"content":{"rendered":"<ul>\n<li><strong><em>Atienden quejas de habitantes por servicio<\/em><\/strong><\/li>\n<\/ul>\n<p>&nbsp;<\/p>\n<div id=\"attachment_251651\" style=\"width: 430px\" class=\"wp-caption aligncenter\"><a href=\"http:\/\/www.diarioimagen.net\/?attachment_id=251651\" rel=\"attachment wp-att-251651\"><img loading=\"lazy\" decoding=\"async\" aria-describedby=\"caption-attachment-251651\" class=\"size-large wp-image-251651\" src=\"http:\/\/www.diarioimagen.net\/wp-content\/uploads\/2016\/01\/HUIXQUILUCAN-2785-420x236.jpg\" alt=\"El gobierno de Huixquilucan garantiz\u00f3, que en breve la recolecci\u00f3n de basura se regularizar\u00e1 al 100 por ciento.\" width=\"420\" height=\"236\" srcset=\"https:\/\/www.diarioimagen.net\/wp-content\/uploads\/2016\/01\/HUIXQUILUCAN-2785-420x236.jpg 420w, https:\/\/www.diarioimagen.net\/wp-content\/uploads\/2016\/01\/HUIXQUILUCAN-2785-240x135.jpg 240w, https:\/\/www.diarioimagen.net\/wp-content\/uploads\/2016\/01\/HUIXQUILUCAN-2785-235x132.jpg 235w, https:\/\/www.diarioimagen.net\/wp-content\/uploads\/2016\/01\/HUIXQUILUCAN-2785-202x114.jpg 202w, https:\/\/www.diarioimagen.net\/wp-content\/uploads\/2016\/01\/HUIXQUILUCAN-2785-350x196.jpg 350w, https:\/\/www.diarioimagen.net\/wp-content\/uploads\/2016\/01\/HUIXQUILUCAN-2785-220x123.jpg 220w, https:\/\/www.diarioimagen.net\/wp-content\/uploads\/2016\/01\/HUIXQUILUCAN-2785-237x132.jpg 237w, https:\/\/www.diarioimagen.net\/wp-content\/uploads\/2016\/01\/HUIXQUILUCAN-2785.jpg 480w\" sizes=\"auto, (max-width: 420px) 100vw, 420px\" \/><\/a><p id=\"caption-attachment-251651\" class=\"wp-caption-text\">El gobierno de Huixquilucan garantiz\u00f3, que en breve la recolecci\u00f3n de basura se regularizar\u00e1 al 100 por ciento.<\/p><\/div>\n<p>&nbsp;<\/p>\n<p><strong>Huixquilucan, Estado de M\u00e9xico<\/strong>.- El director de Servicios P\u00fablicos y Urbanos, Eduardo G\u00f3mez Galicia, enfatiz\u00f3 que la ciudadan\u00eda merece recibir servicios de calidad, por lo que garantiz\u00f3 que en breve, la recolecci\u00f3n de basura se regularizar\u00e1 al 100 por ciento en el municipio.<\/p>\n<p>Dijo que se est\u00e1n analizando alternativas que garanticen la eficacia en la recolecci\u00f3n de los desechos, ya que el parque vehicular recibido es obsoleto y se encuentra da\u00f1ado, no obstante se han atendido todas las demandas recibidas, adem\u00e1s de cubrir las rutas de los camiones de basura.<\/p>\n<p>Record\u00f3 que la instrucci\u00f3n del presidente municipal, Enrique Vargas del Villar, es atender las necesidades de la poblaci\u00f3n con calidad y calidez y en este sentido, coment\u00f3 que se realizan los ajustes y esfuerzos necesarios para que el servicio de recolecci\u00f3n de basura en Huixquilucan sea el mejor del pa\u00eds.<\/p>\n<p>\u201cEncontramos un parque vehicular en muy malas condiciones, tuvimos que reparar desde asuntos menores como neum\u00e1ticos, hasta reparaciones de la m\u00e1quina de los camiones, no obstante estas limitaciones estamos redoblando esfuerzos para atender oportunamente las necesidades en materia de servicios que requieren los vecinos de Huixquilucan\u201d, coment\u00f3.<\/p>\n<p>G\u00f3mez Galicia detall\u00f3 que para solventar las deficiencias que se tienen desde la pasada administraci\u00f3n, 142 trabajadores recorren el municipio de lunes a domingo en dos turnos para recolectar alrededor de 340 toneladas de basura que se generan al d\u00eda.<\/p>\n","protected":false},"excerpt":{"rendered":"<p>El director de Servicios P\u00fablicos y Urbanos, Eduardo G\u00f3mez Galicia, enfatiz\u00f3 que la ciudadan\u00eda merece recibir servicios de calidad, por lo que garantiz\u00f3 que en breve, la recolecci\u00f3n de basura se regularizar\u00e1 al 100 por ciento en el municipio.<\/p>\n","protected":false},"author":3,"featured_media":251651,"comment_status":"open","ping_status":"open","sticky":false,"template":"","format":"standard","meta":{"_monsterinsights_skip_tracking":false,"_monsterinsights_sitenote_active":false,"_monsterinsights_sitenote_note":"","_monsterinsights_sitenote_category":0,"footnotes":""},"categories":[35155],"tags":[18179,43675,1097,48075],"class_list":["post-251522","post","type-post","status-publish","format-standard","has-post-thumbnail","hentry","category-estado-de-mexico-estado-de-mexico","tag-basura","tag-estado-de-mexico","tag-huixquilucan","tag-recoleccion"],"_links":{"self":[{"href":"https:\/\/www.diarioimagen.net\/index.php?rest_route=\/wp\/v2\/posts\/251522","targetHints":{"allow":["GET"]}}],"collection":[{"href":"https:\/\/www.diarioimagen.net\/index.php?rest_route=\/wp\/v2\/posts"}],"about":[{"href":"https:\/\/www.diarioimagen.net\/index.php?rest_route=\/wp\/v2\/types\/post"}],"author":[{"embeddable":true,"href":"https:\/\/www.diarioimagen.net\/index.php?rest_route=\/wp\/v2\/users\/3"}],"replies":[{"embeddable":true,"href":"https:\/\/www.diarioimagen.net\/index.php?rest_route=%2Fwp%2Fv2%2Fcomments&post=251522"}],"version-history":[{"count":0,"href":"https:\/\/www.diarioimagen.net\/index.php?rest_route=\/wp\/v2\/posts\/251522\/revisions"}],"wp:featuredmedia":[{"embeddable":true,"href":"https:\/\/www.diarioimagen.net\/index.php?rest_route=\/wp\/v2\/media\/251651"}],"wp:attachment":[{"href":"https:\/\/www.diarioimagen.net\/index.php?rest_route=%2Fwp%2Fv2%2Fmedia&parent=251522"}],"wp:term":[{"taxonomy":"category","embeddable":true,"href":"https:\/\/www.diarioimagen.net\/index.php?rest_route=%2Fwp%2Fv2%2Fcategories&post=251522"},{"taxonomy":"post_tag","embeddable":true,"href":"https:\/\/www.diarioimagen.net\/index.php?rest_route=%2Fwp%2Fv2%2Ftags&post=251522"}],"curies":[{"name":"wp","href":"https:\/\/api.w.org\/{rel}","templated":true}]}}