{"id":251778,"date":"2016-01-20T00:03:36","date_gmt":"2016-01-20T06:03:36","guid":{"rendered":"http:\/\/www.diarioimagen.net\/?p=251778"},"modified":"2016-01-20T05:08:00","modified_gmt":"2016-01-20T11:08:00","slug":"atiende-jorge-adan-barron-problematica-en-escuelas","status":"publish","type":"post","link":"https:\/\/www.diarioimagen.net\/?p=251778","title":{"rendered":"Atiende Jorge Ad\u00e1n Barr\u00f3n problem\u00e1tica en escuelas"},"content":{"rendered":"<ul>\n<li><strong><em>Reuni\u00f3n con maestros de Tultitl\u00e1n<\/em><\/strong><\/li>\n<\/ul>\n<p>&nbsp;<\/p>\n<div id=\"attachment_251848\" style=\"width: 430px\" class=\"wp-caption aligncenter\"><a href=\"http:\/\/www.diarioimagen.net\/?attachment_id=251848\" rel=\"attachment wp-att-251848\"><img loading=\"lazy\" decoding=\"async\" aria-describedby=\"caption-attachment-251848\" class=\"size-large wp-image-251848\" src=\"http:\/\/www.diarioimagen.net\/wp-content\/uploads\/2016\/01\/TULTITLAN-2786-420x236.jpg\" alt=\"El alcalde Jorge Ad\u00e1n Barr\u00f3n Elizalde sostuvo \u00a0una reuni\u00f3n con integrantes del magisterio local para conocer la problem\u00e1tica en escuelas.\" width=\"420\" height=\"236\" srcset=\"https:\/\/www.diarioimagen.net\/wp-content\/uploads\/2016\/01\/TULTITLAN-2786-420x236.jpg 420w, https:\/\/www.diarioimagen.net\/wp-content\/uploads\/2016\/01\/TULTITLAN-2786-240x135.jpg 240w, https:\/\/www.diarioimagen.net\/wp-content\/uploads\/2016\/01\/TULTITLAN-2786-235x132.jpg 235w, https:\/\/www.diarioimagen.net\/wp-content\/uploads\/2016\/01\/TULTITLAN-2786-202x114.jpg 202w, https:\/\/www.diarioimagen.net\/wp-content\/uploads\/2016\/01\/TULTITLAN-2786-350x196.jpg 350w, https:\/\/www.diarioimagen.net\/wp-content\/uploads\/2016\/01\/TULTITLAN-2786-220x123.jpg 220w, https:\/\/www.diarioimagen.net\/wp-content\/uploads\/2016\/01\/TULTITLAN-2786-237x132.jpg 237w, https:\/\/www.diarioimagen.net\/wp-content\/uploads\/2016\/01\/TULTITLAN-2786.jpg 480w\" sizes=\"auto, (max-width: 420px) 100vw, 420px\" \/><\/a><p id=\"caption-attachment-251848\" class=\"wp-caption-text\">El alcalde Jorge Ad\u00e1n Barr\u00f3n Elizalde sostuvo \u00a0una reuni\u00f3n con integrantes del magisterio local para conocer la problem\u00e1tica en escuelas.<\/p><\/div>\n<p>&nbsp;<\/p>\n<p><strong>Tultitl\u00e1n, Estado de M\u00e9xico<\/strong>.- Con el objetivo de conocer de manera directa la problem\u00e1tica que enfrenta \u00a0la infraestructura en el sector educativo en el municipio, el presidente municipal y\u00a0 maestro en administraci\u00f3n\u00a0p\u00fablica, Jorge Ad\u00e1n Barr\u00f3n Elizalde,\u00a0 sostuvo \u00a0una reuni\u00f3n con integrantes del magisterio local.<\/p>\n<p>M\u00e1s de cien mentores, manifestaron al alcalde las principales necesidades que presentan sus respectivos planteles educativos, entre los que destacan trabajos de impermeabilizaci\u00f3n, construcci\u00f3n, rehabilitaci\u00f3n de aulas y apoyo en el tema de seguridad.<\/p>\n<p>Acompa\u00f1ado\u00a0por el director de Educaci\u00f3n, el alcalde escuch\u00f3 las demandas de los profesores ante quienes, inform\u00f3 que durante la administraci\u00f3n \u00a02016-2018, se tiene proyectado implementar el programa \u201cUna obra o acci\u00f3n por escuela\u201d.<\/p>\n<p>Este tiene como prop\u00f3sito el mejoramiento de las instituciones p\u00fablicas de la demarcaci\u00f3n, pues record\u00f3 que el tema educativo es una de las principales prioridades del gobierno que preside.<\/p>\n<p>El Ejecutivo local, Jorge Ad\u00e1n Barr\u00f3n adelant\u00f3 \u00a0que en breve se lanzar\u00e1 la convocatoria para acceder a las becas que el gobierno destinar\u00e1 a \u00a0la comunidad estudiantil de nivel b\u00e1sico, las cuales beneficiar\u00e1n tanto escuelas federalizadas como estatales que existen en el municipio, mismas que suman 291 planteles.<\/p>\n<p>Ante la l\u00edder magisterial, Lucila Garfias Guti\u00e9rrez \u00a0y presidenta del Partido Nueva Alianza, en el Estado de M\u00e9xico, el presidente municipal Jorge Ad\u00e1n Barr\u00f3n Elizalde afirm\u00f3; \u201cel \u00e9xito de una administraci\u00f3n se basa en el cumplimiento de las necesidades m\u00e1s apremiantes, en el caso del tema educativo, la demanda es siempre la mejora y mantenimiento de los planteles escolares, por ello afirm\u00f3 \u00a0que en \u00e1mbito de sus atribuciones trabajar\u00e1 para contribuir con una educaci\u00f3n de calidad\u201d.<\/p>\n<p>Puntualiz\u00f3 que\u00a0 destinar\u00e1 un presupuesto importante al tema y de esta manera se atienda \u00a0en el primer a\u00f1o de gobierno por lo menos a 100 escuelas, trabajos que estar\u00e1n iniciando \u00a0en el mes de febrero.<\/p>\n","protected":false},"excerpt":{"rendered":"<p>Con el objetivo de conocer de manera directa la problem\u00e1tica que enfrenta  la infraestructura en el sector educativo en el municipio, el presidente municipal y  maestro en administraci\u00f3n p\u00fablica, Jorge Ad\u00e1n Barr\u00f3n Elizalde,  sostuvo  una reuni\u00f3n con integrantes del magisterio local.<\/p>\n","protected":false},"author":3,"featured_media":251848,"comment_status":"open","ping_status":"open","sticky":false,"template":"","format":"standard","meta":{"_monsterinsights_skip_tracking":false,"_monsterinsights_sitenote_active":false,"_monsterinsights_sitenote_note":"","_monsterinsights_sitenote_category":0,"footnotes":""},"categories":[35155],"tags":[43675,48077,578],"class_list":["post-251778","post","type-post","status-publish","format-standard","has-post-thumbnail","hentry","category-estado-de-mexico-estado-de-mexico","tag-estado-de-mexico","tag-jorge-adan-barron-elizalde","tag-tultitlan"],"_links":{"self":[{"href":"https:\/\/www.diarioimagen.net\/index.php?rest_route=\/wp\/v2\/posts\/251778","targetHints":{"allow":["GET"]}}],"collection":[{"href":"https:\/\/www.diarioimagen.net\/index.php?rest_route=\/wp\/v2\/posts"}],"about":[{"href":"https:\/\/www.diarioimagen.net\/index.php?rest_route=\/wp\/v2\/types\/post"}],"author":[{"embeddable":true,"href":"https:\/\/www.diarioimagen.net\/index.php?rest_route=\/wp\/v2\/users\/3"}],"replies":[{"embeddable":true,"href":"https:\/\/www.diarioimagen.net\/index.php?rest_route=%2Fwp%2Fv2%2Fcomments&post=251778"}],"version-history":[{"count":0,"href":"https:\/\/www.diarioimagen.net\/index.php?rest_route=\/wp\/v2\/posts\/251778\/revisions"}],"wp:featuredmedia":[{"embeddable":true,"href":"https:\/\/www.diarioimagen.net\/index.php?rest_route=\/wp\/v2\/media\/251848"}],"wp:attachment":[{"href":"https:\/\/www.diarioimagen.net\/index.php?rest_route=%2Fwp%2Fv2%2Fmedia&parent=251778"}],"wp:term":[{"taxonomy":"category","embeddable":true,"href":"https:\/\/www.diarioimagen.net\/index.php?rest_route=%2Fwp%2Fv2%2Fcategories&post=251778"},{"taxonomy":"post_tag","embeddable":true,"href":"https:\/\/www.diarioimagen.net\/index.php?rest_route=%2Fwp%2Fv2%2Ftags&post=251778"}],"curies":[{"name":"wp","href":"https:\/\/api.w.org\/{rel}","templated":true}]}}