{"id":251912,"date":"2016-01-21T00:02:14","date_gmt":"2016-01-21T06:02:14","guid":{"rendered":"http:\/\/www.diarioimagen.net\/?p=251912"},"modified":"2016-01-22T00:55:00","modified_gmt":"2016-01-22T06:55:00","slug":"2015-el-ano-mas-caluroso-registrado-en-la-tierra","status":"publish","type":"post","link":"https:\/\/www.diarioimagen.net\/?p=251912","title":{"rendered":"2015, el a\u00f1o m\u00e1s caluroso registrado en la Tierra"},"content":{"rendered":"<ul>\n<li><em><strong>De 58.62 grados, temperatura promedio global<\/strong><\/em><\/li>\n<\/ul>\n<p>&nbsp;<\/p>\n<div id=\"attachment_251913\" style=\"width: 430px\" class=\"wp-caption aligncenter\"><a href=\"http:\/\/www.diarioimagen.net\/?attachment_id=251913\" rel=\"attachment wp-att-251913\"><img loading=\"lazy\" decoding=\"async\" aria-describedby=\"caption-attachment-251913\" class=\"size-large wp-image-251913\" src=\"http:\/\/www.diarioimagen.net\/wp-content\/uploads\/2016\/01\/CALOR-portal-420x245.jpg\" alt=\"El a\u00f1o pasado fue el m\u00e1s caluroso de la tierra desde que se llevan estos registro, que fue en 1880.\" width=\"420\" height=\"245\" srcset=\"https:\/\/www.diarioimagen.net\/wp-content\/uploads\/2016\/01\/CALOR-portal-420x245.jpg 420w, https:\/\/www.diarioimagen.net\/wp-content\/uploads\/2016\/01\/CALOR-portal-240x140.jpg 240w, https:\/\/www.diarioimagen.net\/wp-content\/uploads\/2016\/01\/CALOR-portal.jpg 480w\" sizes=\"auto, (max-width: 420px) 100vw, 420px\" \/><\/a><p id=\"caption-attachment-251913\" class=\"wp-caption-text\">El a\u00f1o pasado fue el m\u00e1s caluroso de la tierra desde que se llevan estos registro, que fue en 1880.<\/p><\/div>\n<p>&nbsp;<\/p>\n<p>Desde los comienzos de los registros en 1880, la temperatura de la tierra no hab\u00eda registrado los 58.62 grados Fahrenheit (14.79 C grados cent\u00edgrados) que hubo en 2015, inform\u00f3 la Administraci\u00f3n Nacional Oce\u00e1nica y Atmosf\u00e9rica (NOAA) de Estados Unidos.<\/p>\n<p>Cient\u00edficos de la NOAA y de la Administraci\u00f3n Nacional de Aeron\u00e1utica y del Espacio (NASA) anunciaron este mi\u00e9rcoles an\u00e1lisis independientes que muestran que 2015 fue, con mucho, el a\u00f1o m\u00e1s caliente en 136 a\u00f1os de registros.<\/p>\n<p>El a\u00f1o pasado la temperatura promedio global sobre superficies terrestres y oce\u00e1nicas fue de 58.62 grados Fahrenheit (14.79 C grados cent\u00edgrados).<\/p>\n<p>El aumento sobre la temperatura promedio fue el m\u00e1s alto entre todos los a\u00f1os en el registro desde 1880 hasta 2015, superando el r\u00e9cord anterior establecido en 2014 por 0.29\u00b0F (0.16\u00b0C).<\/p>\n<p>Adem\u00e1s marc\u00f3 la cuarta vez que en el siglo XXI se registra un nuevo r\u00e9cord de temperatura, preciso la NOAA en un comunicado.<\/p>\n<p>Debido al amplio margen sobre el a\u00f1o 2014, la NASA calcul\u00f3 que 2015 fue un a\u00f1o r\u00e9cord con una certeza del 94 por ciento, m\u00e1s del doble de la certeza que ten\u00eda el a\u00f1o pasado al anunciar 2014 como una marca.<\/p>\n","protected":false},"excerpt":{"rendered":"<p>Desde los comienzos de los registros en 1880, la temperatura de la tierra no hab\u00eda registrado los 58.62 grados Fahrenheit (14.79 C grados cent\u00edgrados) que hubo en 2015, inform\u00f3 la Administraci\u00f3n Nacional Oce\u00e1nica y Atmosf\u00e9rica (NOAA) de Estados Unidos.<\/p>\n","protected":false},"author":5,"featured_media":251913,"comment_status":"open","ping_status":"open","sticky":false,"template":"","format":"standard","meta":{"_monsterinsights_skip_tracking":false,"_monsterinsights_sitenote_active":false,"_monsterinsights_sitenote_note":"","_monsterinsights_sitenote_category":0,"footnotes":""},"categories":[9],"tags":[43679,4691,2543],"class_list":["post-251912","post","type-post","status-publish","format-standard","has-post-thumbnail","hentry","category-mundo","tag-mundo","tag-nasa","tag-tierra"],"_links":{"self":[{"href":"https:\/\/www.diarioimagen.net\/index.php?rest_route=\/wp\/v2\/posts\/251912","targetHints":{"allow":["GET"]}}],"collection":[{"href":"https:\/\/www.diarioimagen.net\/index.php?rest_route=\/wp\/v2\/posts"}],"about":[{"href":"https:\/\/www.diarioimagen.net\/index.php?rest_route=\/wp\/v2\/types\/post"}],"author":[{"embeddable":true,"href":"https:\/\/www.diarioimagen.net\/index.php?rest_route=\/wp\/v2\/users\/5"}],"replies":[{"embeddable":true,"href":"https:\/\/www.diarioimagen.net\/index.php?rest_route=%2Fwp%2Fv2%2Fcomments&post=251912"}],"version-history":[{"count":0,"href":"https:\/\/www.diarioimagen.net\/index.php?rest_route=\/wp\/v2\/posts\/251912\/revisions"}],"wp:featuredmedia":[{"embeddable":true,"href":"https:\/\/www.diarioimagen.net\/index.php?rest_route=\/wp\/v2\/media\/251913"}],"wp:attachment":[{"href":"https:\/\/www.diarioimagen.net\/index.php?rest_route=%2Fwp%2Fv2%2Fmedia&parent=251912"}],"wp:term":[{"taxonomy":"category","embeddable":true,"href":"https:\/\/www.diarioimagen.net\/index.php?rest_route=%2Fwp%2Fv2%2Fcategories&post=251912"},{"taxonomy":"post_tag","embeddable":true,"href":"https:\/\/www.diarioimagen.net\/index.php?rest_route=%2Fwp%2Fv2%2Ftags&post=251912"}],"curies":[{"name":"wp","href":"https:\/\/api.w.org\/{rel}","templated":true}]}}