{"id":252005,"date":"2016-01-21T00:03:57","date_gmt":"2016-01-21T06:03:57","guid":{"rendered":"http:\/\/www.diarioimagen.net\/?p=252005"},"modified":"2016-01-21T04:08:43","modified_gmt":"2016-01-21T10:08:43","slug":"inicia-remozamiento-urbano-en-atizapan","status":"publish","type":"post","link":"https:\/\/www.diarioimagen.net\/?p=252005","title":{"rendered":"Inicia remozamiento urbano en Atizap\u00e1n"},"content":{"rendered":"<ul>\n<li><strong><em>Mantenimiento de vialidades<\/em><\/strong><\/li>\n<\/ul>\n<p>&nbsp;<\/p>\n<div id=\"attachment_252035\" style=\"width: 430px\" class=\"wp-caption aligncenter\"><a href=\"http:\/\/www.diarioimagen.net\/wp-content\/uploads\/2016\/01\/ATIZAPAN-2787.jpg\" rel=\"attachment wp-att-252035\"><img loading=\"lazy\" decoding=\"async\" aria-describedby=\"caption-attachment-252035\" class=\"size-large wp-image-252035\" src=\"http:\/\/www.diarioimagen.net\/wp-content\/uploads\/2016\/01\/ATIZAPAN-2787-420x236.jpg\" alt=\"El director de Servicios P\u00fablicos, Ricardo Ismael Hern\u00e1ndez Ch\u00e1vez, inform\u00f3 que se est\u00e1n atendiendo los reportes.\" width=\"420\" height=\"236\" srcset=\"https:\/\/www.diarioimagen.net\/wp-content\/uploads\/2016\/01\/ATIZAPAN-2787-420x236.jpg 420w, https:\/\/www.diarioimagen.net\/wp-content\/uploads\/2016\/01\/ATIZAPAN-2787-240x135.jpg 240w, https:\/\/www.diarioimagen.net\/wp-content\/uploads\/2016\/01\/ATIZAPAN-2787-235x132.jpg 235w, https:\/\/www.diarioimagen.net\/wp-content\/uploads\/2016\/01\/ATIZAPAN-2787-202x114.jpg 202w, https:\/\/www.diarioimagen.net\/wp-content\/uploads\/2016\/01\/ATIZAPAN-2787-350x196.jpg 350w, https:\/\/www.diarioimagen.net\/wp-content\/uploads\/2016\/01\/ATIZAPAN-2787-220x123.jpg 220w, https:\/\/www.diarioimagen.net\/wp-content\/uploads\/2016\/01\/ATIZAPAN-2787-237x132.jpg 237w, https:\/\/www.diarioimagen.net\/wp-content\/uploads\/2016\/01\/ATIZAPAN-2787.jpg 480w\" sizes=\"auto, (max-width: 420px) 100vw, 420px\" \/><\/a><p id=\"caption-attachment-252035\" class=\"wp-caption-text\">El director de Servicios P\u00fablicos, Ricardo Ismael Hern\u00e1ndez Ch\u00e1vez, inform\u00f3 que se est\u00e1n atendiendo los reportes.<\/p><\/div>\n<p>&nbsp;<\/p>\n<p><strong>Atizap\u00e1n, Estado de M\u00e9xico<\/strong>.- El H. Ayuntamiento, por medio del \u00e1rea de Servicios P\u00fablicos, ha puesto en marcha un proyecto que impulsado por la alcaldesa Ana Mar\u00eda Balderas Trejo; consiste en embellecer y dar mantenimiento a las principales avenidas y camellones del municipio y se pretende a trav\u00e9s del encalado de \u00e1rboles brindar protecci\u00f3n a los mismos y auxiliar al conductor a tener una mayor visibilidad en el camino.<\/p>\n<p>De la misma forma se est\u00e1n atendiendo reportes de luminarias y se trabaja donde existen fallas. El director de Servicios P\u00fablicos, Ricardo Ismael Hern\u00e1ndez Ch\u00e1vez, coment\u00f3 que existen l\u00e1mparas con tecnolog\u00eda led que se encontraban concesionadasm y que era la empresa, la que en su momento se encargaba de reparar o cambiar dichas luminarias; hoy en d\u00eda son propiedad del Ayuntamiento y se est\u00e1n realizando solicitudes para adquirir refacciones y poderles brindar mantenimiento.<\/p>\n<p>Explic\u00f3 que Servicios P\u00fablicos est\u00e1 al 100 por ciento en operatividad; se realiza la colecta de residuos s\u00f3lidos, contando con todas las rutas establecidas desde el d\u00eda 1 de enero del a\u00f1o en curso, d\u00e1ndole prioridad al rezago de casi tres semanas que se ten\u00eda en la recolecta por la falta de combustible.<\/p>\n<p>El director afirm\u00f3 que en la \u00faltima reuni\u00f3n de Cabildo que se tuvo se rescindi\u00f3 el contrato que se ten\u00eda con la empresa Energreen Energ\u00eda S.A. de C.V, derivado al cierre de ciclos y t\u00e9rminos de contratos con la que cada administraci\u00f3n cuenta; sin embargo la empresa se ha acercado a la actual administraci\u00f3n para seguir con la relaci\u00f3n laboral.<\/p>\n<p>Cabe mencionar que la empresa se encuentra asentada en el relleno sanitario, su funci\u00f3n primordial es extraer el bio-gas que se encuentra enterrado en el relleno, con el fin de evitar posibles explosiones, dicho acuerdo debe de ser turnado a la UAEM, a la empresa Energreen y al Ayuntamiento, para lograr un acuerdo y aprobaci\u00f3n si as\u00ed lo amerita.<\/p>\n<p>&nbsp;<\/p>\n","protected":false},"excerpt":{"rendered":"<p>El H. Ayuntamiento, por medio del \u00e1rea de Servicios P\u00fablicos, ha puesto en marcha un proyecto que impulsado por la alcaldesa Ana Mar\u00eda Balderas Trejo; consiste en embellecer y dar mantenimiento a las principales avenidas y camellones del municipio y se pretende a trav\u00e9s del encalado de \u00e1rboles brindar protecci\u00f3n a los mismos y auxiliar al conductor a tener una mayor visibilidad en el camino.<\/p>\n","protected":false},"author":3,"featured_media":252035,"comment_status":"open","ping_status":"open","sticky":false,"template":"","format":"standard","meta":{"_monsterinsights_skip_tracking":false,"_monsterinsights_sitenote_active":false,"_monsterinsights_sitenote_note":"","_monsterinsights_sitenote_category":0,"footnotes":""},"categories":[35155],"tags":[969,43675],"class_list":["post-252005","post","type-post","status-publish","format-standard","has-post-thumbnail","hentry","category-estado-de-mexico-estado-de-mexico","tag-atizapan","tag-estado-de-mexico"],"_links":{"self":[{"href":"https:\/\/www.diarioimagen.net\/index.php?rest_route=\/wp\/v2\/posts\/252005","targetHints":{"allow":["GET"]}}],"collection":[{"href":"https:\/\/www.diarioimagen.net\/index.php?rest_route=\/wp\/v2\/posts"}],"about":[{"href":"https:\/\/www.diarioimagen.net\/index.php?rest_route=\/wp\/v2\/types\/post"}],"author":[{"embeddable":true,"href":"https:\/\/www.diarioimagen.net\/index.php?rest_route=\/wp\/v2\/users\/3"}],"replies":[{"embeddable":true,"href":"https:\/\/www.diarioimagen.net\/index.php?rest_route=%2Fwp%2Fv2%2Fcomments&post=252005"}],"version-history":[{"count":0,"href":"https:\/\/www.diarioimagen.net\/index.php?rest_route=\/wp\/v2\/posts\/252005\/revisions"}],"wp:featuredmedia":[{"embeddable":true,"href":"https:\/\/www.diarioimagen.net\/index.php?rest_route=\/wp\/v2\/media\/252035"}],"wp:attachment":[{"href":"https:\/\/www.diarioimagen.net\/index.php?rest_route=%2Fwp%2Fv2%2Fmedia&parent=252005"}],"wp:term":[{"taxonomy":"category","embeddable":true,"href":"https:\/\/www.diarioimagen.net\/index.php?rest_route=%2Fwp%2Fv2%2Fcategories&post=252005"},{"taxonomy":"post_tag","embeddable":true,"href":"https:\/\/www.diarioimagen.net\/index.php?rest_route=%2Fwp%2Fv2%2Ftags&post=252005"}],"curies":[{"name":"wp","href":"https:\/\/api.w.org\/{rel}","templated":true}]}}