{"id":252157,"date":"2016-01-22T00:09:07","date_gmt":"2016-01-22T06:09:07","guid":{"rendered":"http:\/\/www.diarioimagen.net\/?p=252157"},"modified":"2016-01-22T03:27:23","modified_gmt":"2016-01-22T09:27:23","slug":"refuerzan-acciones-contra-los-delitos-de-alto-impacto","status":"publish","type":"post","link":"https:\/\/www.diarioimagen.net\/?p=252157","title":{"rendered":"Refuerzan acciones contra los delitos de alto impacto"},"content":{"rendered":"<ul>\n<li><strong><em>Secuestro y homicidio doloso presentan una baja del 36% y 5%, respectivamente<\/em><\/strong><\/li>\n<\/ul>\n<p>&nbsp;<\/p>\n<div id=\"attachment_252228\" style=\"width: 430px\" class=\"wp-caption aligncenter\"><a href=\"http:\/\/www.diarioimagen.net\/?attachment_id=252228\" rel=\"attachment wp-att-252228\"><img loading=\"lazy\" decoding=\"async\" aria-describedby=\"caption-attachment-252228\" class=\"size-large wp-image-252228\" src=\"http:\/\/www.diarioimagen.net\/wp-content\/uploads\/2016\/01\/gem-2788-420x236.jpg\" alt=\"El procurador Alejandro G\u00f3mez encabez\u00f3 una reuni\u00f3n de trabajo con autoridades federales y estatales, para revisar las estrategias en el combate de los delitos de alto impacto.\" width=\"420\" height=\"236\" srcset=\"https:\/\/www.diarioimagen.net\/wp-content\/uploads\/2016\/01\/gem-2788-420x236.jpg 420w, https:\/\/www.diarioimagen.net\/wp-content\/uploads\/2016\/01\/gem-2788-240x135.jpg 240w, https:\/\/www.diarioimagen.net\/wp-content\/uploads\/2016\/01\/gem-2788-235x132.jpg 235w, https:\/\/www.diarioimagen.net\/wp-content\/uploads\/2016\/01\/gem-2788-202x114.jpg 202w, https:\/\/www.diarioimagen.net\/wp-content\/uploads\/2016\/01\/gem-2788-350x196.jpg 350w, https:\/\/www.diarioimagen.net\/wp-content\/uploads\/2016\/01\/gem-2788-220x123.jpg 220w, https:\/\/www.diarioimagen.net\/wp-content\/uploads\/2016\/01\/gem-2788-237x132.jpg 237w, https:\/\/www.diarioimagen.net\/wp-content\/uploads\/2016\/01\/gem-2788.jpg 480w\" sizes=\"auto, (max-width: 420px) 100vw, 420px\" \/><\/a><p id=\"caption-attachment-252228\" class=\"wp-caption-text\">El procurador Alejandro G\u00f3mez encabez\u00f3 una reuni\u00f3n de trabajo con autoridades federales y estatales, para revisar las estrategias en el combate de los delitos de alto impacto.<\/p><\/div>\n<p>&nbsp;<\/p>\n<p><strong>Toluca, Estado de M\u00e9xico<\/strong>.- El procurador de Justicia del Estado de M\u00e9xico, Alejandro G\u00f3mez, encabez\u00f3 una reuni\u00f3n de trabajo con autoridades federales y estatales, para revisar las estrategias planteadas y reforzar la coordinaci\u00f3n en el combate de los delitos de alto impacto.<\/p>\n<p>Destac\u00f3 que en los primeros 15 d\u00edas de este a\u00f1o, delitos como el secuestro presenten una disminuci\u00f3n del 36 por ciento y el homicidio doloso casi 5 por ciento respecto al mismo periodo del a\u00f1o pasado, pero mencion\u00f3 que no se debe bajar la guardia, para ello en este a\u00f1o se utilizar\u00e1n mayores recursos tecnol\u00f3gicos en el combate a delitos particulares, como el secuestro.<\/p>\n<p>En esta reuni\u00f3n tambi\u00e9n se habl\u00f3 del desarrollo de acciones para combatir el robo de veh\u00edculo con violencia y feminicidio.<\/p>\n<p>Al respecto, Dilcya Garc\u00eda, subprocuradora para la Atenci\u00f3n de Delitos Vinculados a la Violencia de G\u00e9nero de la PGJEM, destac\u00f3 por su parte la relevancia de la prevenci\u00f3n del delito, particularmente en medidas de protecci\u00f3n, en los casos en que una mujer est\u00e1 en riesgo.<\/p>\n<p style=\"text-align: center;\"><strong>Operativo en Tezoyuca<\/strong><\/p>\n<p>Con el apoyo de elementos de la Base de Operaciones Mixtas (BOM), personal de la Procuradur\u00eda General de Justicia del Estado de M\u00e9xico (PGJEM), llev\u00f3 a cabo un cateo en un inmueble del municipio de Tezoyuca, donde fue localizada mercanc\u00eda robada el pasado 15 de enero.<\/p>\n<p>Por lo que el Representante Social solicit\u00f3 a un juez con sede en Texcoco, una orden de cateo para dicho domicilio, la cual fue otorgada y cumplida por personal de la PGJEM en coordinaci\u00f3n con elementos de la BOM, quienes brindaron apoyo perimetral para la realizaci\u00f3n del operativo.<\/p>\n<p>En el poblado de Tequisistl\u00e1n se encontraron los productos robados: 20 costales con codos de material PVC, 10 cajas de pintura para cemento, una caja de \u00e1cido muri\u00e1tico, cuatro rastrillos tipo industrial, cinco cajas con rodillos, 10 palos para pico, 28 tubos de pl\u00e1stico y cinco cajas de pegamento.<\/p>\n<p>As\u00ed que el inmueble fue asegurado y qued\u00f3 bajo resguardo de elementos de la Direcci\u00f3n de Seguridad P\u00fablica de Tezoyuca; y la PGJEM hace un llamado a la poblaci\u00f3n para que denuncie cualquier hecho delictivo a trav\u00e9s del correo electr\u00f3nico: cerotolerancia@edomex.gob.mx, o al n\u00famero telef\u00f3nico 01 800 7028770.<\/p>\n","protected":false},"excerpt":{"rendered":"<p>El procurador de Justicia del Estado de M\u00e9xico, Alejandro G\u00f3mez, encabez\u00f3 una reuni\u00f3n de trabajo con autoridades federales y estatales, para revisar las estrategias planteadas y reforzar la coordinaci\u00f3n en el combate de los delitos de alto impacto.<\/p>\n","protected":false},"author":3,"featured_media":252228,"comment_status":"open","ping_status":"open","sticky":false,"template":"","format":"standard","meta":{"_monsterinsights_skip_tracking":false,"_monsterinsights_sitenote_active":false,"_monsterinsights_sitenote_note":"","_monsterinsights_sitenote_category":0,"footnotes":""},"categories":[5],"tags":[5331,24241,43675,2019,452],"class_list":["post-252157","post","type-post","status-publish","format-standard","has-post-thumbnail","hentry","category-estado-de-mexico","tag-amparo","tag-delito","tag-estado-de-mexico","tag-pgjem","tag-toluca"],"_links":{"self":[{"href":"https:\/\/www.diarioimagen.net\/index.php?rest_route=\/wp\/v2\/posts\/252157","targetHints":{"allow":["GET"]}}],"collection":[{"href":"https:\/\/www.diarioimagen.net\/index.php?rest_route=\/wp\/v2\/posts"}],"about":[{"href":"https:\/\/www.diarioimagen.net\/index.php?rest_route=\/wp\/v2\/types\/post"}],"author":[{"embeddable":true,"href":"https:\/\/www.diarioimagen.net\/index.php?rest_route=\/wp\/v2\/users\/3"}],"replies":[{"embeddable":true,"href":"https:\/\/www.diarioimagen.net\/index.php?rest_route=%2Fwp%2Fv2%2Fcomments&post=252157"}],"version-history":[{"count":0,"href":"https:\/\/www.diarioimagen.net\/index.php?rest_route=\/wp\/v2\/posts\/252157\/revisions"}],"wp:featuredmedia":[{"embeddable":true,"href":"https:\/\/www.diarioimagen.net\/index.php?rest_route=\/wp\/v2\/media\/252228"}],"wp:attachment":[{"href":"https:\/\/www.diarioimagen.net\/index.php?rest_route=%2Fwp%2Fv2%2Fmedia&parent=252157"}],"wp:term":[{"taxonomy":"category","embeddable":true,"href":"https:\/\/www.diarioimagen.net\/index.php?rest_route=%2Fwp%2Fv2%2Fcategories&post=252157"},{"taxonomy":"post_tag","embeddable":true,"href":"https:\/\/www.diarioimagen.net\/index.php?rest_route=%2Fwp%2Fv2%2Ftags&post=252157"}],"curies":[{"name":"wp","href":"https:\/\/api.w.org\/{rel}","templated":true}]}}