{"id":252173,"date":"2016-01-22T00:04:53","date_gmt":"2016-01-22T06:04:53","guid":{"rendered":"http:\/\/www.diarioimagen.net\/?p=252173"},"modified":"2016-01-24T23:16:21","modified_gmt":"2016-01-25T05:16:21","slug":"visita-a-medio-oriente-abre-oportunidades-a-industriales","status":"publish","type":"post","link":"https:\/\/www.diarioimagen.net\/?p=252173","title":{"rendered":"Visita a Medio Oriente abre oportunidades a industriales"},"content":{"rendered":"<ul>\n<li><strong><em>B\u00fasqueda de nuevos negocios<\/em><\/strong><\/li>\n<\/ul>\n<p>&nbsp;<\/p>\n<div id=\"attachment_252238\" style=\"width: 430px\" class=\"wp-caption aligncenter\"><a href=\"http:\/\/www.diarioimagen.net\/?attachment_id=252238\" rel=\"attachment wp-att-252238\"><img loading=\"lazy\" decoding=\"async\" aria-describedby=\"caption-attachment-252238\" class=\"size-large wp-image-252238\" src=\"http:\/\/www.diarioimagen.net\/wp-content\/uploads\/2016\/01\/epn-industriales-2788-420x236.jpg\" alt=\"Rodrigo Alp\u00edzar Vallejo, presidente de la Canacintra, reconoci\u00f3 la gran importancia de que empresarios mexicanos est\u00e9n presentes en Medio Oriente.\" width=\"420\" height=\"236\" srcset=\"https:\/\/www.diarioimagen.net\/wp-content\/uploads\/2016\/01\/epn-industriales-2788-420x236.jpg 420w, https:\/\/www.diarioimagen.net\/wp-content\/uploads\/2016\/01\/epn-industriales-2788-240x135.jpg 240w, https:\/\/www.diarioimagen.net\/wp-content\/uploads\/2016\/01\/epn-industriales-2788-235x132.jpg 235w, https:\/\/www.diarioimagen.net\/wp-content\/uploads\/2016\/01\/epn-industriales-2788-202x114.jpg 202w, https:\/\/www.diarioimagen.net\/wp-content\/uploads\/2016\/01\/epn-industriales-2788-350x196.jpg 350w, https:\/\/www.diarioimagen.net\/wp-content\/uploads\/2016\/01\/epn-industriales-2788-220x123.jpg 220w, https:\/\/www.diarioimagen.net\/wp-content\/uploads\/2016\/01\/epn-industriales-2788-237x132.jpg 237w, https:\/\/www.diarioimagen.net\/wp-content\/uploads\/2016\/01\/epn-industriales-2788.jpg 480w\" sizes=\"auto, (max-width: 420px) 100vw, 420px\" \/><\/a><p id=\"caption-attachment-252238\" class=\"wp-caption-text\">Rodrigo Alp\u00edzar Vallejo, presidente de la Canacintra, reconoci\u00f3 la gran importancia de que empresarios mexicanos est\u00e9n presentes en Medio Oriente.<\/p><\/div>\n<p>&nbsp;<\/p>\n<p>El presidente de la C\u00e1mara Nacional de la Industria de Transformaci\u00f3n (Canacintra), Rodrigo Alp\u00edzar Vallejo, reconoci\u00f3 la gran importancia de que empresarios mexicanos est\u00e9n presentes en esta regi\u00f3n, en el marco de la visita de Estado del presidente Enrique Pe\u00f1a Nieto a Medio Oriente, \u201cm\u00e1xime en un momento de coyuntura tan particular en el mercado petrolero internacional\u201d.<\/p>\n<p>En ese marco, la Canacintra firm\u00f3 un Memor\u00e1ndum de Entendimiento con su hom\u00f3logo en Kuwait, la C\u00e1mara de Comercio e Industria (KCCI, por sus sigla en ingl\u00e9s), que preside Ali Al-Ghanim, a fin de facilitar el intercambio de informaci\u00f3n, el desarrollo de eventos de promoci\u00f3n conjunta y la b\u00fasqueda de nuevos negocios.<\/p>\n<p>Asimismo, Alp\u00edzar Vallejo atestigu\u00f3 la firma de acuerdos de entendimiento en diversas materias, siendo predominante el tema energ\u00e9tico, as\u00ed como sustentabilidad y muchas oportunidades de negocio, que sin duda traer\u00e1n consigo inversiones a M\u00e9xico, que impulsar\u00e1n un incremento en los empleos y el desarrollo social.<\/p>\n<p>El l\u00edder de los industriales sostuvo que \u201cresulta muy atractivo ver que las oportunidades de negocio se hacen realidad en destinos tan distantes, tenemos mucho que aprender del aprovechamiento energ\u00e9tico de pa\u00edses como Arabia, las intenciones de entrar a nuevos mercados en el sector empresarial de Kuwait, o bien del \u00e9nfasis en la sustentabilidad que se percibe en los Emiratos \u00c1rabes Unidos\u201d.<\/p>\n<p>Alp\u00edzar Vallejo reconoci\u00f3 que \u201cArabia Saudita, Ir\u00e1n y Emiratos \u00c1rabes concentran, en promedio, cerca del 20 por ciento de la producci\u00f3n mundial de crudo, \u201cpor lo que coincidimos con el presidente Enrique Pe\u00f1a Nieto cuando refiere que la energ\u00eda debe ser fuente de desarrollo y no de inestabilidad, lo cual implicar\u00eda la b\u00fasqueda de un nuevo consenso a nivel global a fin de evitar cualquier se\u00f1al de crisis en los mercados emergentes\u201d.<\/p>\n<p>Resulta de gran inter\u00e9s para los industriales, dijo, que para amortiguar los altibajos del mercado petrolero, muchas de estas econom\u00edas implementaron paquetes de est\u00edmulo fiscal que se concentraron en dinamizar actividades diferentes a las petroleras, principalmente en la inversi\u00f3n en infraestructura con un claro \u00e9nfasis en la diversificaci\u00f3n de las actividades productivas.<\/p>\n<p>Dijo adem\u00e1s que la serie de reformas en materia energ\u00e9tica se complementar\u00e1n con la firma de nuevos acuerdos comerciales, siempre y cuando se garantice que las empresas extranjeras que entren en licitaciones cuenten con los conocimientos, habilidades y recursos para participar en el mercado. Calific\u00f3 como una fortuna el estar en esa regi\u00f3n que en buena medida es clave para entender el futuro del planeta.<\/p>\n<p>\u201cHa sido muy certero el estar aqu\u00ed en una coyuntura econ\u00f3mica global como la que estamos viviendo, la pol\u00edtica exterior debe expandir su presencia en pa\u00edses como Arabia Saudita, Emiratos \u00c1rabes Unidos, Kuwait, Qatar, pues presentan un crecimiento y estabilidad econ\u00f3mica continua, desarrollo urbano y tur\u00edstico\u201d, resalt\u00f3.<\/p>\n<p>Rodrigo Alp\u00edzar detall\u00f3 que Arabia Saudita, Ir\u00e1n, Emiratos \u00c1rabes y Egipto concentran el 71.2 por ciento de la poblaci\u00f3n y el 72.9 por ciento del PIB de la regi\u00f3n.<\/p>\n<p>Emiratos \u00c1rabes Unidos es una federaci\u00f3n compuesta por siete emiratos: Abu Dhabi, su capital y el emirato m\u00e1s rico, pues concentra el 96 por ciento del petr\u00f3leo y del gas.<\/p>\n<p>Dubai es el m\u00e1s din\u00e1mico en t\u00e9rminos de construcci\u00f3n, servicios y turismo. Sharjah, el centro industrial de manufactura ligera: materiales de construcci\u00f3n, alimentos, muebles, pl\u00e1sticos y joyer\u00eda. Los cuatro emiratos restantes son Ajman, Ras al Khaimah, Qaiwain y Al Fujairah.<\/p>\n<p>&nbsp;<\/p>\n","protected":false},"excerpt":{"rendered":"<p>El presidente de la C\u00e1mara Nacional de la Industria de Transformaci\u00f3n (Canacintra), Rodrigo Alp\u00edzar Vallejo, reconoci\u00f3 la gran importancia de que empresarios mexicanos est\u00e9n presentes en esta regi\u00f3n, en el marco de la visita de Estado del presidente Enrique Pe\u00f1a Nieto a Medio Oriente, \u201cm\u00e1xime en un momento de coyuntura tan particular en el mercado petrolero internacional\u201d.<\/p>\n","protected":false},"author":3,"featured_media":252238,"comment_status":"open","ping_status":"open","sticky":false,"template":"","format":"standard","meta":{"_monsterinsights_skip_tracking":false,"_monsterinsights_sitenote_active":false,"_monsterinsights_sitenote_note":"","_monsterinsights_sitenote_category":0,"footnotes":""},"categories":[3],"tags":[8597,18,20175],"class_list":["post-252173","post","type-post","status-publish","format-standard","has-post-thumbnail","hentry","category-nacional","tag-camara-nacional-de-la-industria-de-transformacion","tag-enrique-pena-nieto","tag-medio-oriente"],"_links":{"self":[{"href":"https:\/\/www.diarioimagen.net\/index.php?rest_route=\/wp\/v2\/posts\/252173","targetHints":{"allow":["GET"]}}],"collection":[{"href":"https:\/\/www.diarioimagen.net\/index.php?rest_route=\/wp\/v2\/posts"}],"about":[{"href":"https:\/\/www.diarioimagen.net\/index.php?rest_route=\/wp\/v2\/types\/post"}],"author":[{"embeddable":true,"href":"https:\/\/www.diarioimagen.net\/index.php?rest_route=\/wp\/v2\/users\/3"}],"replies":[{"embeddable":true,"href":"https:\/\/www.diarioimagen.net\/index.php?rest_route=%2Fwp%2Fv2%2Fcomments&post=252173"}],"version-history":[{"count":0,"href":"https:\/\/www.diarioimagen.net\/index.php?rest_route=\/wp\/v2\/posts\/252173\/revisions"}],"wp:featuredmedia":[{"embeddable":true,"href":"https:\/\/www.diarioimagen.net\/index.php?rest_route=\/wp\/v2\/media\/252238"}],"wp:attachment":[{"href":"https:\/\/www.diarioimagen.net\/index.php?rest_route=%2Fwp%2Fv2%2Fmedia&parent=252173"}],"wp:term":[{"taxonomy":"category","embeddable":true,"href":"https:\/\/www.diarioimagen.net\/index.php?rest_route=%2Fwp%2Fv2%2Fcategories&post=252173"},{"taxonomy":"post_tag","embeddable":true,"href":"https:\/\/www.diarioimagen.net\/index.php?rest_route=%2Fwp%2Fv2%2Ftags&post=252173"}],"curies":[{"name":"wp","href":"https:\/\/api.w.org\/{rel}","templated":true}]}}