{"id":252177,"date":"2016-01-22T00:08:52","date_gmt":"2016-01-22T06:08:52","guid":{"rendered":"http:\/\/www.diarioimagen.net\/?p=252177"},"modified":"2016-01-24T23:32:53","modified_gmt":"2016-01-25T05:32:53","slug":"edomex-garantiza-la-seguridad-del-papa","status":"publish","type":"post","link":"https:\/\/www.diarioimagen.net\/?p=252177","title":{"rendered":"Edomex garantiza la seguridad del Papa"},"content":{"rendered":"<ul>\n<li><strong><em>Ecatepec, de fiesta: Indalecio R\u00edos Vel\u00e1zquez<\/em><\/strong><\/li>\n<\/ul>\n<h6>Dulce Correa<\/h6>\n<p>&nbsp;<\/p>\n<div id=\"attachment_252223\" style=\"width: 430px\" class=\"wp-caption aligncenter\"><a href=\"http:\/\/www.diarioimagen.net\/?attachment_id=252223\" rel=\"attachment wp-att-252223\"><img loading=\"lazy\" decoding=\"async\" aria-describedby=\"caption-attachment-252223\" class=\"size-large wp-image-252223\" src=\"http:\/\/www.diarioimagen.net\/wp-content\/uploads\/2016\/01\/eruviel-2788-420x236.jpg\" alt=\"El operativo de seguridad en torno a la visita del Papa Francisco contar\u00e1 con diez mil efectivos uniformados de los tres niveles de gobierno.\" width=\"420\" height=\"236\" srcset=\"https:\/\/www.diarioimagen.net\/wp-content\/uploads\/2016\/01\/eruviel-2788-420x236.jpg 420w, https:\/\/www.diarioimagen.net\/wp-content\/uploads\/2016\/01\/eruviel-2788-240x135.jpg 240w, https:\/\/www.diarioimagen.net\/wp-content\/uploads\/2016\/01\/eruviel-2788-235x132.jpg 235w, https:\/\/www.diarioimagen.net\/wp-content\/uploads\/2016\/01\/eruviel-2788-202x114.jpg 202w, https:\/\/www.diarioimagen.net\/wp-content\/uploads\/2016\/01\/eruviel-2788-350x196.jpg 350w, https:\/\/www.diarioimagen.net\/wp-content\/uploads\/2016\/01\/eruviel-2788-220x123.jpg 220w, https:\/\/www.diarioimagen.net\/wp-content\/uploads\/2016\/01\/eruviel-2788-237x132.jpg 237w, https:\/\/www.diarioimagen.net\/wp-content\/uploads\/2016\/01\/eruviel-2788.jpg 480w\" sizes=\"auto, (max-width: 420px) 100vw, 420px\" \/><\/a><p id=\"caption-attachment-252223\" class=\"wp-caption-text\">El operativo de seguridad en torno a la visita del Papa Francisco contar\u00e1 con diez mil efectivos uniformados de los tres niveles de gobierno.<\/p><\/div>\n<p>&nbsp;<\/p>\n<p><strong>Ecatepec, Estado de M\u00e9xico<\/strong>.- La seguridad del Papa Francisco y de los m\u00e1s de 2.3 millones de fieles que se espera lleguen a Ecatepec, Estado de M\u00e9xico, el pr\u00f3ximo 14 de febrero, est\u00e1 garantizada, afirm\u00f3 el alcalde de este municipio, Indalecio R\u00edos Vel\u00e1zquez, quien adem\u00e1s inform\u00f3 que se trabaja con toda celeridad en la log\u00edstica del recorrido y la misa solemne que habr\u00e1 de celebrar Su Santidad en un predio de 45 hect\u00e1reas, denominado El Caracol, que se localiza en la zona de Las Am\u00e9ricas.<\/p>\n<p>Tal y como lo afirm\u00f3 el gobernador Eruviel Avila Villegas en d\u00edas pasados, el operativo de seguridad en torno a la visita del Papa Francisco, contar\u00e1 con diez mil efectivos uniformados de los tres niveles de gobierno, apoyados y coordinados en todo momento por el Estado Mayor Presidencial.<\/p>\n<p>A esa cifra se sumar\u00e1n unos 30 mil j\u00f3venes mexiquenses que ya est\u00e1n siendo preparados para participar en calidad de voluntarios en la valla de 8.8 kil\u00f3metros que habr\u00e1 de recorrer el m\u00e1ximo jerarca de la Iglesia cat\u00f3lica durante su estancia en Edomex.<\/p>\n<p>Ser\u00e1 una fiesta para todos los mexiquenses, dijo Erwin Castel\u00e1n Enr\u00edquez, presidente municipal de Coacalco, quien explic\u00f3 que todos los municipios colindantes con Ecatepec est\u00e1n participando con mucho entusiasmo en la organizaci\u00f3n del magno evento, pues es un orgullo que una personalidad de la talla del Papa Francisco venga a nuestro territorio.<\/p>\n<p>Muchos de nuestros j\u00f3venes coacalquenses se han inscrito en las listas de voluntarios para participar en el cuidado de las vallas y dar seguridad a los miles y miles de visitantes que tendremos de todo el pa\u00eds y del extranjero. Estoy seguro, dijo, que haremos un excelente papel y a final de cuentas todos habremos de recibir un mensaje alentador con la visita del heredero de San Pedro.<\/p>\n<p style=\"text-align: center;\"><strong>Seguridad ante todo: EAV<\/strong><\/p>\n<p>Por su parte, el gobernador Eruviel \u00c1vila Villegas indic\u00f3 que en cada kil\u00f3metro de la ruta, en ambos sentidos, se instalar\u00e1n m\u00f3dulos de apoyo a la ciudadan\u00eda, as\u00ed como 20 unidades para atender emergencias m\u00e9dicas y 3 ambulancias por cada kil\u00f3metro para intervenir en caso de que sea necesario, a la par de que se designar\u00e1 a un polic\u00eda cada 10 metros en el recorrido.<\/p>\n<p>Precis\u00f3 que para mayor comodidad de los asistentes que presencien el recorrido de Su Santidad, se instalar\u00e1n gradas sobre la Avenida Central de Ecatepec, adem\u00e1s que actualmente se realizan labores de bacheo y de mejoramiento de la imagen urbana, desde el punto se llega hasta los terrenos de El Caracol, donde, en una extensi\u00f3n de 45 hect\u00e1reas, se realizar\u00e1 una celebraci\u00f3n eucar\u00edstica, a la que asistir\u00e1n cerca de 300 mil cat\u00f3licos, cuyo acceso ser\u00e1 gratuito y estar\u00e1 a cargo exclusivamente de la di\u00f3cesis de esta demarcaci\u00f3n.<\/p>\n<p style=\"text-align: center;\"><strong>Capacitan a vendedores de alimentos <\/strong><\/p>\n<p>Ante la visita del Papa Francisco a Ecatepec, la Comisi\u00f3n para la Protecci\u00f3n Contra Riesgos Sanitarios del Estado de M\u00e9xico (Coprisem) y el ayuntamiento local iniciaron la capacitaci\u00f3n a expendedores de alimentos.<\/p>\n<p>El objetivo es que los vendedores, que estar\u00e1n ubicados en los m\u00e1s de ocho kil\u00f3metros de recorrido, cumplan las medidas de higiene y con ello prevenir enfermedades gastrointestinales.<\/p>\n<p>En un comunicado se inform\u00f3 que la prioridad es que los comerciantes cumplan con las normas de sanidad para garantizar el bienes\u00adtar de quienes acudan a la ceremonia religiosa que ofrecer\u00e1 el Pont\u00edfice.<\/p>\n<p>De la misma forma, se detall\u00f3 que durante el evento no se permitir\u00e1n puestos que utilicen gas, anafres y alimentos que se preparen al momento; por otro lado, las bebidas deber\u00e1n ofrecerse en botellas de pl\u00e1stico y selladas.<\/p>\n<p>Asimismo, se dijo que se supervisar\u00e1n establecimientos y negocios en v\u00eda p\u00fablica para evitar la venta de cigarros y alcohol.<\/p>\n<p>La Secretar\u00eda de Salud del Estado de M\u00e9xico indic\u00f3 que desde el 12 de enero y hasta el 10 de febrero los vendedores recibir\u00e1n la orientaci\u00f3n sobre manejo de alimentos y t\u00e9cnicas de higiene.<\/p>\n","protected":false},"excerpt":{"rendered":"<p><span style=\"color: #005497;\">Dulce Correa<\/span><br \/>\n<br \/>\nLa seguridad del Papa Francisco y de los m\u00e1s de 2.3 millones de fieles que se espera lleguen a Ecatepec, Estado de M\u00e9xico, el pr\u00f3ximo 14 de febrero, est\u00e1 garantizada, afirm\u00f3 el alcalde de este municipio, Indalecio R\u00edos Vel\u00e1zquez, quien adem\u00e1s inform\u00f3 que se trabaja con toda celeridad en la log\u00edstica del recorrido y la misa solemne que habr\u00e1 de celebrar Su Santidad en un predio de 45 hect\u00e1reas, denominado El Caracol, que se localiza en la zona de Las Am\u00e9ricas.<\/p>\n","protected":false},"author":3,"featured_media":252223,"comment_status":"open","ping_status":"open","sticky":false,"template":"","format":"standard","meta":{"_monsterinsights_skip_tracking":false,"_monsterinsights_sitenote_active":false,"_monsterinsights_sitenote_note":"","_monsterinsights_sitenote_category":0,"footnotes":""},"categories":[5],"tags":[454,2755,43675,27237,29873,15501],"class_list":["post-252177","post","type-post","status-publish","format-standard","has-post-thumbnail","hentry","category-estado-de-mexico","tag-ecatepec","tag-el-vaticano","tag-estado-de-mexico","tag-francisco","tag-papa","tag-visita"],"_links":{"self":[{"href":"https:\/\/www.diarioimagen.net\/index.php?rest_route=\/wp\/v2\/posts\/252177","targetHints":{"allow":["GET"]}}],"collection":[{"href":"https:\/\/www.diarioimagen.net\/index.php?rest_route=\/wp\/v2\/posts"}],"about":[{"href":"https:\/\/www.diarioimagen.net\/index.php?rest_route=\/wp\/v2\/types\/post"}],"author":[{"embeddable":true,"href":"https:\/\/www.diarioimagen.net\/index.php?rest_route=\/wp\/v2\/users\/3"}],"replies":[{"embeddable":true,"href":"https:\/\/www.diarioimagen.net\/index.php?rest_route=%2Fwp%2Fv2%2Fcomments&post=252177"}],"version-history":[{"count":0,"href":"https:\/\/www.diarioimagen.net\/index.php?rest_route=\/wp\/v2\/posts\/252177\/revisions"}],"wp:featuredmedia":[{"embeddable":true,"href":"https:\/\/www.diarioimagen.net\/index.php?rest_route=\/wp\/v2\/media\/252223"}],"wp:attachment":[{"href":"https:\/\/www.diarioimagen.net\/index.php?rest_route=%2Fwp%2Fv2%2Fmedia&parent=252177"}],"wp:term":[{"taxonomy":"category","embeddable":true,"href":"https:\/\/www.diarioimagen.net\/index.php?rest_route=%2Fwp%2Fv2%2Fcategories&post=252177"},{"taxonomy":"post_tag","embeddable":true,"href":"https:\/\/www.diarioimagen.net\/index.php?rest_route=%2Fwp%2Fv2%2Ftags&post=252177"}],"curies":[{"name":"wp","href":"https:\/\/api.w.org\/{rel}","templated":true}]}}