{"id":252301,"date":"2016-01-25T00:07:00","date_gmt":"2016-01-25T06:07:00","guid":{"rendered":"http:\/\/www.diarioimagen.net\/?p=252301"},"modified":"2016-01-25T22:56:32","modified_gmt":"2016-01-26T04:56:32","slug":"osorio-supervisara-preparativos-para-visita-del-papa","status":"publish","type":"post","link":"https:\/\/www.diarioimagen.net\/?p=252301","title":{"rendered":"Osorio supervisar\u00e1 trabajos por visita papal"},"content":{"rendered":"<ul>\n<li><strong><em>Tuxtla Guti\u00e9rrez<\/em><\/strong><\/li>\n<\/ul>\n<p>&nbsp;<\/p>\n<div id=\"attachment_252302\" style=\"width: 430px\" class=\"wp-caption aligncenter\"><a href=\"http:\/\/www.diarioimagen.net\/?attachment_id=252302\" rel=\"attachment wp-att-252302\"><img loading=\"lazy\" decoding=\"async\" aria-describedby=\"caption-attachment-252302\" class=\"size-large wp-image-252302\" src=\"http:\/\/www.diarioimagen.net\/wp-content\/uploads\/2016\/01\/PAPA-PORTAL-2-420x245.jpg\" alt=\"La ciudad de Tuxtla Guti\u00e9rrez, Chiapas, se prepara tambi\u00e9n para la visita del Papa Francisco el lunes 15 de febrero.\" width=\"420\" height=\"245\" srcset=\"https:\/\/www.diarioimagen.net\/wp-content\/uploads\/2016\/01\/PAPA-PORTAL-2-420x245.jpg 420w, https:\/\/www.diarioimagen.net\/wp-content\/uploads\/2016\/01\/PAPA-PORTAL-2-240x140.jpg 240w, https:\/\/www.diarioimagen.net\/wp-content\/uploads\/2016\/01\/PAPA-PORTAL-2.jpg 480w\" sizes=\"auto, (max-width: 420px) 100vw, 420px\" \/><\/a><p id=\"caption-attachment-252302\" class=\"wp-caption-text\">La ciudad de Tuxtla Guti\u00e9rrez, Chiapas, se prepara tambi\u00e9n para la visita del Papa Francisco el lunes 15 de febrero.<\/p><\/div>\n<p>&nbsp;<\/p>\n<p>Miguel \u00c1ngel Osorio Chong, titular de Gobernaci\u00f3n, supervisar\u00e1 este mi\u00e9rcoles en Tuxtla Guti\u00e9rrez los preparativos en materia de seguridad, infraestructura e imagen urbana que se realizan en esta ciudad para la pr\u00f3xima visita del papa Francisco.<\/p>\n<p>El alcalde de Tuxtla Guti\u00e9rrez, Fernando Castellanos Cal y Mayor, inform\u00f3 que est\u00e1n por terminarse algunas obras que iniciaron, incluso, antes de conocer que el sumo pont\u00edfice acudir\u00eda a esta ciudad en el marco de su visita pastoral a M\u00e9xico, que iniciar\u00e1 el 12 de febrero.<\/p>\n<p>Inform\u00f3 que del 5 al 7 de febrero se llevar\u00e1 a cabo el carnaval de Tuxtla Guti\u00e9rrez, es decir, una semana antes de que llegue el Papa a la capital, por lo que se emplear\u00e1 el esquema para atraer m\u00e1s turistas.<\/p>\n<p>Asegur\u00f3 que el municipio est\u00e1 completamente preparado y \u201ccon j\u00fabilo\u201d para recibir la visita del jefe del Sumo Pont\u00edfice.<\/p>\n<p>Adelant\u00f3 que la derrama econ\u00f3mica por la presencia del Papa Francisco a esta ciudad podr\u00eda oscilar entre 150 y 200 millones de pesos.<\/p>\n<p>Ante la gran cantidad de visitantes que se espera esos d\u00edas, anunci\u00f3 que el ayuntamiento lanzar\u00e1 el 30 de enero un micrositio en la p\u00e1gina Tuxtla.gob.mx para que todos aquellos tuxtlecos que tengan un departamento, un cuarto, una casa o alg\u00fan espacio de alojamiento suban su oferta de hospedaje, que no es hotelera.<\/p>\n<p>\u201cHay mucha gente aqu\u00ed en Tuxtla que puede recibir en su casa o rentando alg\u00fan espacio de alojamiento, una oportunidad adicional a lo que ya est\u00e1 restringido dada la ocupaci\u00f3n que se est\u00e1 dando en los hoteles\u201d, mencion\u00f3.<\/p>\n<p style=\"text-align: center;\"><strong>Bajo resguardo, la Llave de la ciudad que recibir\u00e1 Francisco<\/strong><\/p>\n<p>Por otra parte, la Llave, Medalla y Pergamino de Hu\u00e9sped Distinguido de la Ciudad de M\u00e9xico que le ser\u00e1n entregados al Papa Francisco el pr\u00f3ximo 13 de febrero, se encuentran listos y bajo resguardo del gobierno de la ciudad de M\u00e9xico.<\/p>\n<p>Hechas de plata, la llave y medalla de la ciudad fueron acu\u00f1adas por artesanos mexicanos, ambas exponen el escudo de la capital del pa\u00eds y en el caso de la segunda, el nombre de la persona merecedora de este reconocimiento.<\/p>\n<p>Mientras que el pergamino es un certificado elaborado en hoja de plata, con el escudo de la ciudad y el nombre de quien lo recibe.<\/p>\n<p>El director general de Protocolo y Diplomacia de la Coordinaci\u00f3n de Asuntos Internacionales de la ciudad, Claudio Ruz Guti\u00e9rrez, explica que las llaves y medalla se otorgan a visitantes y personalidades distinguidas como muestra de hermanamiento.<\/p>\n","protected":false},"excerpt":{"rendered":"<p>Miguel \u00c1ngel Osorio Chong, titular de Gobernaci\u00f3n, supervisar\u00e1 este mi\u00e9rcoles en Tuxtla Guti\u00e9rrez los preparativos en materia de seguridad, infraestructura e imagen urbana que se realizan en esta ciudad para la pr\u00f3xima visita del papa Francisco.<\/p>\n","protected":false},"author":5,"featured_media":252302,"comment_status":"open","ping_status":"open","sticky":false,"template":"","format":"standard","meta":{"_monsterinsights_skip_tracking":false,"_monsterinsights_sitenote_active":false,"_monsterinsights_sitenote_note":"","_monsterinsights_sitenote_category":0,"footnotes":""},"categories":[3],"tags":[27237,3676,43673,15501],"class_list":["post-252301","post","type-post","status-publish","format-standard","has-post-thumbnail","hentry","category-nacional","tag-francisco","tag-miguel-angel-osorio-chong","tag-nacional","tag-visita"],"_links":{"self":[{"href":"https:\/\/www.diarioimagen.net\/index.php?rest_route=\/wp\/v2\/posts\/252301","targetHints":{"allow":["GET"]}}],"collection":[{"href":"https:\/\/www.diarioimagen.net\/index.php?rest_route=\/wp\/v2\/posts"}],"about":[{"href":"https:\/\/www.diarioimagen.net\/index.php?rest_route=\/wp\/v2\/types\/post"}],"author":[{"embeddable":true,"href":"https:\/\/www.diarioimagen.net\/index.php?rest_route=\/wp\/v2\/users\/5"}],"replies":[{"embeddable":true,"href":"https:\/\/www.diarioimagen.net\/index.php?rest_route=%2Fwp%2Fv2%2Fcomments&post=252301"}],"version-history":[{"count":0,"href":"https:\/\/www.diarioimagen.net\/index.php?rest_route=\/wp\/v2\/posts\/252301\/revisions"}],"wp:featuredmedia":[{"embeddable":true,"href":"https:\/\/www.diarioimagen.net\/index.php?rest_route=\/wp\/v2\/media\/252302"}],"wp:attachment":[{"href":"https:\/\/www.diarioimagen.net\/index.php?rest_route=%2Fwp%2Fv2%2Fmedia&parent=252301"}],"wp:term":[{"taxonomy":"category","embeddable":true,"href":"https:\/\/www.diarioimagen.net\/index.php?rest_route=%2Fwp%2Fv2%2Fcategories&post=252301"},{"taxonomy":"post_tag","embeddable":true,"href":"https:\/\/www.diarioimagen.net\/index.php?rest_route=%2Fwp%2Fv2%2Ftags&post=252301"}],"curies":[{"name":"wp","href":"https:\/\/api.w.org\/{rel}","templated":true}]}}