{"id":252351,"date":"2016-01-25T00:05:34","date_gmt":"2016-01-25T06:05:34","guid":{"rendered":"http:\/\/www.diarioimagen.net\/?p=252351"},"modified":"2016-01-25T22:55:58","modified_gmt":"2016-01-26T04:55:58","slug":"capacitan-a-policias-en-nuevo-sistema-de-justicia","status":"publish","type":"post","link":"https:\/\/www.diarioimagen.net\/?p=252351","title":{"rendered":"Capacitan a polic\u00edas en nuevo sistema de justicia"},"content":{"rendered":"<h2>Arco Norte<\/h2>\n<h5>Jos\u00e9 Luis Monta\u00f1ez Aguilar<\/h5>\n<p>&nbsp;<\/p>\n<div id=\"attachment_252432\" style=\"width: 430px\" class=\"wp-caption aligncenter\"><a href=\"http:\/\/www.diarioimagen.net\/?attachment_id=252432\" rel=\"attachment wp-att-252432\"><img loading=\"lazy\" decoding=\"async\" aria-describedby=\"caption-attachment-252432\" class=\"size-large wp-image-252432\" src=\"http:\/\/www.diarioimagen.net\/wp-content\/uploads\/2016\/01\/arco-2789-420x279.jpg\" alt=\"A trav\u00e9s de la PGEM se han realizado 118 cursos dirigidos a 3 mil 062 Ministerios P\u00fablicos, polic\u00edas ministeriales y peritos, adem\u00e1s mil 160 elementos de esta dependencia han sido capacitados por el Instituto Mexiquense de Seguridad y Justicia, y mil 83 servidores p\u00fablicos tomaron cursos en l\u00ednea sobre el Sistema de Justicia Penal, entre otras acciones.\" width=\"420\" height=\"279\" srcset=\"https:\/\/www.diarioimagen.net\/wp-content\/uploads\/2016\/01\/arco-2789-420x279.jpg 420w, https:\/\/www.diarioimagen.net\/wp-content\/uploads\/2016\/01\/arco-2789-240x160.jpg 240w, https:\/\/www.diarioimagen.net\/wp-content\/uploads\/2016\/01\/arco-2789-768x511.jpg 768w, https:\/\/www.diarioimagen.net\/wp-content\/uploads\/2016\/01\/arco-2789.jpg 1200w\" sizes=\"auto, (max-width: 420px) 100vw, 420px\" \/><\/a><p id=\"caption-attachment-252432\" class=\"wp-caption-text\">A trav\u00e9s de la PGEM se han realizado 118 cursos dirigidos a 3 mil 062 Ministerios P\u00fablicos, polic\u00edas ministeriales y peritos, adem\u00e1s mil 160 elementos de esta dependencia han sido capacitados por el Instituto Mexiquense de Seguridad y Justicia, y mil 83 servidores p\u00fablicos tomaron cursos en l\u00ednea sobre el Sistema de Justicia Penal, entre otras acciones.<\/p><\/div>\n<p>&nbsp;<\/p>\n<p>Para preservar el estado de Derecho, en el Estado de M\u00e9xico se capacita y actualiza de manera constante a los elementos de los cuerpos de seguridad, afirm\u00f3 el gobernador Eruviel \u00c1vila Villegas durante la entrega de constancias a polic\u00edas estatales y municipales que tomaron el curso-taller Primer Respondiente, que tiene como finalidad brindarles las herramientas y conocimientos necesarios sobre el nuevo Sistema de Justicia Penal que entra en vigor este a\u00f1o.<\/p>\n<p>Durante la entrega de 746 constancias del curso taller Primer Respondiente, el cual tuvo una duraci\u00f3n de 40 horas impartidas en cinco d\u00edas, Eruviel \u00c1vila se\u00f1al\u00f3 que la meta es que 43 mil elementos policiacos reciban esta capacitaci\u00f3n, y con ello los integrantes de estas corporaciones brinden un mejor servicio a la sociedad mexiquense.<\/p>\n<p>\u201cSon los compa\u00f1eros, el Primer Respondiente, el que despu\u00e9s tendr\u00e1 que ir con el juez correspondiente a aportar las pruebas, a rendir su testimonio.<\/p>\n<p>Es importante detener a los delincuentes, es importante capturarlos, pero tan importante es capturarlos como poder colaborar para que estos delincuentes sean sentenciados en forma ejemplar.<\/p>\n<p>Y ustedes verdaderos h\u00e9roes no an\u00f3nimos, h\u00e9roes con nombre y apellido, juegan un papel y est\u00e1n jugando un papel muy importante para poder sentenciar a estos delincuentes\u201d, apunt\u00f3.<\/p>\n<p>El titular del Ejecutivo estatal afirm\u00f3 que esta acci\u00f3n forma parte del plan estrat\u00e9gico de seguridad que se lleva a cabo a nivel nacional, y destac\u00f3 que con la entrada en vigor del C\u00f3digo Nacional de Procedimientos Penales, instancias como la Procuradur\u00eda del Estado de M\u00e9xico y el Poder Judicial de la entidad, tambi\u00e9n contin\u00faan prepar\u00e1ndose en este nuevo ordenamiento legal.<\/p>\n<p><em><a href=\"mailto:montanezaguilar@gmail.com\" target=\"_blank\">montanezaguilar@gmail.com<\/a><\/em><\/p>\n","protected":false},"excerpt":{"rendered":"<p><span style=\"color: #005497;\">Jos\u00e9 Luis Monta\u00f1ez Aguilar<\/span><br \/>\n<br \/>\nPara preservar el estado de Derecho, en el Estado de M\u00e9xico se capacita y actualiza de manera constante a los elementos de los cuerpos de seguridad, afirm\u00f3 el gobernador Eruviel \u00c1vila Villegas durante la entrega de constancias a polic\u00edas estatales y municipales que tomaron el curso-taller Primer Respondiente, que tiene como finalidad brindarles las herramientas y conocimientos necesarios sobre el nuevo Sistema de Justicia Penal que entra en vigor este a\u00f1o.<\/p>\n","protected":false},"author":3,"featured_media":252432,"comment_status":"open","ping_status":"open","sticky":false,"template":"","format":"standard","meta":{"_monsterinsights_skip_tracking":false,"_monsterinsights_sitenote_active":false,"_monsterinsights_sitenote_note":"","_monsterinsights_sitenote_category":0,"footnotes":""},"categories":[5],"tags":[13284,43704,43674],"class_list":["post-252351","post","type-post","status-publish","format-standard","has-post-thumbnail","hentry","category-estado-de-mexico","tag-arco-norte","tag-jose-luis-montanez-aguilar","tag-opinion"],"_links":{"self":[{"href":"https:\/\/www.diarioimagen.net\/index.php?rest_route=\/wp\/v2\/posts\/252351","targetHints":{"allow":["GET"]}}],"collection":[{"href":"https:\/\/www.diarioimagen.net\/index.php?rest_route=\/wp\/v2\/posts"}],"about":[{"href":"https:\/\/www.diarioimagen.net\/index.php?rest_route=\/wp\/v2\/types\/post"}],"author":[{"embeddable":true,"href":"https:\/\/www.diarioimagen.net\/index.php?rest_route=\/wp\/v2\/users\/3"}],"replies":[{"embeddable":true,"href":"https:\/\/www.diarioimagen.net\/index.php?rest_route=%2Fwp%2Fv2%2Fcomments&post=252351"}],"version-history":[{"count":0,"href":"https:\/\/www.diarioimagen.net\/index.php?rest_route=\/wp\/v2\/posts\/252351\/revisions"}],"wp:featuredmedia":[{"embeddable":true,"href":"https:\/\/www.diarioimagen.net\/index.php?rest_route=\/wp\/v2\/media\/252432"}],"wp:attachment":[{"href":"https:\/\/www.diarioimagen.net\/index.php?rest_route=%2Fwp%2Fv2%2Fmedia&parent=252351"}],"wp:term":[{"taxonomy":"category","embeddable":true,"href":"https:\/\/www.diarioimagen.net\/index.php?rest_route=%2Fwp%2Fv2%2Fcategories&post=252351"},{"taxonomy":"post_tag","embeddable":true,"href":"https:\/\/www.diarioimagen.net\/index.php?rest_route=%2Fwp%2Fv2%2Ftags&post=252351"}],"curies":[{"name":"wp","href":"https:\/\/api.w.org\/{rel}","templated":true}]}}