{"id":252377,"date":"2016-01-25T00:04:45","date_gmt":"2016-01-25T06:04:45","guid":{"rendered":"http:\/\/www.diarioimagen.net\/?p=252377"},"modified":"2016-01-25T01:32:35","modified_gmt":"2016-01-25T07:32:35","slug":"reanudan-actividades-en-centro-cultural-agora","status":"publish","type":"post","link":"https:\/\/www.diarioimagen.net\/?p=252377","title":{"rendered":"Reanudan actividades en Centro Cultural \u00c1gora"},"content":{"rendered":"<ul>\n<li><strong><em>En el Parque Naucalli<\/em><\/strong><\/li>\n<\/ul>\n<p>&nbsp;<\/p>\n<div id=\"attachment_252425\" style=\"width: 430px\" class=\"wp-caption aligncenter\"><a href=\"http:\/\/www.diarioimagen.net\/?attachment_id=252425\" rel=\"attachment wp-att-252425\"><img loading=\"lazy\" decoding=\"async\" aria-describedby=\"caption-attachment-252425\" class=\"size-large wp-image-252425\" src=\"http:\/\/www.diarioimagen.net\/wp-content\/uploads\/2016\/01\/NAUCALPAN-2789-420x236.jpg\" alt=\"La\u00a0 presidenta del DIF de Naucalpan, Liliana Carbajal M\u00e9ndez, durante la presentaci\u00f3n del libro \u201cEcos de Gloria. El Batall\u00f3n de San Patricio y la Guerrilla Mexicana\u201d, de Arturo Ortega Blake.\" width=\"420\" height=\"236\" srcset=\"https:\/\/www.diarioimagen.net\/wp-content\/uploads\/2016\/01\/NAUCALPAN-2789-420x236.jpg 420w, https:\/\/www.diarioimagen.net\/wp-content\/uploads\/2016\/01\/NAUCALPAN-2789-240x135.jpg 240w, https:\/\/www.diarioimagen.net\/wp-content\/uploads\/2016\/01\/NAUCALPAN-2789-235x132.jpg 235w, https:\/\/www.diarioimagen.net\/wp-content\/uploads\/2016\/01\/NAUCALPAN-2789-202x114.jpg 202w, https:\/\/www.diarioimagen.net\/wp-content\/uploads\/2016\/01\/NAUCALPAN-2789-350x196.jpg 350w, https:\/\/www.diarioimagen.net\/wp-content\/uploads\/2016\/01\/NAUCALPAN-2789-220x123.jpg 220w, https:\/\/www.diarioimagen.net\/wp-content\/uploads\/2016\/01\/NAUCALPAN-2789-237x132.jpg 237w, https:\/\/www.diarioimagen.net\/wp-content\/uploads\/2016\/01\/NAUCALPAN-2789.jpg 480w\" sizes=\"auto, (max-width: 420px) 100vw, 420px\" \/><\/a><p id=\"caption-attachment-252425\" class=\"wp-caption-text\">La\u00a0 presidenta del DIF de Naucalpan, Liliana Carbajal M\u00e9ndez, durante la presentaci\u00f3n del libro \u201cEcos de Gloria. El Batall\u00f3n de San Patricio y la Guerrilla Mexicana\u201d, de Arturo Ortega Blake.<\/p><\/div>\n<p>&nbsp;<\/p>\n<p><strong>Naucalpan, Estado de M\u00e9xico<\/strong>.- Con la conferencia del libro \u201cEcos de Gloria. El Batall\u00f3n de San Patricio y la Guerrilla Mexicana\u201d de Arturo Ortega Blake, la administraci\u00f3n 2016-2018, encabezada por Edgar Armando Olvera Higuera, se reactivan las actividades culturales del Centro Cultural \u00c1gora.<\/p>\n<p>En el \u00a0Parque Naucalli,\u00a0 se efectu\u00f3 la conferencia con\u00a0 la participaci\u00f3n de Carlos Mayer Anaya, director del recinto; Juan Francisco Trejo, Premio Nacional de Locuci\u00f3n 2011, adem\u00e1s del autor, Arturo Ortega Blake, y como invitados de honor la presidenta del DIF Municipal, Liliana Carbajal M\u00e9ndez y el director del Instituto de Cultura y Parque Naucalli, David Oviedo Gonz\u00e1lez.<\/p>\n<p>La\u00a0 presidenta del DIF de Naucalpan, Liliana Carbajal M\u00e9ndez, indic\u00f3\u00a0 que la administraci\u00f3n municipal apoya la difusi\u00f3n de la cultura. \u201cConocer nuestra historia, nos va a dar un criterio y una formaci\u00f3n de conciencia, por lo que seremos mejores mexicanos y mejores naucalpenses\u201d, dijo.<\/p>\n<p>Por su parte, David Oviedo Gonz\u00e1lez, director general del Instituto de Cultura y Parque Naucalli, expres\u00f3 que la dependencia pretende dar a conocer este tipo de publicaciones a la sociedad naucalpense, \u201cpara que tengamos un poco m\u00e1s de conocimiento de nuestra identidad, de nuestros or\u00edgenes,\u00a0 esperemos que los naucalpenses se acerquen, es parte de la estrategia de cultura del gobierno municipal\u201d, puntualiz\u00f3 Oviedo Gonz\u00e1lez.<\/p>\n<p>\u201cEcos de Gloria. El Batall\u00f3n de San Patricio y la Guerrilla Mexicana\u201d, es un libro que narra la historia de un grupo de soldados irlandeses que desertaron de las filas estadounidenses para unirse al bando mexicano y, liderados por John Reilly, combatieron al ej\u00e9rcito invasor en la Batalla de La Angostura, en Coahuila en 1847. Tambi\u00e9n refiere la creaci\u00f3n de la guerrilla mexicana, con Celedonio Jarauta a la cabeza, que enfrentaron a los norteamericanos en Veracruz.<\/p>\n<p>De acuerdo con el autor, Ortega Blake, ambos personajes coincidieron en algo: el general Santana traicion\u00f3 al pa\u00eds. Cuando estuvo a punto de vencer a los invasores orden\u00f3 retirada, en el caso de Coahuila, y en el caso de Veracruz hubo un armisticio, desaprobado por el pueblo.<\/p>\n<p>&nbsp;<\/p>\n","protected":false},"excerpt":{"rendered":"<p>Con la conferencia del libro \u201cEcos de Gloria. El Batall\u00f3n de San Patricio y la Guerrilla Mexicana\u201d de Arturo Ortega Blake, la administraci\u00f3n 2016-2018, encabezada por Edgar Armando Olvera Higuera, se reactivan las actividades culturales del Centro Cultural \u00c1gora.<\/p>\n","protected":false},"author":3,"featured_media":252425,"comment_status":"open","ping_status":"open","sticky":false,"template":"","format":"standard","meta":{"_monsterinsights_skip_tracking":false,"_monsterinsights_sitenote_active":false,"_monsterinsights_sitenote_note":"","_monsterinsights_sitenote_category":0,"footnotes":""},"categories":[35155],"tags":[43675,7545,970],"class_list":["post-252377","post","type-post","status-publish","format-standard","has-post-thumbnail","hentry","category-estado-de-mexico-estado-de-mexico","tag-estado-de-mexico","tag-libro","tag-naucalpan"],"_links":{"self":[{"href":"https:\/\/www.diarioimagen.net\/index.php?rest_route=\/wp\/v2\/posts\/252377","targetHints":{"allow":["GET"]}}],"collection":[{"href":"https:\/\/www.diarioimagen.net\/index.php?rest_route=\/wp\/v2\/posts"}],"about":[{"href":"https:\/\/www.diarioimagen.net\/index.php?rest_route=\/wp\/v2\/types\/post"}],"author":[{"embeddable":true,"href":"https:\/\/www.diarioimagen.net\/index.php?rest_route=\/wp\/v2\/users\/3"}],"replies":[{"embeddable":true,"href":"https:\/\/www.diarioimagen.net\/index.php?rest_route=%2Fwp%2Fv2%2Fcomments&post=252377"}],"version-history":[{"count":0,"href":"https:\/\/www.diarioimagen.net\/index.php?rest_route=\/wp\/v2\/posts\/252377\/revisions"}],"wp:featuredmedia":[{"embeddable":true,"href":"https:\/\/www.diarioimagen.net\/index.php?rest_route=\/wp\/v2\/media\/252425"}],"wp:attachment":[{"href":"https:\/\/www.diarioimagen.net\/index.php?rest_route=%2Fwp%2Fv2%2Fmedia&parent=252377"}],"wp:term":[{"taxonomy":"category","embeddable":true,"href":"https:\/\/www.diarioimagen.net\/index.php?rest_route=%2Fwp%2Fv2%2Fcategories&post=252377"},{"taxonomy":"post_tag","embeddable":true,"href":"https:\/\/www.diarioimagen.net\/index.php?rest_route=%2Fwp%2Fv2%2Ftags&post=252377"}],"curies":[{"name":"wp","href":"https:\/\/api.w.org\/{rel}","templated":true}]}}