{"id":252509,"date":"2016-01-26T00:04:51","date_gmt":"2016-01-26T06:04:51","guid":{"rendered":"http:\/\/www.diarioimagen.net\/?p=252509"},"modified":"2016-01-27T00:30:26","modified_gmt":"2016-01-27T06:30:26","slug":"el-peso-se-deprecia-21-frente-al-dolar","status":"publish","type":"post","link":"https:\/\/www.diarioimagen.net\/?p=252509","title":{"rendered":"El peso se deprecia 21% frente al d\u00f3lar"},"content":{"rendered":"<ul>\n<li><strong><em>En el \u00faltimo a\u00f1o<\/em><\/strong><\/li>\n<\/ul>\n<p>&nbsp;<\/p>\n<div id=\"attachment_252510\" style=\"width: 430px\" class=\"wp-caption aligncenter\"><a href=\"http:\/\/www.diarioimagen.net\/?attachment_id=252510\" rel=\"attachment wp-att-252510\"><img loading=\"lazy\" decoding=\"async\" aria-describedby=\"caption-attachment-252510\" class=\"size-large wp-image-252510\" src=\"http:\/\/www.diarioimagen.net\/wp-content\/uploads\/2016\/01\/CARSTENS-portal-420x245.jpg\" alt=\"El peso mexicano ha perdido 21 por ciento de su valor frente el d\u00f3lar en el \u00faltimo a\u00f1o. Banxico prev\u00e9 que se revaluar\u00e1 de manera significativa tras la turbulencia financiera.\" width=\"420\" height=\"245\" srcset=\"https:\/\/www.diarioimagen.net\/wp-content\/uploads\/2016\/01\/CARSTENS-portal-420x245.jpg 420w, https:\/\/www.diarioimagen.net\/wp-content\/uploads\/2016\/01\/CARSTENS-portal-240x140.jpg 240w, https:\/\/www.diarioimagen.net\/wp-content\/uploads\/2016\/01\/CARSTENS-portal.jpg 480w\" sizes=\"auto, (max-width: 420px) 100vw, 420px\" \/><\/a><p id=\"caption-attachment-252510\" class=\"wp-caption-text\">El peso mexicano ha perdido 21 por ciento de su valor frente el d\u00f3lar en el \u00faltimo a\u00f1o. Banxico prev\u00e9 que se revaluar\u00e1 de manera significativa tras la turbulencia financiera.<\/p><\/div>\n<p>&nbsp;<\/p>\n<p>El gobernador del Banco de M\u00e9xico, Agust\u00edn Carstens, consider\u00f3 que una vez que pase el clima de volatilidad internacional, el peso mexicano se revaluar\u00e1 de manera significativa tras haber perdido 21 por ciento de su valor frente el d\u00f3lar en el \u00faltimo a\u00f1o.<\/p>\n<p>Explic\u00f3 que M\u00e9xico ha sido percibido de manera injusta por inversionistas internacionales junto a otras econom\u00edas emergentes, lo que ha causado una severa devaluaci\u00f3n de la moneda mexicana.<\/p>\n<p>\u201cMi impresi\u00f3n es que ha habido cierta exageraci\u00f3n en la reacci\u00f3n en particular en el tipo de cambio\u201d, se\u00f1al\u00f3 el funcionario en una entrevista ofrecida en el marco del Foro Econ\u00f3mico Mundial de Davos, en Suiza.<\/p>\n<p>En una entrevista publicada en el diario <em>The Wall Street Journal<\/em>, Carstens expres\u00f3 que debido a que los mercados mexicanos tienen profundidad y liquidez, los inversionistas tienden a vender activos de ese pa\u00eds cuando quieren deshacerse de inversiones de econom\u00edas emergentes en general.<\/p>\n<p>\u201cCon el tiempo esa presi\u00f3n tiende a desaparecer. Eso puede dar lugar a una correcci\u00f3n significativa, en el caso de (la moneda de) M\u00e9xico por ejemplo, que es algo que yo esperar\u00eda\u201d.<\/p>\n<p>Inform\u00f3 que espera adem\u00e1s ce\u00f1irse al plan de aumentar las tasas de inter\u00e9s de corto plazo en sinton\u00eda con la Reserva Federal (Fed) en Estados Unidos para asegurar que los inversionistas no vendan los activos financieros mexicanos, lo que pondr\u00eda mayor presi\u00f3n a la baja en la moneda.<\/p>\n<p>\u201cA\u00fan necesitamos proveer un sentido de estabilidad por alg\u00fan tiempo\u201d, precis\u00f3 Carstens en torno al ritmo de aumentos de tasas de inter\u00e9s, y a su intenci\u00f3n de seguir los pasos de la Fed.<\/p>\n<p>A\u00f1adi\u00f3: \u201cTenemos mucho capital invertido en M\u00e9xico y queremos que se quede. Necesitamos estar conscientes de eso para que no sea un factor desestabilizador\u201d.<\/p>\n<p>M\u00e9xico ha enfrentado la ca\u00edda internacional de los precios del crudo, lo que ubic\u00f3 en d\u00edas recientes la mezcla mexicana por debajo de los 20 d\u00f3lares por barril, adem\u00e1s de que el peso toc\u00f3 un nuevo fondo al venderse alrededor de los 18.80 unidades por d\u00f3lar.<\/p>\n<p>Cuando la Fed aument\u00f3 su tasa de inter\u00e9s luego de siete a\u00f1os en diciembre, Carstens revel\u00f3 en la entrevista que en M\u00e9xico \u201cno podr\u00edamos arriesgarnos a no responder a ello\u201d.<\/p>\n<p>\u201cM\u00e9xico est\u00e1 estrechamente ligado a Estados Unidos. Para nosotros no es tan importante lo que otros bancos centrales est\u00e1n haciendo. Lo que hace el banco central de Estados Unidos es realmente importante para nosotros\u201d, enfatiz\u00f3 Carstens.<\/p>\n","protected":false},"excerpt":{"rendered":"<p>El gobernador del Banco de M\u00e9xico, Agust\u00edn Carstens, consider\u00f3 que una vez que pase el clima de volatilidad internacional, el peso mexicano se revaluar\u00e1 de manera significativa tras haber perdido 21 por ciento de su valor frente el d\u00f3lar en el \u00faltimo a\u00f1o.<\/p>\n","protected":false},"author":5,"featured_media":252510,"comment_status":"open","ping_status":"open","sticky":false,"template":"","format":"standard","meta":{"_monsterinsights_skip_tracking":false,"_monsterinsights_sitenote_active":false,"_monsterinsights_sitenote_note":"","_monsterinsights_sitenote_category":0,"footnotes":""},"categories":[8],"tags":[23098,1520,293,43678,4996],"class_list":["post-252509","post","type-post","status-publish","format-standard","has-post-thumbnail","hentry","category-finanzas","tag-agustin-carstens-carstens","tag-banco-de-mexico","tag-dolar","tag-finanzas","tag-peso"],"_links":{"self":[{"href":"https:\/\/www.diarioimagen.net\/index.php?rest_route=\/wp\/v2\/posts\/252509","targetHints":{"allow":["GET"]}}],"collection":[{"href":"https:\/\/www.diarioimagen.net\/index.php?rest_route=\/wp\/v2\/posts"}],"about":[{"href":"https:\/\/www.diarioimagen.net\/index.php?rest_route=\/wp\/v2\/types\/post"}],"author":[{"embeddable":true,"href":"https:\/\/www.diarioimagen.net\/index.php?rest_route=\/wp\/v2\/users\/5"}],"replies":[{"embeddable":true,"href":"https:\/\/www.diarioimagen.net\/index.php?rest_route=%2Fwp%2Fv2%2Fcomments&post=252509"}],"version-history":[{"count":0,"href":"https:\/\/www.diarioimagen.net\/index.php?rest_route=\/wp\/v2\/posts\/252509\/revisions"}],"wp:featuredmedia":[{"embeddable":true,"href":"https:\/\/www.diarioimagen.net\/index.php?rest_route=\/wp\/v2\/media\/252510"}],"wp:attachment":[{"href":"https:\/\/www.diarioimagen.net\/index.php?rest_route=%2Fwp%2Fv2%2Fmedia&parent=252509"}],"wp:term":[{"taxonomy":"category","embeddable":true,"href":"https:\/\/www.diarioimagen.net\/index.php?rest_route=%2Fwp%2Fv2%2Fcategories&post=252509"},{"taxonomy":"post_tag","embeddable":true,"href":"https:\/\/www.diarioimagen.net\/index.php?rest_route=%2Fwp%2Fv2%2Ftags&post=252509"}],"curies":[{"name":"wp","href":"https:\/\/api.w.org\/{rel}","templated":true}]}}