{"id":252621,"date":"2016-01-26T00:03:15","date_gmt":"2016-01-26T06:03:15","guid":{"rendered":"http:\/\/www.diarioimagen.net\/?p=252621"},"modified":"2016-01-26T02:49:44","modified_gmt":"2016-01-26T08:49:44","slug":"nuno-reforma-en-escuelas","status":"publish","type":"post","link":"https:\/\/www.diarioimagen.net\/?p=252621","title":{"rendered":"Nu\u00f1o: reforma en escuelas"},"content":{"rendered":"<h2>Desde el portal<\/h2>\n<h5>\u00c1ngel Soriano<\/h5>\n<p>&nbsp;<\/p>\n<p>Acompa\u00f1ado del jefe de gobierno de la CDMX, Miguel \u00c1ngel Mancera y los dirigentes de la Conago, Eruviel \u00c1vila y Graco G. Ram\u00edrez, el titular de la SEP, Aurelio Nu\u00f1o, anunci\u00f3 la flexibilizaci\u00f3n del calendario escolar y ajustes en el funcionamiento de las escuelas, como parte de la reforma educativa en marcha y administrar mejor el tiempo de clases y el manejo de los asuntos administrativos.<\/p>\n<p>Es importante flexibilizar el calendario -de 185 y 200 d\u00edas de clases- con el objeto de adaptarse mejor a las necesidades del magisterio, personal administrativo y padres de familia, a efecto de eliminar barreras que complican todo el aparato productivo del pa\u00eds al saturar, por ejemplo, con los mismos d\u00edas y horarios de clase al mismo tiempo que congestiona calles y hace de \u00e9stas un verdadero peligro cuando todo mundo desea llegar a tiempo a la escuela.<\/p>\n<p>De acuerdo a Nu\u00f1o, actualmente s\u00f3lo se aprovecha 60 por tiempo del tiempo de clases; los directores de las escuelas tienen carga de trabajo, escolar y administrativa, y carecen de autonom\u00eda y capacidad de gesti\u00f3n para mejorar su funcionamiento, por lo que con la reforma al Art\u00edculo 51 de la Ley General de Educaci\u00f3n, se agilizar\u00e1 todo lo que ahora representa una traba para el mejor desempe\u00f1o escolar.<\/p>\n<p>Cuando menos la presencia de los gobernadores de distintos partidos y aspiraciones pol\u00edticas en las aulas es una muestra de que s\u00ed hay disposici\u00f3n de cambiar y de mejorar todo lo que durante d\u00e9cadas hab\u00eda permanecido inamovible, pero que ahora se tendr\u00e1 que remover, con decisi\u00f3n pol\u00edtica y autoridad, para impulsar en realidad los cambios que requiere el pa\u00eds.<\/p>\n<p style=\"text-align: center;\"><strong>TURBULENCIAS<br \/>\nEn favor de la \u201ccannabis\u201d<\/strong><\/p>\n<p>Un grupo de pacientes y familiares de varias partes del pa\u00eds enviaron una carta al diputado Jes\u00fas Zambrano, presidente de la Mesa Directiva de la C\u00e1mara de Diputados, para informarle: \u201cnos unimos para luchar por nuestra salud y la de nuestros seres queridos; en nuestro pa\u00eds, como bien lo sabe, el derecho a la salud est\u00e1 garantizado en el art\u00edculo 4\u00ba. de nuestra Carta Magna, el cual en su cuarto p\u00e1rrafo a la letra dice: \u201cToda persona tiene derecho a la protecci\u00f3n de la salud\u201d en el mismo art\u00edculo, tambi\u00e9n se establece el principio del inter\u00e9s superior de la ni\u00f1ez, por estos motivos es que decidimos levantar la voz para exigir que se respete la norma constitucional y nuestros derechos\u2026El Grupo \u201cExcelencias\u201d otorg\u00f3 al gobierno de Oaxaca el Premio Excelencias, al considerar a la Ruta \u201cCaminos del Mezcal\u201d, como el Mejor Producto Tur\u00edstico a escala mundial, cuyo m\u00e9rito fue entregado durante la Feria Internacional de Turismo (Fitur) 2016, realizada en Madrid Espa\u00f1a. Esta condecoraci\u00f3n constituye un paso importante para el desarrollo de las potencialidades que est\u00e1n adquiriendo las 27 mil familias dedicadas a esta importante actividad, adem\u00e1s de posicionar la marca \u201cMezcales de Oaxaca\u201d en los nuevos mercados internacionales\u2026En 2015, 13 millones 583 mil 757 hogares en el pa\u00eds, 41.8 por ciento del total, tomaron alguna medida de protecci\u00f3n para evitar ser blanco de la delincuencia, seg\u00fan datos que arroja la \u00faltima Encuesta Nacional de Victimizaci\u00f3n y Percepci\u00f3n sobre Seguridad P\u00fablica (ENVIPE) 2015, coordinada por el Instituto Nacional de Estad\u00edstica, y Geograf\u00eda (INEGI). Estas cifras reflejan la gran inquietud de la poblaci\u00f3n a lo largo del pa\u00eds por proteger lo que m\u00e1s valoran: su familia. Los sistemas de alarmas en casas-habitaci\u00f3n son una forma de protecci\u00f3n contra la delincuencia y una manera de llevar una vida m\u00e1s tranquila, sin sobresaltos inform\u00f3 el experto en la materia Roberto Rivera, director de Relaciones Institucionales en ADT-Tyco\u2026<\/p>\n<p><em><a href=\"http:\/\/www.revista-brecha.com\/\" target=\"_blank\">www.revista-brecha.com<br \/>\n<\/a><a href=\"mailto:vidanacional@yahoo.com.mx\" target=\"_blank\">vidanacional@yahoo.com.mx<\/a><\/em><\/p>\n","protected":false},"excerpt":{"rendered":"<p><span style=\"color: #005497;\"><strong>\u00c1ngel Soriano<\/strong><\/span><\/p>\n","protected":false},"author":3,"featured_media":0,"comment_status":"open","ping_status":"open","sticky":false,"template":"","format":"standard","meta":{"_monsterinsights_skip_tracking":false,"footnotes":""},"categories":[135],"tags":[85,86,43674],"class_list":["post-252621","post","type-post","status-publish","format-standard","hentry","category-angel-soriano-opinion","tag-angel-soriano","tag-desde-el-portal","tag-opinion"],"_links":{"self":[{"href":"https:\/\/www.diarioimagen.net\/index.php?rest_route=\/wp\/v2\/posts\/252621","targetHints":{"allow":["GET"]}}],"collection":[{"href":"https:\/\/www.diarioimagen.net\/index.php?rest_route=\/wp\/v2\/posts"}],"about":[{"href":"https:\/\/www.diarioimagen.net\/index.php?rest_route=\/wp\/v2\/types\/post"}],"author":[{"embeddable":true,"href":"https:\/\/www.diarioimagen.net\/index.php?rest_route=\/wp\/v2\/users\/3"}],"replies":[{"embeddable":true,"href":"https:\/\/www.diarioimagen.net\/index.php?rest_route=%2Fwp%2Fv2%2Fcomments&post=252621"}],"version-history":[{"count":0,"href":"https:\/\/www.diarioimagen.net\/index.php?rest_route=\/wp\/v2\/posts\/252621\/revisions"}],"wp:attachment":[{"href":"https:\/\/www.diarioimagen.net\/index.php?rest_route=%2Fwp%2Fv2%2Fmedia&parent=252621"}],"wp:term":[{"taxonomy":"category","embeddable":true,"href":"https:\/\/www.diarioimagen.net\/index.php?rest_route=%2Fwp%2Fv2%2Fcategories&post=252621"},{"taxonomy":"post_tag","embeddable":true,"href":"https:\/\/www.diarioimagen.net\/index.php?rest_route=%2Fwp%2Fv2%2Ftags&post=252621"}],"curies":[{"name":"wp","href":"https:\/\/api.w.org\/{rel}","templated":true}]}}