{"id":252724,"date":"2016-01-27T00:01:09","date_gmt":"2016-01-27T06:01:09","guid":{"rendered":"http:\/\/www.diarioimagen.net\/?p=252724"},"modified":"2016-01-27T03:24:05","modified_gmt":"2016-01-27T09:24:05","slug":"no-hay-dano-ecologico-en-malecon-tajamar-solo-impacto-ambiental-calculado-aseguro-el-director-juridico-de-fonatur","status":"publish","type":"post","link":"https:\/\/www.diarioimagen.net\/?p=252724","title":{"rendered":"No hay da\u00f1o ecol\u00f3gico en Malec\u00f3n Tajamar, s\u00f3lo impacto ambiental calculado, asegur\u00f3 el director jur\u00eddico de Fonatur"},"content":{"rendered":"<h2>De cinco estrellas<\/h2>\n<h5>Victoria Gonz\u00e1lez Prado<\/h5>\n<p>&nbsp;<\/p>\n<ul>\n<li><strong>FlightStats<\/strong><em><strong>, por tercer a\u00f1o consecutivo, reconoci\u00f3 a <\/strong><\/em><strong>Copa Airlines<\/strong><em><strong> como la aerol\u00ednea m\u00e1s puntual en Am\u00e9rica Latina y Colombia<\/strong><\/em><\/li>\n<li><em><strong>Quintana Roo captar\u00e1 una inversi\u00f3n de mil 200 millones de d\u00f3lares para desarrollar dos nuevos complejos hoteleros<\/strong><\/em><\/li>\n<\/ul>\n<p>&nbsp;<\/p>\n<div id=\"attachment_252855\" style=\"width: 430px\" class=\"wp-caption aligncenter\"><a href=\"http:\/\/www.diarioimagen.net\/?attachment_id=252855\" rel=\"attachment wp-att-252855\"><img loading=\"lazy\" decoding=\"async\" aria-describedby=\"caption-attachment-252855\" class=\"wp-image-252855 size-large\" src=\"http:\/\/www.diarioimagen.net\/wp-content\/uploads\/2016\/01\/turismo-2791-420x274.jpg\" alt=\"w\" width=\"420\" height=\"274\" srcset=\"https:\/\/www.diarioimagen.net\/wp-content\/uploads\/2016\/01\/turismo-2791-420x274.jpg 420w, https:\/\/www.diarioimagen.net\/wp-content\/uploads\/2016\/01\/turismo-2791-240x157.jpg 240w, https:\/\/www.diarioimagen.net\/wp-content\/uploads\/2016\/01\/turismo-2791.jpg 610w\" sizes=\"auto, (max-width: 420px) 100vw, 420px\" \/><\/a><p id=\"caption-attachment-252855\" class=\"wp-caption-text\">Manuel Mercado B\u00e9jar, director jur\u00eddico de Fonatur.<\/p><\/div>\n<p>&nbsp;<\/p>\n<p><strong>Manuel Mercado B<\/strong>\u00e9<strong>jar<\/strong>, director jur\u00eddico del Fondo Nacional de Turismo (Fonatur), rechaz\u00f3 que las obras realizadas en el Malec\u00f3n Tajamar generar\u00e1n alg\u00fan da\u00f1o ecol\u00f3gico, pues s\u00f3lo produjeron un impacto ambiental previamente calculado como resultado del proyecto.<\/p>\n<p>As\u00ed lo dio a conocer e conferencia de prensa en las instalaciones del Fonatur, donde tambi\u00e9n asegur\u00f3 que el proyecto se realiz\u00f3 conforme a los requerimientos ambientales se\u00f1alados por Profepa y Semarnat hasta 2006.<\/p>\n<p>Por lo tanto, enfatiz\u00f3, no existe ninguna raz\u00f3n, ni jur\u00eddica ni t\u00e9cnica para detener el proyecto y este continuar\u00e1 conforme a lo programado ya que el Fonatur termin\u00f3 con el proceso de urbanizaci\u00f3n del lugar. \u201cDe 2006 a 2012 se construyeron vialidades, guarniciones, banquetas, drenaje, iluminaci\u00f3n y lotificaci\u00f3n de la zona\u201d.<\/p>\n<p>De igual forma, indic\u00f3 que todas las actividades de desmonte realizadas fueron con las respectivas autorizaciones de la Secretar\u00eda del Medio Ambiente y Recursos Naturales (Semarnat), otorgadas en la pasada administraci\u00f3n y su vigencia concluir\u00e1 el pr\u00f3ximo 8 de febrero.<\/p>\n<p>Por otra parte, se\u00f1al\u00f3 que con la intenci\u00f3n de crear un \u00c1rea Natural Protegida Manglares de Nichupt\u00e9, el Fonatur don\u00f3 3 mil 533 hect\u00e1reas que podr\u00edan comercializarse y que colindan con el Malec\u00f3n Tajamar. Ese espacio es administrada por la Comisi\u00f3n Nacional de \u00c1reas Protegidas (Conanp).<\/p>\n<p>Hizo hincapi\u00e9 en que desde 2006 que iniciaron las obras se calcularon impactos ambientales en 74 hect\u00e1reas de las que fueron extra\u00eddas las diferentes especies que podr\u00edan correr peligro y reubicarlas en un Ecoparque. Estas acciones, insisti\u00f3, est\u00e1n debidamente documentadas con videos y fotograf\u00edas y fueron realizadas con la supervisi\u00f3n e inspecci\u00f3n de la Procuradur\u00eda Federal de Protecci\u00f3n Ambiental (Profepa).<\/p>\n<p>Tajamar, dijo, \u201ces un proyecto que tiene beneficios econ\u00f3micos, sociales y ambientales, ya que a lo largo de sus m\u00e1s de 40 a\u00f1os de historia, el Fonatur ha desarrollado destinos tur\u00edsticos sustentables con los m\u00e1s altos est\u00e1ndares de calidad y siempre en apego a la normatividad\u201d.<\/p>\n<p style=\"line-height: 1.5;\"><span style=\"line-height: 1.5;\">\u2730\u2730\u2730\u2730\u2730<\/span> <em>FlightStats,<\/em> por tercer a\u00f1o consecutivo reconoci\u00f3 a <em>Copa Airlines<\/em> miembro de la red global de aerol\u00edneas <em>Star Alliance<\/em>, como la aerol\u00ednea m\u00e1s puntual en Am\u00e9rica Latina y Colombia. Este galard\u00f3n simboliza y consolida el compromiso de la compa\u00f1\u00eda con sus pasajeros, convirti\u00e9ndose en su principal factor de diferenciaci\u00f3n en la industria de la aviaci\u00f3n mundial.<\/p>\n<p>Con un \u00edndice de puntualidad del 91.02% en Latinoam\u00e9rica y del 92,73% en Colombia, la aerol\u00ednea se hizo acreedora a este reconocimiento por tercer a\u00f1o consecutivo, mejorando inclusive sus propios registros del 2014, a\u00f1o en el que logr\u00f3 90.67% y 90,72% respectivamente.<\/p>\n<p>De este excepcional resultado, <strong>Pedro Heilbron<\/strong>, presidente ejecutivo de la compa\u00f1\u00eda basada en Panam\u00e1 indic\u00f3 \u201ceste reconocimiento es producto de la dedicaci\u00f3n y trabajo de todos los colaboradores quienes, con el principal objetivo de satisfacer las necesidades de nuestros pasajeros, han hecho de la puntualidad su enfoque y compromiso personal, de esta forma fortalecemos el servicio de clase mundial y potenciamos la conectividad que ofrecemos a todos nuestros pasajeros mediante del <em>Hub<\/em> de las Am\u00e9ricas, en Panam\u00e1<em>\u201d.<\/em><\/p>\n<p>Con las cifras ofrecidas por <em>FlightStats<\/em>, empresa reconocida a nivel global por la veracidad de sus estudios y recolecci\u00f3n de datos en el campo de la aviaci\u00f3n internacional, <em>Copa Airlines<\/em> se convierte en una de las aerol\u00edneas l\u00edderes en puntualidad a nivel mundial. Lo que es un reflejo del arduo trabajo y dedicaci\u00f3n de todo el equipo en aire y tierra, en cada uno de los 73 destinos en los 31 pa\u00edses a los que sirve la empresa en Norte, Centro, Sur Am\u00e9rica y el Caribe.<\/p>\n<p>Este galard\u00f3n reconoce a las mejores aerol\u00edneas a nivel mundial por demostrar su compromiso con la puntualidad de los vuelos, <strong>Jim Hetzel<\/strong>, vicepresidente de Aviaci\u00f3n y Distribuci\u00f3n, de <em>FlightStats, <\/em>se\u00f1ala, \u201cnos enorgullece que una vez m\u00e1s la aerol\u00ednea paname\u00f1a haya sido la n\u00famero uno en puntualidad en el a\u00f1o 2015, entre las principales aerol\u00edneas de Am\u00e9rica Latina. Esto refleja un verdadero compromiso con la excelencia operacional y el servicio al cliente\u201d.<\/p>\n<p>Para establecer el resultado del ranking se tom\u00f3 en cuenta el n\u00famero de vuelos regulares, el n\u00famero de vuelos que fueron realizados con \u00e9xito y se compar\u00f3 con la cifra de vuelos que partieron a los 15 minutos de la hora de salida programada, as\u00ed como el n\u00famero de vuelos que llegaron dentro de los 14 minutos de tiempo de llegada. M\u00e1s informaci\u00f3n de los premios: <a href=\"http:\/\/www.flightstats.com\/company\/\" target=\"_blank\">http:\/\/www.flightstats.com\/company\/<\/a>.<\/p>\n<p>\u2730\u2730\u2730\u2730\u2730 Luego del intenso trabajo de promoci\u00f3n del gobernador de Quintana Roo, <strong>Roberto Borge<\/strong>, en la Feria de Turismo de Madrid, Espa\u00f1a, los resultados ya se ven. El estado captar\u00e1 una inversi\u00f3n de mil 200 millones de d\u00f3lares para desarrollar dos complejos hoteleros: el Ushuaia de Canc\u00fan y Playa Mujeres, con capacidad para mil 400 habitaciones. Adem\u00e1s, de la Ciudad Mayacob\u00e1, en Playa del Carmen.<\/p>\n<p>La conectividad del estado con el Viejo Continente se fortaleci\u00f3. La aerol\u00ednea <em>Evelop,<\/em> que tiene c\u00f3digo compartido con Iberia, aumentar\u00e1 ocho vuelos en la ruta Madrid-Canc\u00fan, para as\u00ed tener un total de 32.<\/p>\n<p>De igual forma, Viajes Barcel\u00f3 incrementar\u00e1 a 18 las frecuencias a\u00e9reas entre Lisboa y Canc\u00fan.<\/p>\n<p>En 2015 <em>Sunwing Travel Group<\/em> conect\u00f3 a turistas de 33 ciudades de Canad\u00e1 y 16 de Estados Unidos hacia Canc\u00fan y los pron\u00f3sticos indican que este a\u00f1o la cifra podr\u00eda aumentar al menos 10 por ciento.<\/p>\n<p style=\"line-height: 1.5;\"><span style=\"line-height: 1.5;\">\u2730\u2730\u2730\u2730\u2730<\/span> La Ciudad de M\u00e9xico ser\u00e1 la sede del\u00a0XIV Foro Nacional de Turismo, a realizarse del 22 al 24 de febrero. As\u00ed la capital del pa\u00eds se impuso a las candidaturas de Los Cabos, en Baja California Sur, considerado un destino de playa de excelencia, y el puerto de Campeche, ciudad colonial ubicada en el Sureste de M\u00e9xico y parte integrante del Mundo Maya, que integraron el terna que analiz\u00f3 el Consejo Directivo antes de llegar a la decisi\u00f3n final.<\/p>\n<p><strong>Fernando Mart\u00ed Brito<\/strong>, director del evento dijo, \u201ces el lugar id\u00f3neo, vamos a tener un gran Foro\u201d, al tiempo que revel\u00f3 que la elecci\u00f3n de la sede se logr\u00f3 por consenso, en reuniones sostenidas con la Secretar\u00eda de Turismo federal y el gobierno de la Ciudad de M\u00e9xico.<\/p>\n<p>La tem\u00e1tica para esta versi\u00f3n confirm\u00f3 que una parte medular del programa consistir\u00e1 en la discusi\u00f3n y an\u00e1lisis de las prioridades de la actividad tur\u00edstica durante el periodo 2016-2018, el segundo tramo del r\u00e9gimen del presidente <strong>Pe\u00f1a Nieto<\/strong>.<\/p>\n<p>Inversi\u00f3n y financiamiento, turismo para todos, turismo m\u00e9dico y comunidades de retiro, las econom\u00edas compartidas, los casinos, el mercado hispano y el proyecto de pre-internaci\u00f3n, son algunos de los temas que integran la agenda preliminar. El programa final ser\u00e1 dado a conocer la primera semana de febrero.<\/p>\n<p>Por tratarse de la capital del pa\u00eds, ciudad donde se concentran muchas de las agencias especializadas en planeaci\u00f3n y desarrollo del turismo, se prev\u00e9 que el Foro Nacional de Turismo\u00a0contar\u00e1 con cifras r\u00e9cord de asistencia, lo mismo de expositores que de medios de comunicaci\u00f3n.<\/p>\n<p><em><i><a href=\"mailto:victoriagprado@gmail.com\" target=\"_blank\">victoriagprado@gmail.com<\/a><\/i><\/em><\/p>\n","protected":false},"excerpt":{"rendered":"<p><strong>Manuel Mercado B<\/strong>\u00e9<strong>jar<\/strong>, director jur\u00eddico del Fondo Nacional de Turismo (Fonatur), rechaz\u00f3 que las obras realizadas en el Malec\u00f3n Tajamar generar\u00e1n alg\u00fan da\u00f1o ecol\u00f3gico, pues s\u00f3lo produjeron un impacto ambiental previamente calculado como resultado del proyecto.<\/p>\n","protected":false},"author":3,"featured_media":252855,"comment_status":"open","ping_status":"open","sticky":false,"template":"","format":"standard","meta":{"_monsterinsights_skip_tracking":false,"_monsterinsights_sitenote_active":false,"_monsterinsights_sitenote_note":"","_monsterinsights_sitenote_category":0,"footnotes":""},"categories":[11],"tags":[107,43674,43681,106],"class_list":["post-252724","post","type-post","status-publish","format-standard","has-post-thumbnail","hentry","category-turismo","tag-de-cinco-estrellas","tag-opinion","tag-turismo","tag-victoria-gonzalez-prado"],"_links":{"self":[{"href":"https:\/\/www.diarioimagen.net\/index.php?rest_route=\/wp\/v2\/posts\/252724","targetHints":{"allow":["GET"]}}],"collection":[{"href":"https:\/\/www.diarioimagen.net\/index.php?rest_route=\/wp\/v2\/posts"}],"about":[{"href":"https:\/\/www.diarioimagen.net\/index.php?rest_route=\/wp\/v2\/types\/post"}],"author":[{"embeddable":true,"href":"https:\/\/www.diarioimagen.net\/index.php?rest_route=\/wp\/v2\/users\/3"}],"replies":[{"embeddable":true,"href":"https:\/\/www.diarioimagen.net\/index.php?rest_route=%2Fwp%2Fv2%2Fcomments&post=252724"}],"version-history":[{"count":0,"href":"https:\/\/www.diarioimagen.net\/index.php?rest_route=\/wp\/v2\/posts\/252724\/revisions"}],"wp:featuredmedia":[{"embeddable":true,"href":"https:\/\/www.diarioimagen.net\/index.php?rest_route=\/wp\/v2\/media\/252855"}],"wp:attachment":[{"href":"https:\/\/www.diarioimagen.net\/index.php?rest_route=%2Fwp%2Fv2%2Fmedia&parent=252724"}],"wp:term":[{"taxonomy":"category","embeddable":true,"href":"https:\/\/www.diarioimagen.net\/index.php?rest_route=%2Fwp%2Fv2%2Fcategories&post=252724"},{"taxonomy":"post_tag","embeddable":true,"href":"https:\/\/www.diarioimagen.net\/index.php?rest_route=%2Fwp%2Fv2%2Ftags&post=252724"}],"curies":[{"name":"wp","href":"https:\/\/api.w.org\/{rel}","templated":true}]}}