{"id":252733,"date":"2016-01-27T00:07:13","date_gmt":"2016-01-27T06:07:13","guid":{"rendered":"http:\/\/www.diarioimagen.net\/?p=252733"},"modified":"2016-01-27T03:20:42","modified_gmt":"2016-01-27T09:20:42","slug":"urgen-a-eliminar-las-micros-por-mal-servicio","status":"publish","type":"post","link":"https:\/\/www.diarioimagen.net\/?p=252733","title":{"rendered":"Urgen a eliminar las micros por mal servicio"},"content":{"rendered":"<ul>\n<li><strong><em>Riesgoso<\/em><\/strong><\/li>\n<\/ul>\n<p>&nbsp;<\/p>\n<div id=\"attachment_252877\" style=\"width: 430px\" class=\"wp-caption aligncenter\"><a href=\"http:\/\/www.diarioimagen.net\/?attachment_id=252877\" rel=\"attachment wp-att-252877\"><img loading=\"lazy\" decoding=\"async\" aria-describedby=\"caption-attachment-252877\" class=\"size-large wp-image-252877\" src=\"http:\/\/www.diarioimagen.net\/wp-content\/uploads\/2016\/01\/MICROS-2791-420x236.jpg\" alt=\"Los microbuses prestan un servicio deficiente y riesgoso para los usuarios, afirman en la ALDF.\" width=\"420\" height=\"236\" srcset=\"https:\/\/www.diarioimagen.net\/wp-content\/uploads\/2016\/01\/MICROS-2791-420x236.jpg 420w, https:\/\/www.diarioimagen.net\/wp-content\/uploads\/2016\/01\/MICROS-2791-240x135.jpg 240w, https:\/\/www.diarioimagen.net\/wp-content\/uploads\/2016\/01\/MICROS-2791-235x132.jpg 235w, https:\/\/www.diarioimagen.net\/wp-content\/uploads\/2016\/01\/MICROS-2791-202x114.jpg 202w, https:\/\/www.diarioimagen.net\/wp-content\/uploads\/2016\/01\/MICROS-2791-350x196.jpg 350w, https:\/\/www.diarioimagen.net\/wp-content\/uploads\/2016\/01\/MICROS-2791-220x123.jpg 220w, https:\/\/www.diarioimagen.net\/wp-content\/uploads\/2016\/01\/MICROS-2791-237x132.jpg 237w, https:\/\/www.diarioimagen.net\/wp-content\/uploads\/2016\/01\/MICROS-2791.jpg 480w\" sizes=\"auto, (max-width: 420px) 100vw, 420px\" \/><\/a><p id=\"caption-attachment-252877\" class=\"wp-caption-text\">Los microbuses prestan un servicio deficiente y riesgoso para los usuarios, afirman en la ALDF.<\/p><\/div>\n<p>&nbsp;<\/p>\n<p>Ninguna ley de movilidad ser\u00e1 efectiva mientras no se modernice el parque vehicular del transporte p\u00fablico concesionado, en particular los microbuses, que prestan un servicio deficiente y riesgoso para los usuarios, afirm\u00f3 el asamble\u00edsta Andr\u00e9s Atayde Rubiolo.<\/p>\n<p>Durante una reuni\u00f3n entre la subsecretaria de Planeaci\u00f3n de la Secretar\u00eda de Movilidad del gobierno capitalino, Laura Ballesteros, el legislador del Partido Acci\u00f3n Nacional (PAN) sostuvo que es necesario conectar a las zonas sur y oriente de la ciudad.<\/p>\n<p>Ello, dijo, porque el transporte es escaso, adem\u00e1s de que la infraestructura peatonal y urbana no es suficiente ni adecuada, lo que hace que el tiempo de traslado aumente.<\/p>\n<p>En este sentido, el diputado capitalino indic\u00f3 que es urgente cambiar a los microbuses por un sistema de transporte m\u00e1s eficiente para los usuarios y, con ello, abonar a su seguridad.<\/p>\n<p>\u201cExiste una necesidad respecto a cambiar de fondo los microbuses o peseros, tanto las unidades como (brindar) capacitaci\u00f3n a conductores, as\u00ed como la generaci\u00f3n de rutas \u00f3ptimas, ya que en \u00faltimos d\u00edas se han presentado accidentes donde se han visto involucrados\u201d, declar\u00f3.<\/p>\n<p>En torno a la Ley de Movilidad de la ciudad, opin\u00f3 que \u201chace falta claridad en el presupuesto asignado en esta materia debido a la existencia de diversos fondos, as\u00ed como la necesidad de realizar una ley secundaria que acompa\u00f1e a esta norma.<\/p>\n<p>Atayde Rubiolo, tambi\u00e9n presidente de la Comisi\u00f3n de Hacienda de la Asamblea Legislativa del Distrito Federal (ALDF), abund\u00f3 que impulsa acciones para garantizar el derecho a la movilidad en la ciudad, adem\u00e1s de mejoras en la infraestructura peatonal y ciclista, ya que es la mejor forma para realizar recorridos cortos.<\/p>\n<p>M\u00e1s tarde, en reuni\u00f3n posterior con el Laboratorio de la Ciudad de M\u00e9xico, el asamble\u00edsta panista inform\u00f3 que aplaude y reconoce la labor que hacen al buscar innovar y experimentar para buscar las pol\u00edticas \u00f3ptimas en el ramo de movilidad.<\/p>\n<p>&nbsp;<\/p>\n","protected":false},"excerpt":{"rendered":"<p>Ninguna ley de movilidad ser\u00e1 efectiva mientras no se modernice el parque vehicular del transporte p\u00fablico concesionado, en particular los microbuses, que prestan un servicio deficiente y riesgoso para los usuarios, afirm\u00f3 el asamble\u00edsta Andr\u00e9s Atayde Rubiolo.<\/p>\n","protected":false},"author":3,"featured_media":252877,"comment_status":"open","ping_status":"open","sticky":false,"template":"","format":"standard","meta":{"_monsterinsights_skip_tracking":false,"_monsterinsights_sitenote_active":false,"_monsterinsights_sitenote_note":"","_monsterinsights_sitenote_category":0,"footnotes":""},"categories":[6],"tags":[204,1617],"class_list":["post-252733","post","type-post","status-publish","format-standard","has-post-thumbnail","hentry","category-cd-de-mexico","tag-ciudad-de-mexico","tag-micros"],"_links":{"self":[{"href":"https:\/\/www.diarioimagen.net\/index.php?rest_route=\/wp\/v2\/posts\/252733","targetHints":{"allow":["GET"]}}],"collection":[{"href":"https:\/\/www.diarioimagen.net\/index.php?rest_route=\/wp\/v2\/posts"}],"about":[{"href":"https:\/\/www.diarioimagen.net\/index.php?rest_route=\/wp\/v2\/types\/post"}],"author":[{"embeddable":true,"href":"https:\/\/www.diarioimagen.net\/index.php?rest_route=\/wp\/v2\/users\/3"}],"replies":[{"embeddable":true,"href":"https:\/\/www.diarioimagen.net\/index.php?rest_route=%2Fwp%2Fv2%2Fcomments&post=252733"}],"version-history":[{"count":0,"href":"https:\/\/www.diarioimagen.net\/index.php?rest_route=\/wp\/v2\/posts\/252733\/revisions"}],"wp:featuredmedia":[{"embeddable":true,"href":"https:\/\/www.diarioimagen.net\/index.php?rest_route=\/wp\/v2\/media\/252877"}],"wp:attachment":[{"href":"https:\/\/www.diarioimagen.net\/index.php?rest_route=%2Fwp%2Fv2%2Fmedia&parent=252733"}],"wp:term":[{"taxonomy":"category","embeddable":true,"href":"https:\/\/www.diarioimagen.net\/index.php?rest_route=%2Fwp%2Fv2%2Fcategories&post=252733"},{"taxonomy":"post_tag","embeddable":true,"href":"https:\/\/www.diarioimagen.net\/index.php?rest_route=%2Fwp%2Fv2%2Ftags&post=252733"}],"curies":[{"name":"wp","href":"https:\/\/api.w.org\/{rel}","templated":true}]}}