{"id":252743,"date":"2016-01-27T00:09:25","date_gmt":"2016-01-27T06:09:25","guid":{"rendered":"http:\/\/www.diarioimagen.net\/?p=252743"},"modified":"2016-01-27T03:13:23","modified_gmt":"2016-01-27T09:13:23","slug":"abasto-emergente-de-agua-por-corte-este-fin-de-semana","status":"publish","type":"post","link":"https:\/\/www.diarioimagen.net\/?p=252743","title":{"rendered":"Abasto emergente de agua por corte este fin de semana"},"content":{"rendered":"<ul>\n<li><strong><em>Afectar\u00e1 a la mitad de capitalinos<\/em><\/strong><\/li>\n<\/ul>\n<p>&nbsp;<\/p>\n<div id=\"attachment_252867\" style=\"width: 430px\" class=\"wp-caption aligncenter\"><a href=\"http:\/\/www.diarioimagen.net\/?attachment_id=252867\" rel=\"attachment wp-att-252867\"><img loading=\"lazy\" decoding=\"async\" aria-describedby=\"caption-attachment-252867\" class=\"size-large wp-image-252867\" src=\"http:\/\/www.diarioimagen.net\/wp-content\/uploads\/2016\/01\/AGUA-2791-420x236.jpg\" alt=\"La falta de agua potable en la ciudad de M\u00e9xico y el Edomex ser\u00e1 m\u00e1s aguda durante el viernes 29, s\u00e1bado 30 y domingo 31 de enero.\" width=\"420\" height=\"236\" srcset=\"https:\/\/www.diarioimagen.net\/wp-content\/uploads\/2016\/01\/AGUA-2791-420x236.jpg 420w, https:\/\/www.diarioimagen.net\/wp-content\/uploads\/2016\/01\/AGUA-2791-240x135.jpg 240w, https:\/\/www.diarioimagen.net\/wp-content\/uploads\/2016\/01\/AGUA-2791-235x132.jpg 235w, https:\/\/www.diarioimagen.net\/wp-content\/uploads\/2016\/01\/AGUA-2791-202x114.jpg 202w, https:\/\/www.diarioimagen.net\/wp-content\/uploads\/2016\/01\/AGUA-2791-350x196.jpg 350w, https:\/\/www.diarioimagen.net\/wp-content\/uploads\/2016\/01\/AGUA-2791-220x123.jpg 220w, https:\/\/www.diarioimagen.net\/wp-content\/uploads\/2016\/01\/AGUA-2791-237x132.jpg 237w, https:\/\/www.diarioimagen.net\/wp-content\/uploads\/2016\/01\/AGUA-2791.jpg 480w\" sizes=\"auto, (max-width: 420px) 100vw, 420px\" \/><\/a><p id=\"caption-attachment-252867\" class=\"wp-caption-text\">La falta de agua potable en la ciudad de M\u00e9xico y el Edomex ser\u00e1 m\u00e1s aguda durante el viernes 29, s\u00e1bado 30 y domingo 31 de enero.<\/p><\/div>\n<p>&nbsp;<\/p>\n<p>El gobierno de la ciudad de M\u00e9xico inform\u00f3 que por el mantenimiento del Sistema Cutzamala, del 28 al 31 de enero pr\u00f3ximos, aplicar\u00e1 un operativo interinstitucional para abastecer de agua potable, que contar\u00e1 con 450 pipas para las colonias afectadas.<\/p>\n<p>Recomend\u00f3 almacenar agua durante los d\u00edas previos al recorte y adoptar medidas que permitan extremar el ahorro y el uso racional del l\u00edquido.<\/p>\n<p>Las pipas de agua apoyar\u00e1n a las 410 colonias donde se reducir\u00e1 el l\u00edquido en las delegaciones \u00c1lvaro Obreg\u00f3n, Azcapotzalco, Benito Ju\u00e1rez, Coyoac\u00e1n, Cuajimalpa, Cuauht\u00e9moc, Iztacalco, Iztapalapa, Magdadalena Contreras, Miguel Hidalgo, Tl\u00e1huac, Tlalpan y Venustiano Carranza.<\/p>\n<p>Para m\u00e1s informaci\u00f3n sobre las colonias que tendr\u00e1n este recorte de agua, se recomienda consultar la p\u00e1gina del Sistema de Aguas de la Ciudad de M\u00e9xico http:\/\/\u00adwww.\u00adsacmex.df.gob.mx\/sacmex\/.<\/p>\n<p>La reducci\u00f3n de hasta 100 por ciento en el suministro de agua afectar\u00e1 a la mitad de la poblaci\u00f3n de la Ciudad de M\u00e9xico, por lo que el gobierno exhort\u00f3 a los capitalinos a prevenirse con el almacenamiento de agua y cuidar su uso.<\/p>\n<p>Aclar\u00f3 que no se enfrentar\u00e1 una situaci\u00f3n de emergencia durante este recorte, cuyos d\u00edas m\u00e1s complicados ser\u00e1n del 29 al 31 enero, porque s\u00f3lo es un trabajo preventivo de mantenimiento del Sistema Cutzamala.<\/p>\n<p>El director del Sistema de Aguas destac\u00f3 que aunque los trabajos de mantenimiento del Cutzamala durar\u00e1n tres d\u00edas, a partir de las 3:00 horas del jueves 28 de enero, el periodo de recuperaci\u00f3n se extender\u00e1 hasta el jueves 4 de febrero.<\/p>\n<p>Los efectos de la falta de agua ser\u00e1n m\u00e1s agudos durante el viernes 29, s\u00e1bado 30 y domingo 31 de enero. Los d\u00edas 1, 2, 3 y 4 de febrero ser\u00e1n el periodo de recuperaci\u00f3n de niveles en los tanques y presiones en la red de distribuci\u00f3n, situaci\u00f3n que afectar\u00e1 a 410 colonias\u201d, indic\u00f3 Aguirre D\u00edaz.<\/p>\n<p>Insisti\u00f3 en la necesidad de que la poblaci\u00f3n almacene agua y adopte medidas de ahorro y uso racional, para enfrentar con menos problemas la escasez de este periodo, que resalt\u00f3 no se viv\u00eda desde 2013.<\/p>\n<p>Las delegaciones afectadas ser\u00e1n \u00c1lvaro Obreg\u00f3n, Azcapotzalco, Benito Ju\u00e1rez, Coyoac\u00e1n, Cuajimalpa, Cuauht\u00e9moc, Iztacalco, Iztapalapa, Magdalena Contreras, Tlahu\u00e1c, Tlalpan, Miguel Hidalgo y Venustiano Carranza.<\/p>\n<p>La secretaria de Gobierno capitalino coment\u00f3 en su oportunidad que en los cuatro a cinco d\u00edas que durar\u00e1 el mantenimiento del Cutzamala, la Ciudad de M\u00e9xico garantiza que habr\u00e1 distribuci\u00f3n de agua para aminorar la afectaci\u00f3n.<\/p>\n<p>&nbsp;<\/p>\n","protected":false},"excerpt":{"rendered":"<p>El gobierno de la ciudad de M\u00e9xico inform\u00f3 que por el mantenimiento del Sistema Cutzamala, del 28 al 31 de enero pr\u00f3ximos, aplicar\u00e1 un operativo interinstitucional para abastecer de agua potable, que contar\u00e1 con 450 pipas para las colonias afectadas.<\/p>\n","protected":false},"author":3,"featured_media":252867,"comment_status":"open","ping_status":"open","sticky":false,"template":"","format":"standard","meta":{"_monsterinsights_skip_tracking":false,"_monsterinsights_sitenote_active":false,"_monsterinsights_sitenote_note":"","_monsterinsights_sitenote_category":0,"footnotes":""},"categories":[6],"tags":[48318,1324,7298,2244,204,7039,4958,5160,3265,217,1526,23168,2524,12830,3217,1950],"class_list":["post-252743","post","type-post","status-publish","format-standard","has-post-thumbnail","hentry","category-cd-de-mexico","tag-abasto-de-agua","tag-alvaro-obregon","tag-azcapotzalco","tag-benito-juarez","tag-ciudad-de-mexico","tag-coyoacan","tag-cuajimalpa","tag-cuauhtemoc","tag-iztacalco","tag-iztapalapa","tag-miguel-hidalgo","tag-reparacion","tag-sistema-cutzamala","tag-tlahuac","tag-tlalpan","tag-venustiano-carranza"],"_links":{"self":[{"href":"https:\/\/www.diarioimagen.net\/index.php?rest_route=\/wp\/v2\/posts\/252743","targetHints":{"allow":["GET"]}}],"collection":[{"href":"https:\/\/www.diarioimagen.net\/index.php?rest_route=\/wp\/v2\/posts"}],"about":[{"href":"https:\/\/www.diarioimagen.net\/index.php?rest_route=\/wp\/v2\/types\/post"}],"author":[{"embeddable":true,"href":"https:\/\/www.diarioimagen.net\/index.php?rest_route=\/wp\/v2\/users\/3"}],"replies":[{"embeddable":true,"href":"https:\/\/www.diarioimagen.net\/index.php?rest_route=%2Fwp%2Fv2%2Fcomments&post=252743"}],"version-history":[{"count":0,"href":"https:\/\/www.diarioimagen.net\/index.php?rest_route=\/wp\/v2\/posts\/252743\/revisions"}],"wp:featuredmedia":[{"embeddable":true,"href":"https:\/\/www.diarioimagen.net\/index.php?rest_route=\/wp\/v2\/media\/252867"}],"wp:attachment":[{"href":"https:\/\/www.diarioimagen.net\/index.php?rest_route=%2Fwp%2Fv2%2Fmedia&parent=252743"}],"wp:term":[{"taxonomy":"category","embeddable":true,"href":"https:\/\/www.diarioimagen.net\/index.php?rest_route=%2Fwp%2Fv2%2Fcategories&post=252743"},{"taxonomy":"post_tag","embeddable":true,"href":"https:\/\/www.diarioimagen.net\/index.php?rest_route=%2Fwp%2Fv2%2Ftags&post=252743"}],"curies":[{"name":"wp","href":"https:\/\/api.w.org\/{rel}","templated":true}]}}