{"id":252767,"date":"2016-01-27T00:02:18","date_gmt":"2016-01-27T06:02:18","guid":{"rendered":"http:\/\/www.diarioimagen.net\/?p=252767"},"modified":"2016-01-27T23:03:14","modified_gmt":"2016-01-28T05:03:14","slug":"otorgan-doctorado-honoris-causa-a-galo-arturo-sandoval-rosales","status":"publish","type":"post","link":"https:\/\/www.diarioimagen.net\/?p=252767","title":{"rendered":"Otorgan <em>Doctorado Honoris Causa<\/em> a Galo Arturo Sandoval Rosales"},"content":{"rendered":"<ul>\n<li><strong><em>El Instituto Mexicano de L\u00edderes de Excelencia<\/em><\/strong><\/li>\n<\/ul>\n<p>&nbsp;<\/p>\n<div id=\"attachment_252842\" style=\"width: 430px\" class=\"wp-caption aligncenter\"><a href=\"http:\/\/www.diarioimagen.net\/?attachment_id=252842\" rel=\"attachment wp-att-252842\"><img loading=\"lazy\" decoding=\"async\" aria-describedby=\"caption-attachment-252842\" class=\"size-large wp-image-252842\" src=\"http:\/\/www.diarioimagen.net\/wp-content\/uploads\/2016\/01\/honoris-2791-420x236.jpg\" alt=\"Galo Arturo Sandoval Rosales fue distinguido con el Doctorado Honoris Causa por el Instituto Mexicano de L\u00edderes de Excelencia.\" width=\"420\" height=\"236\" srcset=\"https:\/\/www.diarioimagen.net\/wp-content\/uploads\/2016\/01\/honoris-2791-420x236.jpg 420w, https:\/\/www.diarioimagen.net\/wp-content\/uploads\/2016\/01\/honoris-2791-240x135.jpg 240w, https:\/\/www.diarioimagen.net\/wp-content\/uploads\/2016\/01\/honoris-2791-235x132.jpg 235w, https:\/\/www.diarioimagen.net\/wp-content\/uploads\/2016\/01\/honoris-2791-202x114.jpg 202w, https:\/\/www.diarioimagen.net\/wp-content\/uploads\/2016\/01\/honoris-2791-350x196.jpg 350w, https:\/\/www.diarioimagen.net\/wp-content\/uploads\/2016\/01\/honoris-2791-220x123.jpg 220w, https:\/\/www.diarioimagen.net\/wp-content\/uploads\/2016\/01\/honoris-2791-237x132.jpg 237w, https:\/\/www.diarioimagen.net\/wp-content\/uploads\/2016\/01\/honoris-2791.jpg 480w\" sizes=\"auto, (max-width: 420px) 100vw, 420px\" \/><\/a><p id=\"caption-attachment-252842\" class=\"wp-caption-text\">Galo Arturo Sandoval Rosales fue distinguido con el <em>Doctorado Honoris Causa<\/em> por el Instituto Mexicano de L\u00edderes de Excelencia.<\/p><\/div>\n<p>&nbsp;<\/p>\n<p>El lunes pasado, en las instalaciones del Casino Campo Marte de la ciudad de M\u00e9xico, el Instituto Mexicano de L\u00edderes de Excelencia reconoci\u00f3 a Galo Arturo Sandoval Rosales con el <em>Doctorado Honoris Causa<\/em>, otorg\u00e1ndole tal investidura por su incansable labor en pro del bien com\u00fan y por los m\u00e9ritos adquiridos en la investigaci\u00f3n de la Interculturalidad y Saberes Ancestrales de los pueblos originarios de la Tierra.<\/p>\n<p>En el acto, presidido por el rector del instituto, Juan Carlos Guerrero y el doctor Bryan Sandoval, entre otros, Sandoval Rosales, dijo que el camino y b\u00fasqueda de la palabra hablada signa la voluntad f\u00e9rrea e intemporal del germen humano, como una gota de agua que vertida en el mar, una vez mezclada, se contiene a ella, cual volumen acrecente e inunda gana playa al polvo.<\/p>\n<p>\u201cAs\u00ed del polvo trata y se retrata con ella comunicar; binomios de sonido, sonido a tierra y mar, manifestaci\u00f3n para del caos que ordenado sea en nosotros encontrar, encontrarse y nada m\u00e1s\u2026\u201d<\/p>\n<p>\u201cEstas palabras sintetizan el empe\u00f1o del hombre que iluso, que ajeno ni s\u00e9 es y hecho est\u00e1, mismo que se precede para ya continuar\u201d.<\/p>\n","protected":false},"excerpt":{"rendered":"<p>El lunes pasado, en las instalaciones del Casino Campo Marte de la ciudad de M\u00e9xico, el Instituto Mexicano de L\u00edderes de Excelencia reconoci\u00f3 a Galo Arturo Sandoval Rosales con el <em>Doctorado Honoris Causa<\/em>, otorg\u00e1ndole tal investidura por su incansable labor en pro del bien com\u00fan y por los m\u00e9ritos adquiridos en la investigaci\u00f3n de la Interculturalidad y Saberes Ancestrales de los pueblos originarios de la Tierra.<\/p>\n","protected":false},"author":3,"featured_media":252842,"comment_status":"open","ping_status":"open","sticky":false,"template":"","format":"standard","meta":{"_monsterinsights_skip_tracking":false,"_monsterinsights_sitenote_active":false,"_monsterinsights_sitenote_note":"","_monsterinsights_sitenote_category":0,"footnotes":""},"categories":[3],"tags":[6536,48328,43675],"class_list":["post-252767","post","type-post","status-publish","format-standard","has-post-thumbnail","hentry","category-nacional","tag-campo-marte","tag-doctorado-honoris-causa","tag-estado-de-mexico"],"_links":{"self":[{"href":"https:\/\/www.diarioimagen.net\/index.php?rest_route=\/wp\/v2\/posts\/252767","targetHints":{"allow":["GET"]}}],"collection":[{"href":"https:\/\/www.diarioimagen.net\/index.php?rest_route=\/wp\/v2\/posts"}],"about":[{"href":"https:\/\/www.diarioimagen.net\/index.php?rest_route=\/wp\/v2\/types\/post"}],"author":[{"embeddable":true,"href":"https:\/\/www.diarioimagen.net\/index.php?rest_route=\/wp\/v2\/users\/3"}],"replies":[{"embeddable":true,"href":"https:\/\/www.diarioimagen.net\/index.php?rest_route=%2Fwp%2Fv2%2Fcomments&post=252767"}],"version-history":[{"count":0,"href":"https:\/\/www.diarioimagen.net\/index.php?rest_route=\/wp\/v2\/posts\/252767\/revisions"}],"wp:featuredmedia":[{"embeddable":true,"href":"https:\/\/www.diarioimagen.net\/index.php?rest_route=\/wp\/v2\/media\/252842"}],"wp:attachment":[{"href":"https:\/\/www.diarioimagen.net\/index.php?rest_route=%2Fwp%2Fv2%2Fmedia&parent=252767"}],"wp:term":[{"taxonomy":"category","embeddable":true,"href":"https:\/\/www.diarioimagen.net\/index.php?rest_route=%2Fwp%2Fv2%2Fcategories&post=252767"},{"taxonomy":"post_tag","embeddable":true,"href":"https:\/\/www.diarioimagen.net\/index.php?rest_route=%2Fwp%2Fv2%2Ftags&post=252767"}],"curies":[{"name":"wp","href":"https:\/\/api.w.org\/{rel}","templated":true}]}}