{"id":252771,"date":"2016-01-27T00:05:07","date_gmt":"2016-01-27T06:05:07","guid":{"rendered":"http:\/\/www.diarioimagen.net\/?p=252771"},"modified":"2016-01-27T02:11:33","modified_gmt":"2016-01-27T08:11:33","slug":"acabaran-con-falsos-funcionarios-de-proteccion-civil","status":"publish","type":"post","link":"https:\/\/www.diarioimagen.net\/?p=252771","title":{"rendered":"Acabar\u00e1n con falsos funcionarios de Protecci\u00f3n Civil"},"content":{"rendered":"<ul>\n<li><strong><em>Cambian formatos de tr\u00e1mites en Naucalpan<\/em><\/strong><\/li>\n<\/ul>\n<p>&nbsp;<\/p>\n<div id=\"attachment_252806\" style=\"width: 263px\" class=\"wp-caption alignleft\"><a href=\"http:\/\/www.diarioimagen.net\/?attachment_id=252806\" rel=\"attachment wp-att-252806\"><img loading=\"lazy\" decoding=\"async\" aria-describedby=\"caption-attachment-252806\" class=\" wp-image-252806\" src=\"http:\/\/www.diarioimagen.net\/wp-content\/uploads\/2016\/01\/NAUCALPAN-2791-162x240.jpg\" alt=\"La Direcci\u00f3n de Protecci\u00f3n Civil y Bomberos de Naucalpan cambia formatos de identificaci\u00f3n.\" width=\"253\" height=\"375\" srcset=\"https:\/\/www.diarioimagen.net\/wp-content\/uploads\/2016\/01\/NAUCALPAN-2791-162x240.jpg 162w, https:\/\/www.diarioimagen.net\/wp-content\/uploads\/2016\/01\/NAUCALPAN-2791-283x420.jpg 283w, https:\/\/www.diarioimagen.net\/wp-content\/uploads\/2016\/01\/NAUCALPAN-2791.jpg 337w\" sizes=\"auto, (max-width: 253px) 100vw, 253px\" \/><\/a><p id=\"caption-attachment-252806\" class=\"wp-caption-text\">La Direcci\u00f3n de Protecci\u00f3n Civil y Bomberos de Naucalpan cambia formatos de identificaci\u00f3n.<\/p><\/div>\n<p><strong>Naucalpan, Estado de M\u00e9xico<\/strong>.- Con el objetivo de evitar enga\u00f1os y que algunas personas se hagan pasar por funcionarios p\u00fablicos de\u00a0 la Direcci\u00f3n de Protecci\u00f3n Civil y Bomberos, se\u00a0utilizan nuevos\u00a0 formatos para realizar diversos tr\u00e1mites relacionados con esta dependencia e identificar a su personal.<\/p>\n<p>El titular de la dependencia, Juan Armando Vigueras Bertely, indic\u00f3 que se trata de la implementaci\u00f3n de gafetes, formatos de visto bueno, sellos de suspensi\u00f3n y hojas de registro con la imagen de la actual administraci\u00f3n.<\/p>\n<p>Los nuevos\u00a0 formatos son una medida para combatir la corrupci\u00f3n y refrendar el compromiso de este gobierno, encabezado por el presidente municipal, Edgar Armando Olvera Higuera, de\u00a0 trabajar con transparencia, orden y conciencia, toda vez que no hay\u00a0 licencias para robar.<\/p>\n<p>\u201cEsto se hace con la intenci\u00f3n de poner orden en la direcci\u00f3n y evitar actos de corrupci\u00f3n, queremos marcar un parteaguas entre el antes y el despu\u00e9s de esta administraci\u00f3n, ya que anteriormente no exist\u00eda registro oficial de tr\u00e1mites.<\/p>\n<p>\u201cNo se contaba con formatos de llenado, incluso los requerimientos se hac\u00edan a mano, en hojas blancas, sin papel membretado, lo cual permit\u00eda que se presentar\u00e1n casos de corrupci\u00f3n\u201d, indic\u00f3 Vigueras Bertely.<\/p>\n<p>Agreg\u00f3 que esta nueva papeler\u00eda, que se implement\u00f3\u00a0 desde el inicio de la administraci\u00f3n 2016-2018, es una herramienta muy valiosa que apoya en la cuesti\u00f3n de permisos para la apertura y funcionamiento de establecimientos mercantiles.<\/p>\n","protected":false},"excerpt":{"rendered":"<p>Con el objetivo de evitar enga\u00f1os y que algunas personas se hagan pasar por funcionarios p\u00fablicos de  la Direcci\u00f3n de Protecci\u00f3n Civil y Bomberos, se utilizan nuevos  formatos para realizar diversos tr\u00e1mites relacionados con esta dependencia e identificar a su personal.<\/p>\n","protected":false},"author":3,"featured_media":252807,"comment_status":"open","ping_status":"open","sticky":false,"template":"","format":"standard","meta":{"_monsterinsights_skip_tracking":false,"_monsterinsights_sitenote_active":false,"_monsterinsights_sitenote_note":"","_monsterinsights_sitenote_category":0,"footnotes":""},"categories":[35155],"tags":[43675,10491,970,57],"class_list":["post-252771","post","type-post","status-publish","format-standard","has-post-thumbnail","hentry","category-estado-de-mexico-estado-de-mexico","tag-estado-de-mexico","tag-funcionarios","tag-naucalpan","tag-proteccion-civil"],"_links":{"self":[{"href":"https:\/\/www.diarioimagen.net\/index.php?rest_route=\/wp\/v2\/posts\/252771","targetHints":{"allow":["GET"]}}],"collection":[{"href":"https:\/\/www.diarioimagen.net\/index.php?rest_route=\/wp\/v2\/posts"}],"about":[{"href":"https:\/\/www.diarioimagen.net\/index.php?rest_route=\/wp\/v2\/types\/post"}],"author":[{"embeddable":true,"href":"https:\/\/www.diarioimagen.net\/index.php?rest_route=\/wp\/v2\/users\/3"}],"replies":[{"embeddable":true,"href":"https:\/\/www.diarioimagen.net\/index.php?rest_route=%2Fwp%2Fv2%2Fcomments&post=252771"}],"version-history":[{"count":0,"href":"https:\/\/www.diarioimagen.net\/index.php?rest_route=\/wp\/v2\/posts\/252771\/revisions"}],"wp:featuredmedia":[{"embeddable":true,"href":"https:\/\/www.diarioimagen.net\/index.php?rest_route=\/wp\/v2\/media\/252807"}],"wp:attachment":[{"href":"https:\/\/www.diarioimagen.net\/index.php?rest_route=%2Fwp%2Fv2%2Fmedia&parent=252771"}],"wp:term":[{"taxonomy":"category","embeddable":true,"href":"https:\/\/www.diarioimagen.net\/index.php?rest_route=%2Fwp%2Fv2%2Fcategories&post=252771"},{"taxonomy":"post_tag","embeddable":true,"href":"https:\/\/www.diarioimagen.net\/index.php?rest_route=%2Fwp%2Fv2%2Ftags&post=252771"}],"curies":[{"name":"wp","href":"https:\/\/api.w.org\/{rel}","templated":true}]}}