{"id":252976,"date":"2016-01-28T00:03:17","date_gmt":"2016-01-28T06:03:17","guid":{"rendered":"http:\/\/www.diarioimagen.net\/?p=252976"},"modified":"2016-01-28T02:59:52","modified_gmt":"2016-01-28T08:59:52","slug":"destaca-vargas-del-villar-responsabilidad-de-regidores","status":"publish","type":"post","link":"https:\/\/www.diarioimagen.net\/?p=252976","title":{"rendered":"Destaca Vargas del Villar responsabilidad de regidores"},"content":{"rendered":"<ul>\n<li><strong><em>Asamblea Constitutiva de la CONAREM<\/em><\/strong><\/li>\n<\/ul>\n<p>&nbsp;<\/p>\n<div id=\"attachment_253036\" style=\"width: 430px\" class=\"wp-caption aligncenter\"><a href=\"http:\/\/www.diarioimagen.net\/?attachment_id=253036\" rel=\"attachment wp-att-253036\"><img loading=\"lazy\" decoding=\"async\" aria-describedby=\"caption-attachment-253036\" class=\"size-large wp-image-253036\" src=\"http:\/\/www.diarioimagen.net\/wp-content\/uploads\/2016\/01\/HUIXQUILUCAN-2792-420x236.jpg\" alt=\"Asamblea Constitutiva de la Conferencia Nacional de Regidores de M\u00e9xico (CONAREM).\" width=\"420\" height=\"236\" srcset=\"https:\/\/www.diarioimagen.net\/wp-content\/uploads\/2016\/01\/HUIXQUILUCAN-2792-420x236.jpg 420w, https:\/\/www.diarioimagen.net\/wp-content\/uploads\/2016\/01\/HUIXQUILUCAN-2792-240x135.jpg 240w, https:\/\/www.diarioimagen.net\/wp-content\/uploads\/2016\/01\/HUIXQUILUCAN-2792-235x132.jpg 235w, https:\/\/www.diarioimagen.net\/wp-content\/uploads\/2016\/01\/HUIXQUILUCAN-2792-202x114.jpg 202w, https:\/\/www.diarioimagen.net\/wp-content\/uploads\/2016\/01\/HUIXQUILUCAN-2792-350x196.jpg 350w, https:\/\/www.diarioimagen.net\/wp-content\/uploads\/2016\/01\/HUIXQUILUCAN-2792-220x123.jpg 220w, https:\/\/www.diarioimagen.net\/wp-content\/uploads\/2016\/01\/HUIXQUILUCAN-2792-237x132.jpg 237w, https:\/\/www.diarioimagen.net\/wp-content\/uploads\/2016\/01\/HUIXQUILUCAN-2792.jpg 480w\" sizes=\"auto, (max-width: 420px) 100vw, 420px\" \/><\/a><p id=\"caption-attachment-253036\" class=\"wp-caption-text\">Asamblea Constitutiva de la Conferencia Nacional de Regidores de M\u00e9xico (CONAREM).<\/p><\/div>\n<p>&nbsp;<\/p>\n<p><strong>Huixquilucan, Estado de M\u00e9xico<\/strong>.- \u201cLos regidores del pa\u00eds tiene la gran responsabilidad de sumar, de acompa\u00f1ar a sus Presidentes Municipales, para asumir el reto de superar los problemas de fragilidad institucional, escasa recaudaci\u00f3n fiscal y baja profesionalizaci\u00f3n que hoy enfrentamos las administraciones de M\u00e9xico\u201d, asever\u00f3 el presidente municipal, Enrique Vargas del Villar, durante la Asamblea Constitutiva de la Conferencia Nacional de Regidores de M\u00e9xico (CONAREM).<\/p>\n<p>Destac\u00f3, que el Cabildo es el eje del desarrollo nacional, ya que en sus manos esta el conducir el Ayuntamiento de manera adecuada y generar condiciones que promuevan el \u00f3ptimo desarrollo de las personas.<\/p>\n<p>Al resaltar la importancia de la CONAREM conformada por regidores de todo el pa\u00eds, el Alcalde de Huixquilucan, asegur\u00f3 que las propuestas que surjan de esta organizaci\u00f3n, contribuir\u00e1 a lograr acuerdos en beneficio de la poblaci\u00f3n, al ser el Cabildo el eje rector de la municipalidad y el primer contacto con la ciudadan\u00eda.<\/p>\n<p>\u201cHoy, el municipio est\u00e1 llamado a ser un facilitador de procesos y un regulador eficaz, con relaciones m\u00e1s horizontales, m\u00e1s directas con la ciudadan\u00eda\u201d, subray\u00f3\u00a0 Vargas del Villar.<\/p>\n<p>Destac\u00f3, que se tiene que cambiar la visi\u00f3n de los cabildos y generar propuestas sin distinci\u00f3n partidista, que lleve a la transformaci\u00f3n de las instituciones en pol\u00edticas publicas, a partir de la toma de decisiones que se generen en los cuerpos colegiados de los municipios.<\/p>\n<p>Eleazar Garc\u00eda, presidente municipal de Pachuca y presidente de la Confederaci\u00f3n Nacional de Municipios de M\u00e9xico tom\u00f3 protesta a los regidores de los estados de Quer\u00e9taro, Chihuahua, Baja California, Tepic, Veracruz, Chiapas, Oaxaca, Hidalgo San Luis Potos\u00ed, Puebla, Tamaulipas, Morelos y M\u00e9xico que conforman la CONAREM.<\/p>\n","protected":false},"excerpt":{"rendered":"<p>\u201cLos regidores del pa\u00eds tiene la gran responsabilidad de sumar, de acompa\u00f1ar a sus Presidentes Municipales, para asumir el reto de superar los problemas de fragilidad institucional, escasa recaudaci\u00f3n fiscal y baja profesionalizaci\u00f3n que hoy enfrentamos las administraciones de M\u00e9xico\u201d, asever\u00f3 el presidente municipal, Enrique Vargas del Villar, durante la Asamblea Constitutiva de la Conferencia Nacional de Regidores de M\u00e9xico (CONAREM).<\/p>\n","protected":false},"author":3,"featured_media":253036,"comment_status":"open","ping_status":"open","sticky":false,"template":"","format":"standard","meta":{"_monsterinsights_skip_tracking":false,"_monsterinsights_sitenote_active":false,"_monsterinsights_sitenote_note":"","_monsterinsights_sitenote_category":0,"footnotes":""},"categories":[35155],"tags":[43675,1097],"class_list":["post-252976","post","type-post","status-publish","format-standard","has-post-thumbnail","hentry","category-estado-de-mexico-estado-de-mexico","tag-estado-de-mexico","tag-huixquilucan"],"_links":{"self":[{"href":"https:\/\/www.diarioimagen.net\/index.php?rest_route=\/wp\/v2\/posts\/252976","targetHints":{"allow":["GET"]}}],"collection":[{"href":"https:\/\/www.diarioimagen.net\/index.php?rest_route=\/wp\/v2\/posts"}],"about":[{"href":"https:\/\/www.diarioimagen.net\/index.php?rest_route=\/wp\/v2\/types\/post"}],"author":[{"embeddable":true,"href":"https:\/\/www.diarioimagen.net\/index.php?rest_route=\/wp\/v2\/users\/3"}],"replies":[{"embeddable":true,"href":"https:\/\/www.diarioimagen.net\/index.php?rest_route=%2Fwp%2Fv2%2Fcomments&post=252976"}],"version-history":[{"count":0,"href":"https:\/\/www.diarioimagen.net\/index.php?rest_route=\/wp\/v2\/posts\/252976\/revisions"}],"wp:featuredmedia":[{"embeddable":true,"href":"https:\/\/www.diarioimagen.net\/index.php?rest_route=\/wp\/v2\/media\/253036"}],"wp:attachment":[{"href":"https:\/\/www.diarioimagen.net\/index.php?rest_route=%2Fwp%2Fv2%2Fmedia&parent=252976"}],"wp:term":[{"taxonomy":"category","embeddable":true,"href":"https:\/\/www.diarioimagen.net\/index.php?rest_route=%2Fwp%2Fv2%2Fcategories&post=252976"},{"taxonomy":"post_tag","embeddable":true,"href":"https:\/\/www.diarioimagen.net\/index.php?rest_route=%2Fwp%2Fv2%2Ftags&post=252976"}],"curies":[{"name":"wp","href":"https:\/\/api.w.org\/{rel}","templated":true}]}}