{"id":253002,"date":"2016-01-28T00:04:46","date_gmt":"2016-01-28T06:04:46","guid":{"rendered":"http:\/\/www.diarioimagen.net\/?p=253002"},"modified":"2016-01-28T01:31:21","modified_gmt":"2016-01-28T07:31:21","slug":"impacto-ambiental","status":"publish","type":"post","link":"https:\/\/www.diarioimagen.net\/?p=253002","title":{"rendered":"Impacto ambiental"},"content":{"rendered":"<h2>Desde el portal<\/h2>\n<h5>\u00c1ngel Soriano<\/h5>\n<p>&nbsp;<\/p>\n<p>\u201cNosotros no lo aprobamos, simplemente un proyecto de estas caracter\u00edsticas no lo hubi\u00e9ramos autorizado nunca; tiene una autorizaci\u00f3n vigente al d\u00eda de hoy\u201d, asegur\u00f3 el secretario de Medio Ambiente y Recursos Naturales (Semarnat), Rafael Pacchiano Alam\u00e1n, al referirse a la devastaci\u00f3n de manglares en Tajamar, Quintana Roo.<\/p>\n<p>Dijo que ahora se da seguimiento a los trabajos y recomendaciones de la Procuradur\u00eda Federal de Protecci\u00f3n al Ambiente (Profepa), como la reubicaci\u00f3n de especies, pero record\u00f3 que el total de los terrenos son propiedad de particulares y depender\u00e1 de ellos la decisi\u00f3n que tomen respecto a sus predios pues todos sus permisos y licencias de construcci\u00f3n son legales.<\/p>\n<p>De las 49 hect\u00e1reas del cambio de uso de suelo, 24 eran de manglar y es un proyecto que fue autorizado a\u00f1os atr\u00e1s y la Semarnat a su cargo s\u00f3lo hered\u00f3 el asunto ya que fueron autorizaciones que se otorgaron en 2005 y 2006, cuando no hab\u00eda prohibiciones de afectaci\u00f3n al manglar.<\/p>\n<p>Lo que resulta inexplicable es c\u00f3mo, si diez a\u00f1os despu\u00e9s de haberse otorgado esos permisos, y hoy que ya no son vigentes de acuerdo a la realidad actual, por qu\u00e9 las autoridades los sostienen y no los clausuran; no obstante los da\u00f1os a la naturaleza y a la sociedad en general, si insisten en hacerlos vigentes es porque, efectivamente, hay complicidad con los desarrolladores inmobiliarios para que, con el pretexto del desarrollo urbano y generaci\u00f3n de empleos, se siga beneficiando a los grandes capitanes de la industria de la destrucci\u00f3n.<\/p>\n<p style=\"text-align: center;\"><strong>TURBULENCIAS<br \/>\nAlianzas buenas y malas<\/strong><\/p>\n<p>Al iniciar su precampa\u00f1a en busca de la candidatura del PRD al gobierno de Oaxaca, Jos\u00e9 Antonio Estefan Garfias, que tiene como adversario al senador Benjam\u00edn Robles Montoya, asegur\u00f3 que est\u00e1 amarrada la alianza con el PAN y PT, lo que no se ha conseguido en Puebla, en donde el gobernador Rafael Moreno Valle ve en riesgo su postulaci\u00f3n como candidato presidencial por una coalici\u00f3n amplia.<\/p>\n<p>De acuerdo al dirigente perredista, Puebla y Oaxaca van juntas en sus prioridades electorales, pero parece ser que la realidad no lo pinta as\u00ed\u2026 La Asociaci\u00f3n Mexicana de Rociadores Autom\u00e1ticos Contra Incendios (AMRACI) urgi\u00f3 a diputados y senadores para que en su pr\u00f3ximo periodo ordinario de sesiones, que inicia en febrero, trabajar en la aprobaci\u00f3n de una iniciativa de ley para fortalecer el marco jur\u00eddico de seguridad humana y protecci\u00f3n contra incendios, toda vez que por falta de una cultura de incendios, en lo que va del a\u00f1o han ocurrido 30 en todo el pa\u00eds, dijo Carlos Morett, presidente de esta asociaci\u00f3n civil&#8230;Como si la celebridad la riqueza no le fuera suficiente, \u00bfc\u00f3mo es posible que Joaqu\u00edn Guzm\u00e1n Loera \u201cEl Chapo\u201d estuviera interesado en rodar una pel\u00edcula e intervenir como accionista en una tequilera que llevara su nombre. Con la fortuna que supuestamente lo ubica entre los hombres m\u00e1s ricos del mundo, tener esas aficiones es ubicarlo al nivel de un mexicano emprendedor con ansias de novillero. La verdad es que las ficciones que se tejen en torno al sinaloense s\u00f3lo las creen los aficionados a la ciencia ficci\u00f3n, pues nada de lo dicho se puede sustentar con sentido com\u00fan y con l\u00f3gica, como eso de tirotear 20 minutos una modesta habitaci\u00f3n en Los Mochis, en la cual dos vulgares ladrones bastar\u00edan para someter a sus ocupantes\u2026<\/p>\n<p><em><a href=\"http:\/\/www.revista-brecha.com\/\" target=\"_blank\">www.revista-brecha.com<br \/>\n<\/a><a href=\"mailto:vidanacional@yahoo.com.mx\" target=\"_blank\">vidanacional@yahoo.com.mx<\/a><\/em><\/p>\n","protected":false},"excerpt":{"rendered":"<p><span style=\"color: #005497;\"><strong>\u00c1ngel Soriano<\/strong><\/span><\/p>\n","protected":false},"author":3,"featured_media":0,"comment_status":"open","ping_status":"open","sticky":false,"template":"","format":"standard","meta":{"_monsterinsights_skip_tracking":false,"_monsterinsights_sitenote_active":false,"_monsterinsights_sitenote_note":"","_monsterinsights_sitenote_category":0,"footnotes":""},"categories":[135],"tags":[85,86,43674],"class_list":["post-253002","post","type-post","status-publish","format-standard","hentry","category-angel-soriano-opinion","tag-angel-soriano","tag-desde-el-portal","tag-opinion"],"_links":{"self":[{"href":"https:\/\/www.diarioimagen.net\/index.php?rest_route=\/wp\/v2\/posts\/253002","targetHints":{"allow":["GET"]}}],"collection":[{"href":"https:\/\/www.diarioimagen.net\/index.php?rest_route=\/wp\/v2\/posts"}],"about":[{"href":"https:\/\/www.diarioimagen.net\/index.php?rest_route=\/wp\/v2\/types\/post"}],"author":[{"embeddable":true,"href":"https:\/\/www.diarioimagen.net\/index.php?rest_route=\/wp\/v2\/users\/3"}],"replies":[{"embeddable":true,"href":"https:\/\/www.diarioimagen.net\/index.php?rest_route=%2Fwp%2Fv2%2Fcomments&post=253002"}],"version-history":[{"count":0,"href":"https:\/\/www.diarioimagen.net\/index.php?rest_route=\/wp\/v2\/posts\/253002\/revisions"}],"wp:attachment":[{"href":"https:\/\/www.diarioimagen.net\/index.php?rest_route=%2Fwp%2Fv2%2Fmedia&parent=253002"}],"wp:term":[{"taxonomy":"category","embeddable":true,"href":"https:\/\/www.diarioimagen.net\/index.php?rest_route=%2Fwp%2Fv2%2Fcategories&post=253002"},{"taxonomy":"post_tag","embeddable":true,"href":"https:\/\/www.diarioimagen.net\/index.php?rest_route=%2Fwp%2Fv2%2Ftags&post=253002"}],"curies":[{"name":"wp","href":"https:\/\/api.w.org\/{rel}","templated":true}]}}