{"id":253005,"date":"2016-01-28T00:05:36","date_gmt":"2016-01-28T06:05:36","guid":{"rendered":"http:\/\/www.diarioimagen.net\/?p=253005"},"modified":"2016-01-28T01:33:05","modified_gmt":"2016-01-28T07:33:05","slug":"el-pan-mas-cerca-de-el-chapo","status":"publish","type":"post","link":"https:\/\/www.diarioimagen.net\/?p=253005","title":{"rendered":"El PAN m\u00e1s cerca de <em>El Chapo<\/em>"},"content":{"rendered":"<h2>Detr\u00e1s del Poder<\/h2>\n<h5>Jos\u00e9 Antonio L\u00f3pez Sosa<\/h5>\n<p>&nbsp;<\/p>\n<p>Fueron solo rumores durante la administraci\u00f3n del ex presidente Felipe Calder\u00f3n que su partido y, su propia gente se dedic\u00f3 a proteger al c\u00e1rtel de Sinaloa durante la autodenominada \u201cguerra contra el narco\u201d, rumores que sonaron a mucha verdad y que, jur\u00eddicamente nunca pudieron probarse y en la praxis nunca pudieron desmentirse.<\/p>\n<p>Tal vez todo comenz\u00f3 con la mala suerte de Vicente Fox de haber sido presidente cuando se consum\u00f3 la primera fuga de \u201cEl Chapo\u201d, tal vez estuvo involucrada su administraci\u00f3n, nunca lo sabremos.<\/p>\n<p>Tal vez Garc\u00eda Luna lo protegi\u00f3, tal vez en su ineptitud nunca pudo contra su c\u00e1rtel, tampoco lo sabremos.<\/p>\n<p>Lo que hoy se conoce, es una cercan\u00eda entre la diputada (local) sinaloense Lucero S\u00e1nchez L\u00f3pez, perteneciente a la fracci\u00f3n parlamentaria del PAN y Joaqu\u00edn Guzm\u00e1n Loera, con visitas frecuentes al penal de El Altiplano.<\/p>\n<p>Judicialmente hay una investigaci\u00f3n por su v\u00ednculo -m\u00e1s all\u00e1 del personal o afectivo que podr\u00eda no tener consecuencias legales- y las autoridades competentes determinar\u00e1n su situaci\u00f3n legal, una vez que se apruebe el desafuero en el Congreso en Culiac\u00e1n.<\/p>\n<p>Ahora bien, m\u00e1s all\u00e1 de esta investigaci\u00f3n que es muy importante, as\u00ed como lo que determinen al final de la misma, \u00bfqu\u00e9 explicaci\u00f3n le da a sus representados y a sus compa\u00f1eros militantes esta diputada?<\/p>\n<p>Si bien cada individuo tiene el derecho de visitar dentro o fuera de la c\u00e1rcel a quien mejor le plazca, el hecho de tener un cargo de representaci\u00f3n popular le obliga \u00e9ticamente a dar una explicaci\u00f3n contundente, a menos que en su campa\u00f1a haya anunciado con antelaci\u00f3n, que de llegar al cargo dentro de sus actividades legislativas estar\u00eda visitar a Guzm\u00e1n en el reclusorio.<\/p>\n<p>Un v\u00ednculo de esta naturaleza no puede nacer en un par de d\u00edas, no pretendo indagar el tipo de v\u00ednculo personal o afectivo que al final del d\u00eda, es irrelevante pol\u00edticamente hablando, me refiero a la cercan\u00eda de una diputada panista con el delincuente m\u00e1s buscado de M\u00e9xico.<\/p>\n<p>\u00bfQu\u00e9 hay en el pasado que no vio, o si vio y call\u00f3 el PAN en Sinaloa?, \u00bfqu\u00e9 opini\u00f3n tiene el gobernador que en estos asuntos se esconde y act\u00faa como regidor?, \u00bfqu\u00e9 dice el presidente del PAN en Sinaloa?, \u00bfqu\u00e9 dicen sus compa\u00f1eros de f\u00f3rmula?, \u00bfqu\u00e9 dice el se\u00f1or Anaya m\u00e1s all\u00e1 de exigir el desafuero?<\/p>\n<p>Estamos de acuerdo que no por una panista, se puede vincular al resto de los militantes con alg\u00fan delincuente, pero es un hecho, que esto resulta un golpe a la imagen y credibilidad de Acci\u00f3n Nacional. Un partido pol\u00edtico es responsable de su militancia, m\u00e1s a\u00fan de sus candidatos y sus militantes en ejercicio del poder.<\/p>\n<p>Con este hecho, el PAN luce m\u00e1s cerca que antes, de \u201cEl Chapo\u201d Guzm\u00e1n.<\/p>\n<p><em><a href=\"http:\/\/www.lopezsosa.com\" target=\"_blank\">www.lopezsosa.com<\/a><br \/>\n<\/em><em><a href=\"mailto:joseantonio@lopezsosa.com\" target=\"_blank\">joseantonio@lopezsosa.com<\/a><\/em><br \/>\n<em><a href=\"http:\/\/twitter.com\/joseantonio1977\" target=\"_blank\">@joseantonio1977<\/a><\/em><\/p>\n","protected":false},"excerpt":{"rendered":"<p><span style=\"color: #005497;\"><strong>Jos\u00e9 Antonio L\u00f3pez Sosa<\/strong><\/span><\/p>\n","protected":false},"author":3,"featured_media":0,"comment_status":"open","ping_status":"open","sticky":false,"template":"","format":"standard","meta":{"_monsterinsights_skip_tracking":false,"_monsterinsights_sitenote_active":false,"_monsterinsights_sitenote_note":"","_monsterinsights_sitenote_category":0,"footnotes":""},"categories":[637],"tags":[638,43690,43674],"class_list":["post-253005","post","type-post","status-publish","format-standard","hentry","category-jose-antonio-lopez-sosa","tag-detras-del-poder","tag-jose-antonio-lopez-sosa","tag-opinion"],"_links":{"self":[{"href":"https:\/\/www.diarioimagen.net\/index.php?rest_route=\/wp\/v2\/posts\/253005","targetHints":{"allow":["GET"]}}],"collection":[{"href":"https:\/\/www.diarioimagen.net\/index.php?rest_route=\/wp\/v2\/posts"}],"about":[{"href":"https:\/\/www.diarioimagen.net\/index.php?rest_route=\/wp\/v2\/types\/post"}],"author":[{"embeddable":true,"href":"https:\/\/www.diarioimagen.net\/index.php?rest_route=\/wp\/v2\/users\/3"}],"replies":[{"embeddable":true,"href":"https:\/\/www.diarioimagen.net\/index.php?rest_route=%2Fwp%2Fv2%2Fcomments&post=253005"}],"version-history":[{"count":0,"href":"https:\/\/www.diarioimagen.net\/index.php?rest_route=\/wp\/v2\/posts\/253005\/revisions"}],"wp:attachment":[{"href":"https:\/\/www.diarioimagen.net\/index.php?rest_route=%2Fwp%2Fv2%2Fmedia&parent=253005"}],"wp:term":[{"taxonomy":"category","embeddable":true,"href":"https:\/\/www.diarioimagen.net\/index.php?rest_route=%2Fwp%2Fv2%2Fcategories&post=253005"},{"taxonomy":"post_tag","embeddable":true,"href":"https:\/\/www.diarioimagen.net\/index.php?rest_route=%2Fwp%2Fv2%2Ftags&post=253005"}],"curies":[{"name":"wp","href":"https:\/\/api.w.org\/{rel}","templated":true}]}}