{"id":253106,"date":"2016-01-29T00:09:36","date_gmt":"2016-01-29T06:09:36","guid":{"rendered":"http:\/\/www.diarioimagen.net\/?p=253106"},"modified":"2016-01-29T02:10:12","modified_gmt":"2016-01-29T08:10:12","slug":"reportan-casos-sospechosos-del-virus-zika-en-oaxaca","status":"publish","type":"post","link":"https:\/\/www.diarioimagen.net\/?p=253106","title":{"rendered":"Reportan casos sospechosos de virus del zika en Oaxaca"},"content":{"rendered":"<ul>\n<li><strong><em>Refuerzan los programas de prevenci\u00f3n<\/em><\/strong><\/li>\n<\/ul>\n<p>&nbsp;<\/p>\n<div id=\"attachment_253107\" style=\"width: 430px\" class=\"wp-caption aligncenter\"><a href=\"http:\/\/www.diarioimagen.net\/?attachment_id=253107\" rel=\"attachment wp-att-253107\"><img loading=\"lazy\" decoding=\"async\" aria-describedby=\"caption-attachment-253107\" class=\"wp-image-253107 size-large\" src=\"http:\/\/www.diarioimagen.net\/wp-content\/uploads\/2016\/01\/ZIKA29-portal-420x245.jpg\" alt=\"Aumentan los casos sospechosos del virus del zika en M\u00e9xico, por lo que las autoridades sanitarias encendieron los focos rojos.\" width=\"420\" height=\"245\" srcset=\"https:\/\/www.diarioimagen.net\/wp-content\/uploads\/2016\/01\/ZIKA29-portal-420x245.jpg 420w, https:\/\/www.diarioimagen.net\/wp-content\/uploads\/2016\/01\/ZIKA29-portal-240x140.jpg 240w, https:\/\/www.diarioimagen.net\/wp-content\/uploads\/2016\/01\/ZIKA29-portal.jpg 480w\" sizes=\"auto, (max-width: 420px) 100vw, 420px\" \/><\/a><p id=\"caption-attachment-253107\" class=\"wp-caption-text\">Aumentan los casos sospechosos del virus del zika en M\u00e9xico, por lo que las autoridades sanitarias encendieron los focos rojos.<\/p><\/div>\n<p>&nbsp;<\/p>\n<p>En Oaxaca ya hay casos sospechosos del virus del zika, anunci\u00f3 la doctora Rosa Dinorah de la Cruz Rosado, responsable del Programa del Dengue, Chik y Zika de la Jurisdicci\u00f3n Sanitaria N\u00famero 1 de los Servicios de Salud de la entidad.<\/p>\n<p>\u201cNuestra principal preocupaci\u00f3n es el nuevo virus del zika, que ya se encuentra en nuestro pa\u00eds y tenemos temor de que se pueda presentar en los Valles Centrales, por eso estamos reforzando las campa\u00f1as de la lucha y prevenci\u00f3n para que estos virus no nos lleguen a perjudicar en gran magnitud\u201d.<\/p>\n<p>Destac\u00f3 que se trabaja principalmente en la parte preventiva, como la primera jornada de la prevenci\u00f3n contra el dengue, chikungunya y zika, que se llevar\u00e1 a cabo desde este 29 de enero en el municipio de Zimatl\u00e1n de \u00c1lvarez.<\/p>\n<p>La funcionaria explic\u00f3 sobre las caracter\u00edsticas de los virus, que son parecidas, \u201cpero var\u00edan en ciertas sintomatolog\u00edas. En el caso del chikunguya, es toda persona que presente fiebre aguda, presencia de Poliartralgias severas de tipo incapacitante o que presente artritis de inicio agudo\u201d.<\/p>\n<p>\u201cLo que es dengue, es todo paciente que presente fiebre y s\u00edntomas que pueden ser cefalea o dolor retro-ocular y lo que es la variaci\u00f3n del dengue hemorr\u00e1gico, lo que provoca una disminuci\u00f3n de las plaquetas\u201d.<\/p>\n<p>De la Cruz Rosado dijo que la principal preocupaci\u00f3n de las autoridades sanitarias sobre la presencia del zika, \u201ces que en mujeres embarazadas se han dado casos que hay microcefalea, los beb\u00e9s nacen con una circunferencia craneana muy peque\u00f1a\u201d.<\/p>\n<p>\u201cEste virus ataca en todo el periodo de la gestaci\u00f3n, es por eso nuestra preocupaci\u00f3n; ahora lo m\u00e1s importantes es concientizar a las personas, de que si encuentran algunas de estos s\u00edntomas deben acudir inmediatamente a los centros de salud, a las mujeres embarazadas es muy importante acudir a su control prenatal porque se sabe que de cada 5 embarazadas, 4 mujeres no presentan s\u00edntomas, esto quiere decir que puede tener el virus zika, que es transmitido por el vector Aedes aegypti o Aedes albopictus\u201d.<\/p>\n<p>Refiri\u00f3 que el virus que tiene presencia en el \u00e1rea de los Valles Centrales es el Aedes Aegypti, \u201cpero es el mismo y ese vector puede transmitir las tres enfermedades en una sola persona, una persona puede presentar las tres enfermedades al mismo tiempo\u201d.<\/p>\n<p style=\"text-align: center;\"><strong>Reporta Nueva York cinco casos de zika<\/strong><\/p>\n<p>Mientras tanto, en Nueva York, cinco personas contrajeron el virus del zika, luego de realizar viajes a Am\u00e9rica Latina, con lo que sumar\u00edan siete las personas en Estados Unidos que padecen esta enfermedad.<\/p>\n<p>Los casos comienzan a multiplicarse en Estados Unidos luego que la Organizaci\u00f3n Mundial de la Salud (OMS) alert\u00f3 ayer jueves que la propagaci\u00f3n del virus del zika estaba \u201cextendi\u00e9ndose explosivamente\u201d en el continente.<\/p>\n<p>Funcionarios del Departamento de Salud citados por el diario <em>The New York Post<\/em>, informaron que dos de los casos fueron detectados en la ciudad de Nueva York, mientras que otro fue ubicado en el condado suburbano de Nassau.<\/p>\n<p>Otros dos casos de virus del zika en Nueva York fueron reportados en condados al norte del estado, en Orange y Monroe.<\/p>\n<p>Reportes de prensa, que citan declaraciones de funcionarios, aseguran que se han registrado otros dos casos del virus del zika en los estados de Virginia y Arkansas.<\/p>\n<p>El Centro de Prevenci\u00f3n y Control de Enfermedades (CDC) emiti\u00f3 una alerta para todas las personas que viajen a Am\u00e9rica Latina y el Caribe, dado el potencial de infecci\u00f3n en estas regiones, donde suman cientos las personas afectadas.<\/p>\n<p>La mayor\u00eda de los pacientes portadores del zika se recuperan de la enfermedad sin necesidad siquiera de ser hospitalizados, pero el virus se ha vinculado en Brasil a varios nacimientos de beb\u00e9s con microcefalia, o con una cabeza m\u00e1s peque\u00f1a de lo normal. The New York Post report\u00f3 que ninguna de las personas en Nueva York que contrajeron el virus est\u00e1 embarazada.<\/p>\n<p>Autoridades de salud indicaron que el mosquito que transmite el virus del zika, Aedes aegypti, no se encuentra en Estados Unidos, aunque algunos investigadores han se\u00f1alado que el mosquito conocido como Tigre asi\u00e1tico, que se encuentra en Nueva York, s\u00ed podr\u00eda contagiar el virus.<\/p>\n","protected":false},"excerpt":{"rendered":"<p>En Oaxaca ya hay casos sospechosos del virus del zika, anunci\u00f3 la doctora Rosa Dinorah de la Cruz Rosado, responsable del Programa del Dengue, Chik y Zika de la Jurisdicci\u00f3n Sanitaria N\u00famero 1 de los Servicios de Salud de la entidad.<\/p>\n","protected":false},"author":5,"featured_media":253107,"comment_status":"open","ping_status":"open","sticky":false,"template":"","format":"standard","meta":{"_monsterinsights_skip_tracking":false,"_monsterinsights_sitenote_active":false,"_monsterinsights_sitenote_note":"","_monsterinsights_sitenote_category":0,"footnotes":""},"categories":[3],"tags":[491,43692,432,783,45624],"class_list":["post-253106","post","type-post","status-publish","format-standard","has-post-thumbnail","hentry","category-nacional","tag-oaxaca","tag-salud","tag-secretaria-de-salud","tag-virus","tag-zika"],"_links":{"self":[{"href":"https:\/\/www.diarioimagen.net\/index.php?rest_route=\/wp\/v2\/posts\/253106","targetHints":{"allow":["GET"]}}],"collection":[{"href":"https:\/\/www.diarioimagen.net\/index.php?rest_route=\/wp\/v2\/posts"}],"about":[{"href":"https:\/\/www.diarioimagen.net\/index.php?rest_route=\/wp\/v2\/types\/post"}],"author":[{"embeddable":true,"href":"https:\/\/www.diarioimagen.net\/index.php?rest_route=\/wp\/v2\/users\/5"}],"replies":[{"embeddable":true,"href":"https:\/\/www.diarioimagen.net\/index.php?rest_route=%2Fwp%2Fv2%2Fcomments&post=253106"}],"version-history":[{"count":0,"href":"https:\/\/www.diarioimagen.net\/index.php?rest_route=\/wp\/v2\/posts\/253106\/revisions"}],"wp:featuredmedia":[{"embeddable":true,"href":"https:\/\/www.diarioimagen.net\/index.php?rest_route=\/wp\/v2\/media\/253107"}],"wp:attachment":[{"href":"https:\/\/www.diarioimagen.net\/index.php?rest_route=%2Fwp%2Fv2%2Fmedia&parent=253106"}],"wp:term":[{"taxonomy":"category","embeddable":true,"href":"https:\/\/www.diarioimagen.net\/index.php?rest_route=%2Fwp%2Fv2%2Fcategories&post=253106"},{"taxonomy":"post_tag","embeddable":true,"href":"https:\/\/www.diarioimagen.net\/index.php?rest_route=%2Fwp%2Fv2%2Ftags&post=253106"}],"curies":[{"name":"wp","href":"https:\/\/api.w.org\/{rel}","templated":true}]}}