{"id":253153,"date":"2016-01-29T00:03:10","date_gmt":"2016-01-29T06:03:10","guid":{"rendered":"http:\/\/www.diarioimagen.net\/?p=253153"},"modified":"2016-02-01T00:11:49","modified_gmt":"2016-02-01T06:11:49","slug":"crece-robo-de-identidad-en-mexico-condusef","status":"publish","type":"post","link":"https:\/\/www.diarioimagen.net\/?p=253153","title":{"rendered":"Crece robo de identidad en M\u00e9xico: Condusef"},"content":{"rendered":"<ul>\n<li><strong><em>Hasta en 40 por ciento<br \/>\n<\/em><\/strong><\/li>\n<\/ul>\n<p>&nbsp;<\/p>\n<p><a href=\"http:\/\/www.diarioimagen.net\/?attachment_id=253289\" rel=\"attachment wp-att-253289\"><img loading=\"lazy\" decoding=\"async\" class=\"aligncenter size-large wp-image-253289\" src=\"http:\/\/www.diarioimagen.net\/wp-content\/uploads\/2016\/01\/identidad-robada-2793-420x236.jpg\" alt=\"identidad-robada-2793\" width=\"420\" height=\"236\" srcset=\"https:\/\/www.diarioimagen.net\/wp-content\/uploads\/2016\/01\/identidad-robada-2793-420x236.jpg 420w, https:\/\/www.diarioimagen.net\/wp-content\/uploads\/2016\/01\/identidad-robada-2793-240x135.jpg 240w, https:\/\/www.diarioimagen.net\/wp-content\/uploads\/2016\/01\/identidad-robada-2793-235x132.jpg 235w, https:\/\/www.diarioimagen.net\/wp-content\/uploads\/2016\/01\/identidad-robada-2793-202x114.jpg 202w, https:\/\/www.diarioimagen.net\/wp-content\/uploads\/2016\/01\/identidad-robada-2793-350x196.jpg 350w, https:\/\/www.diarioimagen.net\/wp-content\/uploads\/2016\/01\/identidad-robada-2793-220x123.jpg 220w, https:\/\/www.diarioimagen.net\/wp-content\/uploads\/2016\/01\/identidad-robada-2793-237x132.jpg 237w, https:\/\/www.diarioimagen.net\/wp-content\/uploads\/2016\/01\/identidad-robada-2793.jpg 480w\" sizes=\"auto, (max-width: 420px) 100vw, 420px\" \/><\/a><\/p>\n<p>&nbsp;<\/p>\n<p>A pesar de que el robo de identidad se ha convertido en un delito recurrente que afecta sobre todo a la ciudadan\u00eda en la capital del pa\u00eds, se trata de un acto il\u00edcito relativamente nuevo y hasta ahora se ha resuelto mayoritariamente a favor de los usuarios, asegur\u00f3 Mario Di Costanzo, titular de Condusef.<\/p>\n<p>Entrevistado en el Museo de Antropolog\u00eda al participar en el D\u00eda Internacional de Protecci\u00f3n de Datos Personales, el funcionario se\u00f1al\u00f3 que se trata de un delito importado de Centroam\u00e9rica y Europa.<\/p>\n<p>El titular de la Comisi\u00f3n Nacional para la Protecci\u00f3n y Defensa de los Usuarios de Servicios Financieros (Condusef) explic\u00f3 que en muchas ocasiones se ha detectado que hay bandas internacionales compuestas por centroamericanos y europeos, especialmente rusos, que aprovechan la oportunidad y el desconocimiento de la gente.<\/p>\n<p>Por ejemplo, dijo, con la reciente aprobaci\u00f3n de la nueva legislaci\u00f3n en materia de transparencia, algunos delincuentes enviaron a usuarios de la banca avisos solicitando actualizaci\u00f3n de datos personales a trav\u00e9s de correos que simulaban ser de instituciones bancarias. Sin embargo, ning\u00fan banco realiza esta pr\u00e1ctica y los delincuentes obtuvieron de esta manera informaci\u00f3n de muchas personas.<\/p>\n<p>Con todo, en la mayor\u00eda de los casos se trata de delitos cometidos en forma oportunista, aprovechando el descuido de las personales, dijo.<\/p>\n<p>Mario Di Costanzo reiter\u00f3 el llamado a los usuarios de los servicios financieros a cuidar su informaci\u00f3n personal y nunca contestar correos en lo que les solicitan datos, porque los bancos no env\u00edan esta clase de comunicaciones.<\/p>\n<p style=\"text-align: center;\"><strong>Aumenta robo de identidad <\/strong><\/p>\n<p>El n\u00famero de denuncias por robo de identidad presenta un importante crecimiento que lleg\u00f3 a ser de hasta 40 por ciento durante el primer semestre de 2015, al pasar de 20 mil 168 a 28 mil 258 respecto al mismo periodo de 2014 seg\u00fan la Condusef.<\/p>\n<p>Por ese motivo autoridades, especialistas, acad\u00e9micos y representantes de la sociedad civil analizar\u00e1n c\u00f3mo fortalecer las acciones orientadas a detectar y prevenir este delito.<\/p>\n<p>El Instituto Nacional de Transparencia, Acceso a la Informaci\u00f3n y Protecci\u00f3n de Datos Personales (Inai) inform\u00f3 que un art\u00edculo de la Comisi\u00f3n Nacional para la Protecci\u00f3n y Defensa de los Usuarios de Servicios Financieros (Condusef) revela que M\u00e9xico ocupa el octavo lugar en ese delito.<\/p>\n<p>Seg\u00fan registros del Banco de M\u00e9xico (Banxico), en 67 por ciento de los casos, el robo de identidad se da por p\u00e9rdida de documentos, otro 63 por ciento es por robo de carteras y portafolios y 53 por ciento por informaci\u00f3n tomada directamente de una tarjeta bancaria.<\/p>\n","protected":false},"excerpt":{"rendered":"<p>A pesar de que el robo de identidad se ha convertido en un delito recurrente que afecta sobre todo a la ciudadan\u00eda en la capital del pa\u00eds, se trata de un acto il\u00edcito relativamente nuevo y hasta ahora se ha resuelto mayoritariamente a favor de los usuarios, asegur\u00f3 Mario Di Costanzo, titular de Condusef.<\/p>\n","protected":false},"author":3,"featured_media":253289,"comment_status":"open","ping_status":"open","sticky":false,"template":"","format":"standard","meta":{"_monsterinsights_skip_tracking":false,"_monsterinsights_sitenote_active":false,"_monsterinsights_sitenote_note":"","_monsterinsights_sitenote_category":0,"footnotes":""},"categories":[3],"tags":[1519,3155,45088,43673,13955],"class_list":["post-253153","post","type-post","status-publish","format-standard","has-post-thumbnail","hentry","category-nacional","tag-banxico","tag-condusef","tag-identidad","tag-nacional","tag-robo"],"_links":{"self":[{"href":"https:\/\/www.diarioimagen.net\/index.php?rest_route=\/wp\/v2\/posts\/253153","targetHints":{"allow":["GET"]}}],"collection":[{"href":"https:\/\/www.diarioimagen.net\/index.php?rest_route=\/wp\/v2\/posts"}],"about":[{"href":"https:\/\/www.diarioimagen.net\/index.php?rest_route=\/wp\/v2\/types\/post"}],"author":[{"embeddable":true,"href":"https:\/\/www.diarioimagen.net\/index.php?rest_route=\/wp\/v2\/users\/3"}],"replies":[{"embeddable":true,"href":"https:\/\/www.diarioimagen.net\/index.php?rest_route=%2Fwp%2Fv2%2Fcomments&post=253153"}],"version-history":[{"count":0,"href":"https:\/\/www.diarioimagen.net\/index.php?rest_route=\/wp\/v2\/posts\/253153\/revisions"}],"wp:featuredmedia":[{"embeddable":true,"href":"https:\/\/www.diarioimagen.net\/index.php?rest_route=\/wp\/v2\/media\/253289"}],"wp:attachment":[{"href":"https:\/\/www.diarioimagen.net\/index.php?rest_route=%2Fwp%2Fv2%2Fmedia&parent=253153"}],"wp:term":[{"taxonomy":"category","embeddable":true,"href":"https:\/\/www.diarioimagen.net\/index.php?rest_route=%2Fwp%2Fv2%2Fcategories&post=253153"},{"taxonomy":"post_tag","embeddable":true,"href":"https:\/\/www.diarioimagen.net\/index.php?rest_route=%2Fwp%2Fv2%2Ftags&post=253153"}],"curies":[{"name":"wp","href":"https:\/\/api.w.org\/{rel}","templated":true}]}}