{"id":253201,"date":"2016-01-29T00:09:55","date_gmt":"2016-01-29T06:09:55","guid":{"rendered":"http:\/\/www.diarioimagen.net\/?p=253201"},"modified":"2016-01-29T04:36:40","modified_gmt":"2016-01-29T10:36:40","slug":"senadores-del-prd-rompen-con-graco","status":"publish","type":"post","link":"https:\/\/www.diarioimagen.net\/?p=253201","title":{"rendered":"Senadores del PRD rompen con Graco"},"content":{"rendered":"<h2>Tras la puerta del poder<\/h2>\n<h5>Roberto Vizca\u00edno<\/h5>\n<p>&nbsp;<\/p>\n<ul>\n<li><strong><em>Grandes regiones de Morelos est\u00e1n bajo el dominio del crimen organizado, dice Barbosa\u00a0<\/em><\/strong><\/li>\n<li><strong><em>Graco Ram\u00edrez es un maestro de la intriga, la calumnia y el descr\u00e9dito, afirma Dem\u00e9dicis \u00a0\u00a0\u00a0\u00a0<\/em><\/strong><\/li>\n<li><strong><em>El gobernador morelense no ceja tampoco en denostar al alcalde de Tlaquiltenango<\/em><\/strong><\/li>\n<\/ul>\n<p>&nbsp;<\/p>\n<div id=\"attachment_253309\" style=\"width: 430px\" class=\"wp-caption aligncenter\"><a href=\"http:\/\/www.diarioimagen.net\/?attachment_id=253309\" rel=\"attachment wp-att-253309\"><img loading=\"lazy\" decoding=\"async\" aria-describedby=\"caption-attachment-253309\" class=\"size-large wp-image-253309\" src=\"http:\/\/www.diarioimagen.net\/wp-content\/uploads\/2016\/01\/una-buena-jose-luis-2793-420x326.jpg\" alt=\"Una buena... | Jos\u00e9 Luis\" width=\"420\" height=\"326\" srcset=\"https:\/\/www.diarioimagen.net\/wp-content\/uploads\/2016\/01\/una-buena-jose-luis-2793-420x326.jpg 420w, https:\/\/www.diarioimagen.net\/wp-content\/uploads\/2016\/01\/una-buena-jose-luis-2793-240x186.jpg 240w, https:\/\/www.diarioimagen.net\/wp-content\/uploads\/2016\/01\/una-buena-jose-luis-2793.jpg 480w\" sizes=\"auto, (max-width: 420px) 100vw, 420px\" \/><\/a><p id=\"caption-attachment-253309\" class=\"wp-caption-text\">Una buena&#8230; | Jos\u00e9 Luis<\/p><\/div>\n<p>&nbsp;<\/p>\n<p>Encabezados por su coordinador, el poblano Miguel Barbosa, la mayor\u00eda de los senadores del PRD acusaron al gobernador de Morelos, al tambi\u00e9n perredista Graco Ram\u00edrez de intentar linchar pol\u00edticamente al senador Fidel Dem\u00e9dicis y de exponer la vida de este al acusarlo de ser el autor intelectual de la ejecuci\u00f3n de la alcaldesa de Temixco, Gisela Mota.<\/p>\n<p>Barbosa no s\u00f3lo pidi\u00f3 a Graco \u201cserenarse\u201d y dar fin a su embate medi\u00e1tico y pol\u00edtico contra el senador Dem\u00e9dicis, sino que le advirti\u00f3 que a petici\u00f3n de su bancada escalar\u00e1 el asunto de este conflicto a las instancias federales m\u00e1s altas:<\/p>\n<p>\u201cVamos a dirigirnos al secretario de Gobernaci\u00f3n (Miguel \u00c1ngel Osorio Chong), a la procuradora General de la Rep\u00fablica (Arely G\u00f3mez), a Renato Sales (secretario de Seguridad Nacional), a Salvador Cienfuegos (secretario de la Defensa Nacional) y al secretario de Marina, Vidal Francisco Sober\u00f3n\u2026 vamos a dirigirnos haci\u00e9ndoles saber de estos hechos\u2026<\/p>\n<p>\u201cYo ya habl\u00e9 de esta circunstancia con el secretario de Gobernaci\u00f3n, yo ya lo hice antes, porque \u00e9ste es un asunto que viene desarroll\u00e1ndose y que no se detiene, viene increment\u00e1ndose.<\/p>\n<p>\u201cNos preocupa la seguridad personal de Fidel Dem\u00e9dicis y de su familia y de su equipo, s\u00ed nos preocupa. Repito, as\u00ed es como ocurren las tragedias, as\u00ed es como hay hechos qu\u00e9 lamentar, as\u00ed; en un ambiente de descontrol como hay en Morelos, este escenario puede ser aprovechado por alguien, \u00e9se es un asunto real\u201d, reflexion\u00f3 Barbosa.<\/p>\n<p>En los hechos el coordinador de los senadores del PRD no s\u00f3lo deline\u00f3 al gobernador Graco Ram\u00edrez como un pol\u00edtico lioso, irresponsable, vengativo, capaz de quiz\u00e1 inducir un atentado contra Dem\u00e9dicis.<\/p>\n<p>Por lo pronto el hecho de que el gobernador perredista Ram\u00edrez haya operado la expulsi\u00f3n del senador Dem\u00e9dicis del PRD morelense y de haberlo acusado sin pruebas del asesinato de la alcaldesa de Temixco Gisela Mota, est\u00e1 a punto de provocar un nuevo un nuevo cisma dentro del PRD.<\/p>\n<p>En conferencia de prensa el senador Barbosa, quien estuvo acompa\u00f1ado por Dem\u00e9dicis, Alejandro Encinas, Armando Rios P\u00edter y otros, indic\u00f3:<\/p>\n<p>\u201c\u2026 lo que est\u00e1 prevaleciendo en Graco es odio, deseo de destrucci\u00f3n, destrucci\u00f3n pol\u00edtica\u2026 y no lo vamos a permitir. No vamos a permitir que desde el gobierno del estado se construyan condiciones de linchamiento en contra de Fidel Dem\u00e9dicis\u201d.<\/p>\n<p>Barbosa indic\u00f3 que las imputaciones hechas por el gobernador contra el senador, derivaron en un encuentro de Dem\u00e9dicis con las autoridades de la PGR ante quienes se present\u00f3 para responder por estos dichos.<\/p>\n<p>El coordinador de los senadores del sol azteca indic\u00f3 que todos ellos tienen claro que la querella de Graco contra Dem\u00e9dicis es por la disputa de ver qui\u00e9n sucede a la alcaldesa fallecida<\/p>\n<p>\u201cUn se\u00f1alamiento as\u00ed debe probarse, no es un asunto interno del PRD, es una imputaci\u00f3n por homicidio, con responsabilidad penal\u2026 \u00a1no sean b\u00e1rbaros!\u201d, exclam\u00f3 Barbosa.<\/p>\n<p>E insisti\u00f3:<\/p>\n<p>\u201cLe pedimos a Graco Ram\u00edrez que act\u00fae con responsabilidad, que se serene, que se serene\u201d.<\/p>\n<p><strong>Dem\u00e9dicis <\/strong>dijo a su vez que hac\u00eda desde luego responsable al gobernador Ram\u00edrez de lo que le pudiera ocurrir a \u00e9l, a su familia o amigos y colaboradores, porque \u201cen este contexto todo puede suceder\u201d.<\/p>\n<p>Lo consider\u00f3 luego un cobarde porque, afirm\u00f3, \u201cno ha tenido el valor de dar la cara, <strong>pero todos sabemos que es \u00e9l quien est\u00e1 atr\u00e1s, el que mueve la cuna<\/strong>\u2026\u201d<\/p>\n<p>Y explic\u00f3 que toda la campa\u00f1a y acciones en su contra ha corrido a cargo de Rodrigo Gayoso, hijo de Elena Cepeda, esposa actual del gobernador.<\/p>\n<p>Gayoso es hoy el l\u00edder del PRD en Morelos y desde ese cargo es que ha promovido la expulsi\u00f3n de Dem\u00e9dicis de este partido. Y es gente cercana a \u00e9l quien acusa al senador de estar detr\u00e1s de la ejecuci\u00f3n de la alcaldesa.<\/p>\n<p>Para Dem\u00e9dicis el embate y campa\u00f1a en su contra no es sorpresa. Dice, asegura:<\/p>\n<p>\u201cGraco es maestro de la intriga, de la calumnia, del descr\u00e9dito\u2026 pero yo veo hoy a Graco como un gato acorralado\u2026<\/p>\n<p>\u201cY es que hay una insistencia muy fuerte de una parte important\u00edsima de la poblaci\u00f3n sobre un juicio pol\u00edtico&#8230; un juicio que est\u00e1 planteado ante el Congreso estatal y que la Junta Pol\u00edtica y de Gobierno del Congreso del estado de Morelos, presidida por la diputada Hortensia Figueroa, aliada de Graco, <strong>pospuso hace unos d\u00edas para dentro de 3 meses.<\/strong><\/p>\n<p><strong>\u201cEllos saben que en julio se estar\u00eda discutiendo este tema pero en julio salen a receso los diputados y todo indica que luego Graco piensa emprender la graciosa huida para, a partir del mes de octubre, buscar la presidencia de la Rep\u00fablica\u2026<\/strong><\/p>\n<p>\u201cPor eso Graco quiere que todos se callen. Pero desafortunadamente para \u00e9l, el pueblo es contundente: hay marchas de repudio a su gobierno casi todos los d\u00edas; el d\u00eda 1 de febrero se inicia el segundo periodo ordinario del primer a\u00f1o legislativo en el Congreso de Morelos, y, bueno, est\u00e1 planteada una magna manifestaci\u00f3n encabezada por muchos sectores para exigirle a Graco que se vaya.<\/p>\n<p>\u201cUna exigencia avalada desde el clero, los partidos, las organizaciones no gubernamentales, los campesinos, los maestros, los estudiantes, la universidad del estado\u2026 es decir, ya hay un clamor general en su contra, y \u00e9l quiere que se callen todos por supuesto\u201d, explica Dem\u00e9dicis.<\/p>\n<p style=\"text-align: center;\"><strong>NO ES JUEGO<\/strong><\/p>\n<p>Por todo ello para Barbosa lo que ocurre en Morelos y las vendetas de Graco no son cosa de Juego:<\/p>\n<p>\u201cNo hay que bromear\u2026 lo que dije, lo sostengo: Morelos es un estado en el que varias regiones del mismo est\u00e1n dominadas por la delincuencia organizada, es un asunto dram\u00e1tico.<\/p>\n<p>\u201cY si se le agregan los ingredientes pol\u00edticos de linchamiento, es como llegan las tragedias, lo que no debe ocurrir\u201d, precisa el coordinador de los senadores del PRD.<\/p>\n<p style=\"text-align: center;\"><strong>DETENCI\u00d3N FICTICIA<\/strong><\/p>\n<p>La noticia fue \u201ccomprada\u201d por varios medios de los llamados nacionales, los cuales no dudaron en lanzarla como primicia: \u201cLa Federal detuvo al alcalde de Tlaquiltenango\u201d.<\/p>\n<p>La verdad es que el perredista Enrique Alonso fue retenido apenas 10 minutos en un ret\u00e9n de la Polic\u00eda Federal al llegar a la Ciudad de M\u00e9xico por la Autopista de Cuernavaca, porque su escolta portaba un arma ya sabe usted, de uso exclusivo del Ej\u00e9rcito.<\/p>\n<p>Dos, tres telefonazos del alcalde \u2014que han hecho famoso por su confrontaci\u00f3n contra el gobernador Graco Ram\u00edrez debido al asunto del Mando \u00danico policiaco- y fue dejado en libertad para seguir su camino.<\/p>\n<p>Desde que Alonso se neg\u00f3 a aceptar este Mando \u00danico, Graco y su equipo de comunicaci\u00f3n social, m\u00e1s sus aliados en diarios, radio y TV, la han emprendido contra el alcalde al cual le han encontrado que estuvo preso, que fue \u201cpollero\u201d, que estuvo casado con una mujer que cumple una sentencia de 45 a\u00f1os por haber asesinado a una prima y por ser un barbaj\u00e1n.<\/p>\n<p>La pregunta es: \u00bfsi Alonso es todo eso entonces por qu\u00e9 el PRD de Morelos liderado por el hijastro del gobernador lo hizo candidato para la alcald\u00eda de Tlaquiltenango?<\/p>\n<p>En fin, este es otro caso donde todo indica que Graco no acepta criticas ni oposiciones.<\/p>\n<p><em><a href=\"mailto:rvizcainoa@gmail.com\" target=\"_blank\">rvizcainoa@gmail.com<\/a><\/em><br \/>\n<em><a href=\"http:\/\/www.endirecto.com.mx\/\" target=\"_blank\">www.endirecto.com.mx<\/a><\/em><br \/>\n<em><a href=\"https:\/\/twitter.com\/_rvizcaino\" target=\"_blank\">@_RVizcaino<\/a><\/em><br \/>\n<a href=\"https:\/\/www.facebook.com\/rvizcainoa\" target=\"_blank\">facebook.com\/rvizcainoa<\/a><\/p>\n","protected":false},"excerpt":{"rendered":"<p><span style=\"color: #005497;\"><strong>Roberto Vizca\u00edno<\/strong><\/span><br \/>\n<br \/>\nEncabezados por su coordinador, el poblano Miguel Barbosa, la mayor\u00eda de los senadores del PRD acusaron al gobernador de Morelos, al tambi\u00e9n perredista Graco Ram\u00edrez de intentar linchar pol\u00edticamente al senador Fidel Dem\u00e9dicis y de exponer la vida de este al acusarlo de ser el autor intelectual de la ejecuci\u00f3n de la alcaldesa de Temixco, Gisela Mota.<\/p>\n","protected":false},"author":3,"featured_media":253309,"comment_status":"open","ping_status":"open","sticky":false,"template":"","format":"standard","meta":{"_monsterinsights_skip_tracking":false,"_monsterinsights_sitenote_active":false,"_monsterinsights_sitenote_note":"","_monsterinsights_sitenote_category":0,"footnotes":""},"categories":[136],"tags":[43674,93,94],"class_list":["post-253201","post","type-post","status-publish","format-standard","has-post-thumbnail","hentry","category-roberto-vizcaino-opinion","tag-opinion","tag-roberto-vizcaino","tag-tras-la-puerta-del-poder"],"_links":{"self":[{"href":"https:\/\/www.diarioimagen.net\/index.php?rest_route=\/wp\/v2\/posts\/253201","targetHints":{"allow":["GET"]}}],"collection":[{"href":"https:\/\/www.diarioimagen.net\/index.php?rest_route=\/wp\/v2\/posts"}],"about":[{"href":"https:\/\/www.diarioimagen.net\/index.php?rest_route=\/wp\/v2\/types\/post"}],"author":[{"embeddable":true,"href":"https:\/\/www.diarioimagen.net\/index.php?rest_route=\/wp\/v2\/users\/3"}],"replies":[{"embeddable":true,"href":"https:\/\/www.diarioimagen.net\/index.php?rest_route=%2Fwp%2Fv2%2Fcomments&post=253201"}],"version-history":[{"count":0,"href":"https:\/\/www.diarioimagen.net\/index.php?rest_route=\/wp\/v2\/posts\/253201\/revisions"}],"wp:featuredmedia":[{"embeddable":true,"href":"https:\/\/www.diarioimagen.net\/index.php?rest_route=\/wp\/v2\/media\/253309"}],"wp:attachment":[{"href":"https:\/\/www.diarioimagen.net\/index.php?rest_route=%2Fwp%2Fv2%2Fmedia&parent=253201"}],"wp:term":[{"taxonomy":"category","embeddable":true,"href":"https:\/\/www.diarioimagen.net\/index.php?rest_route=%2Fwp%2Fv2%2Fcategories&post=253201"},{"taxonomy":"post_tag","embeddable":true,"href":"https:\/\/www.diarioimagen.net\/index.php?rest_route=%2Fwp%2Fv2%2Ftags&post=253201"}],"curies":[{"name":"wp","href":"https:\/\/api.w.org\/{rel}","templated":true}]}}