{"id":253205,"date":"2016-01-29T00:01:39","date_gmt":"2016-01-29T06:01:39","guid":{"rendered":"http:\/\/www.diarioimagen.net\/?p=253205"},"modified":"2016-01-29T04:47:14","modified_gmt":"2016-01-29T10:47:14","slug":"the-indepedence-plaza-en-el-houston-space-center-fue-inaugurada-para-sorprender-a-los-visitantes","status":"publish","type":"post","link":"https:\/\/www.diarioimagen.net\/?p=253205","title":{"rendered":"The Indepedence Plaza, en el Houston Space Center, fue inaugurada para sorprender a los visitantes"},"content":{"rendered":"<h2>De cinco estrellas<\/h2>\n<h5>Victoria Gonz\u00e1lez Prado<\/h5>\n<p>&nbsp;<\/p>\n<ul>\n<li><strong><em>John Kiker, inspirado en vuelos acoplados, propuso a la NASA la idea de lanzar el transbordador montado en un avi\u00f3n grande<\/em><\/strong><\/li>\n<\/ul>\n<p>&nbsp;<\/p>\n<div id=\"attachment_253304\" style=\"width: 430px\" class=\"wp-caption aligncenter\"><a href=\"http:\/\/www.diarioimagen.net\/?attachment_id=253304\" rel=\"attachment wp-att-253304\"><img loading=\"lazy\" decoding=\"async\" aria-describedby=\"caption-attachment-253304\" class=\"size-large wp-image-253304\" src=\"http:\/\/www.diarioimagen.net\/wp-content\/uploads\/2016\/01\/turismo-2793-420x236.jpg\" alt=\"La Plaza de la Independencia luce con el Boeing 747 y encima el transbordador.\" width=\"420\" height=\"236\" srcset=\"https:\/\/www.diarioimagen.net\/wp-content\/uploads\/2016\/01\/turismo-2793-420x236.jpg 420w, https:\/\/www.diarioimagen.net\/wp-content\/uploads\/2016\/01\/turismo-2793-240x135.jpg 240w, https:\/\/www.diarioimagen.net\/wp-content\/uploads\/2016\/01\/turismo-2793-235x132.jpg 235w, https:\/\/www.diarioimagen.net\/wp-content\/uploads\/2016\/01\/turismo-2793-202x114.jpg 202w, https:\/\/www.diarioimagen.net\/wp-content\/uploads\/2016\/01\/turismo-2793-350x196.jpg 350w, https:\/\/www.diarioimagen.net\/wp-content\/uploads\/2016\/01\/turismo-2793-220x123.jpg 220w, https:\/\/www.diarioimagen.net\/wp-content\/uploads\/2016\/01\/turismo-2793-237x132.jpg 237w, https:\/\/www.diarioimagen.net\/wp-content\/uploads\/2016\/01\/turismo-2793.jpg 480w\" sizes=\"auto, (max-width: 420px) 100vw, 420px\" \/><\/a><p id=\"caption-attachment-253304\" class=\"wp-caption-text\">La Plaza de la Independencia luce con el Boeing 747 y encima el transbordador.<\/p><\/div>\n<p>&nbsp;<\/p>\n<p><strong>Houston, Texas<\/strong>.- Bien dicen que recordar es vivir. Y as\u00ed nos pas\u00f3 en nuestra reciente visita a esta ciudad texana, destino al que nos invit\u00f3 la Oficina de Convenciones y Visitantes de la que <strong>Jorge Franz<\/strong> es <em>Vice President of International Sales and Tourism at Greater Houston Convention and Visitors Bureau<\/em>, por medio de <strong>Mauricio Gonz\u00e1lez<\/strong>, quien tiene la representaci\u00f3n de la Oficina en M\u00e9xico y <strong>Marcella Corona<\/strong>, encargada de Relaciones P\u00fablicas de la oficina en M\u00e9xico.<\/p>\n<p>As\u00ed fue que llegamos a esta helada ciudad, que valga decir, nos recibi\u00f3 con un esplendoroso sol, un cielo de intenso color azul y un viento helado que traspasaba las cuatro y cinco capas de ropa que llev\u00e1bamos puestas, por supuesto, cuando el viento soplaba aumentaba la intensidad del fr\u00edo.<\/p>\n<p>Y les hablaba de que recordar es vivir porque hace algunos a\u00f1os visite el <em>Houston Space<\/em> <em>Center<\/em> (centro oficial de visitantes de <em>NASA-Johnson Space Center<\/em> ), y al volver a estar ah\u00ed record\u00e9 parte de lo que ah\u00ed se exhibe y que forma parte de una historia que algunos todav\u00eda creen es un cuento de ciencia y ficci\u00f3n.<\/p>\n<p>Sin embargo, las pruebas de los viajes a la Luna, las c\u00e1psulas, los motores, trajes espaciales, piedras y polvo lunar est\u00e1n ah\u00ed resguardados para quienes hoy todav\u00eda no logran entender el avance de la ciencia que ha llevado al hombre a otras latitudes buscando quiz\u00e1 otras formas de vida.<\/p>\n<p>Y luego de recordar ese lugar en el que ya hab\u00eda estado, tambi\u00e9n fui testigo de un d\u00eda muy especial; la presentaci\u00f3n del <em>Boeing 747<\/em> especialmente acondicionado por la NASA para portar transbordadores a misiones espaciales, realizando en total 223 vuelos. El <em>Boeing<\/em> sostuvo con todo su peso al transbordador que una vez en la orbita elegida se separ\u00f3 de aquella aeronave que fuera de pasajeros y que <em>American Airlines<\/em> le vendi\u00f3 a la NASA para ser el objeto principal de una misi\u00f3n m\u00e1s.<\/p>\n<p>Cabe se\u00f1alar que la apertura de la Plaza de la Independencia coincidi\u00f3 con la fecha del primer vuelo independiente de un transbordador espacial de NASA, el 12 de agosto de 1977.\u00a0Durante esa hist\u00f3rica misi\u00f3n se lanz\u00f3 el transbordador Enterprise, precisamente desde el portaaviones NASA 905.<\/p>\n<p>Y fue la idea de un ingenioso hombre quien present\u00f3 a la NASA su investigaci\u00f3n. La idea era literalmente montar al transbordador en el avi\u00f3n. Luego de muchos \u2018no ser\u00e1 posible\u2019 la misi\u00f3n fue una realidad exitosa.<\/p>\n<p><strong>John Kiker,<\/strong> inspirado en vuelos acoplados que hab\u00edan sido exitosas en otras d\u00e9cadas propuso la idea de la lanzar el transbordador montado en un avi\u00f3n grande. La mayor\u00eda de la gente pens\u00f3 que la interacci\u00f3n de las alas ser\u00eda prohibitivo, pero <strong>Kiker<\/strong>, insisti\u00f3 y decidi\u00f3 construir y volar un modelo conducido por radio control y fue as\u00ed que demostr\u00f3 que la idea funcionaria.<\/p>\n<p>Ah\u00ed, a la entrada del <em>Houston Space Center, <\/em>fue inaugurada la plaza de la Independencia haciendo honor al nombre del trasbordador <em>\u2018Independence\u2019<\/em> y, s\u00ed, gracias, a\u00fan puedo sorprenderme y asegurar que la imaginaci\u00f3n del hombre no tiene l\u00edmites.<\/p>\n<p>Dentro del avi\u00f3n est\u00e1n atrapados, una vez m\u00e1s, los recuerdos: una parte de los asientos de primera clase, porque el <em>Boeing 747<\/em> fue desmantelado completamente para llevar sobre su inmenso cuerpo al <em>\u2018Independence\u2019<\/em>, y le fueron colocados enormes soportes para que la aeronave aguantara el peso. Y est\u00e1n las fotograf\u00edas del hombre que persigui\u00f3 un sue\u00f1o y lo hizo realidad. Toda una galer\u00eda con videos y testimonios de que quienes sue\u00f1an en grande logran ver realizados sus sue\u00f1os.<\/p>\n<p>El <em>Houston Space Center<\/em> se convirti\u00f3, por un par de horas, en un lugar solo para unos cuantos. En un espacio que recorrimos sin m\u00e1s distracciones que la curiosidad de quienes fuimos invitados. Y luego de las explicaciones y los detalles, subimos al Boeing para conocer muy cerca sus entra\u00f1as. Sin alfombra que lo embelleciera, sin asientos, ni cortinas, sin compartimentos para guardar el equipaje de mano. S\u00f3lo el cascar\u00f3n y muchos detalles que cuando est\u00e1s en un avi\u00f3n no imaginas.<\/p>\n<p>Ejemplo, un gran abanico redondo que se oculta en la parte trasera del avi\u00f3n y funciona como un t\u00edmpano para que se mantenga en buena forma la presi\u00f3n de quienes abordamos aviones para llegar a alg\u00fan destino. Tambi\u00e9n una rejilla en la que puedes ver d\u00f3nde se guardaba el equipaje o la carga de la aeronave.<\/p>\n<p>Ah\u00ed, entre los recuerdos atrapados vas de sorpresa en sorpresa descubriendo a cada paso la importancia de so\u00f1ar e imaginar\u2026<\/p>\n<p>\u201cIndependence\u00a0Plaza\u201d es la \u00fanica exhibici\u00f3n en el mundo que tiene un transbordador montado sobre un portaaviones en donde el p\u00fablico podr\u00e1 entrar a ambas aeronaves para conocer su interior.<\/p>\n<p><em><i><a href=\"mailto:victoriagprado@gmail.com\" target=\"_blank\">victoriagprado@gmail.com<\/a><\/i><\/em><\/p>\n","protected":false},"excerpt":{"rendered":"<p>Bien dicen que recordar es vivir. Y as\u00ed nos pas\u00f3 en nuestra reciente visita a esta ciudad texana, destino al que nos invit\u00f3 la Oficina de Convenciones y Visitantes de la que <strong>Jorge Franz<\/strong> es <em>Vice President of International Sales and Tourism at Greater Houston Convention and Visitors Bureau<\/em>, por medio de <strong>Mauricio Gonz\u00e1lez<\/strong>, quien tiene la representaci\u00f3n de la Oficina en M\u00e9xico y <strong>Marcella Corona<\/strong>, encargada de Relaciones P\u00fablicas de la oficina en M\u00e9xico.<\/p>\n","protected":false},"author":3,"featured_media":253304,"comment_status":"open","ping_status":"open","sticky":false,"template":"","format":"standard","meta":{"_monsterinsights_skip_tracking":false,"_monsterinsights_sitenote_active":false,"_monsterinsights_sitenote_note":"","_monsterinsights_sitenote_category":0,"footnotes":""},"categories":[11],"tags":[107,3085,43674,3759,43681,106],"class_list":["post-253205","post","type-post","status-publish","format-standard","has-post-thumbnail","hentry","category-turismo","tag-de-cinco-estrellas","tag-houston","tag-opinion","tag-texas","tag-turismo","tag-victoria-gonzalez-prado"],"_links":{"self":[{"href":"https:\/\/www.diarioimagen.net\/index.php?rest_route=\/wp\/v2\/posts\/253205","targetHints":{"allow":["GET"]}}],"collection":[{"href":"https:\/\/www.diarioimagen.net\/index.php?rest_route=\/wp\/v2\/posts"}],"about":[{"href":"https:\/\/www.diarioimagen.net\/index.php?rest_route=\/wp\/v2\/types\/post"}],"author":[{"embeddable":true,"href":"https:\/\/www.diarioimagen.net\/index.php?rest_route=\/wp\/v2\/users\/3"}],"replies":[{"embeddable":true,"href":"https:\/\/www.diarioimagen.net\/index.php?rest_route=%2Fwp%2Fv2%2Fcomments&post=253205"}],"version-history":[{"count":0,"href":"https:\/\/www.diarioimagen.net\/index.php?rest_route=\/wp\/v2\/posts\/253205\/revisions"}],"wp:featuredmedia":[{"embeddable":true,"href":"https:\/\/www.diarioimagen.net\/index.php?rest_route=\/wp\/v2\/media\/253304"}],"wp:attachment":[{"href":"https:\/\/www.diarioimagen.net\/index.php?rest_route=%2Fwp%2Fv2%2Fmedia&parent=253205"}],"wp:term":[{"taxonomy":"category","embeddable":true,"href":"https:\/\/www.diarioimagen.net\/index.php?rest_route=%2Fwp%2Fv2%2Fcategories&post=253205"},{"taxonomy":"post_tag","embeddable":true,"href":"https:\/\/www.diarioimagen.net\/index.php?rest_route=%2Fwp%2Fv2%2Ftags&post=253205"}],"curies":[{"name":"wp","href":"https:\/\/api.w.org\/{rel}","templated":true}]}}