{"id":253248,"date":"2016-01-29T00:07:09","date_gmt":"2016-01-29T06:07:09","guid":{"rendered":"http:\/\/www.diarioimagen.net\/?p=253248"},"modified":"2016-01-29T03:56:35","modified_gmt":"2016-01-29T09:56:35","slug":"en-el-prd-mas-divisionismo","status":"publish","type":"post","link":"https:\/\/www.diarioimagen.net\/?p=253248","title":{"rendered":"En el PRD m\u00e1s divisionismo"},"content":{"rendered":"<h2>Punto por punto<\/h2>\n<h5>Augusto Corro<\/h5>\n<p>&nbsp;<\/p>\n<p>La alcaldesa perredista de Temixco, Morelos, Gisela Mota Ocampo, fue asesinada en su casa por varios sicarios.<\/p>\n<p>El hecho impact\u00f3 a la opini\u00f3n p\u00fablica, porque la v\u00edctima ten\u00eda pocas horas de asumir el cargo de representaci\u00f3n popular.<\/p>\n<p>Dos de los sicarios que perpetraron el crimen fueron abatidos por la polic\u00eda; tres personas m\u00e1s fueron aprehendidas y puesta disposici\u00f3n de un juez.<\/p>\n<p>El m\u00f3vil del asesinato no se supo; sin embargo, las especulaciones en torno al caso fueron m\u00faltiples.\u00a0\u00a0 Seguramente, las investigaciones del crimen contin\u00faan, pero oficialmente nada se sabe.<\/p>\n<p>Sin embargo, los dirigentes del partido del sol azteca en Morelos se formaron su propia hip\u00f3tesis, en el sentido de que el senador amarillo, Fidel Dem\u00e9dicis Hidalgo \u201c estar\u00eda detr\u00e1s del asesinato de la alcaldesa Gisela Mota Ocampo\u201d.<\/p>\n<p>Ante esa situaci\u00f3n, los l\u00edderes pedir\u00e1n a la c\u00fapula del poder perredista la expulsi\u00f3n del partido del legislador Dem\u00e9dicis Hidalgo.<\/p>\n<p>Tambi\u00e9n en esa reuni\u00f3n se plante\u00f3 la necesidad de echar de ese instituto pol\u00edtico al alcalde de Tlaquiltenango, Morelos, Enrique Alonso Plascencia.<\/p>\n<p>Este \u00faltimo fue capturado y enviado a prisi\u00f3n por su participaci\u00f3n como tratante de personas. En su expediente criminal se le registr\u00f3 como \u201cpollero\u201d. Ahora est\u00e1 convertido en un flamante pol\u00edtico.<\/p>\n<p>Alonso Plascencia salt\u00f3 a las primeras p\u00e1ginas de los peri\u00f3dicos debido a su rechazo al Mando \u00danico policial. Por este hecho, la Fiscal\u00eda de Morelos inici\u00f3 un procedimiento legal en su contra.<\/p>\n<p>En la reuni\u00f3n que se acord\u00f3 la expulsi\u00f3n del PRD del senador y del alcalde, tambi\u00e9n se pronunciaron a favor de Juana Ocampo Dom\u00ednguez, madre de la alcaldesa asesinada, para que ocupe el cargo de mun\u00edcipe en Temixco.<\/p>\n<p>Dem\u00e9dicis Hidalgo se defendi\u00f3 de las acusaciones y manifest\u00f3 que se trata de una farsa fraguada desde el gobierno de Morelos y el principal desestabilizador se llama Graco Ram\u00edrez, mandatario estatal.<\/p>\n<p>El pleito entre los perredistas reconfirma que en ese partido de izquierda, la unidad es un sue\u00f1o que nunca se realizar\u00e1.<\/p>\n<p>Durante la ma\u00f1ana de ayer jueves, el alcalde de Tlaquiltenango, Enrique Alonso Plascencia fue detenido, junto con su escolta, por la polic\u00eda en la caseta de Tlalpan.<\/p>\n<p>De acuerdo con reporte de las autoridades el guardaespaldas del edil portaba armas de uso exclusivo de las fuerzas armadas.<\/p>\n<p style=\"text-align: center;\"><strong>\u00a0DESAFORAR A LUCERO, LA \u201cCHAPODIPUTADA\u201d<\/strong><\/p>\n<p>El esc\u00e1ndalo de la diputada local panista, Lucero Guadalupe S\u00e1nchez L\u00f3pez, vinculada a Joaqu\u00edn \u201cEl Chapo\u201d Guzm\u00e1n, se convirti\u00f3 en un verdadero dolor de cabeza de los jerarcas del partido blanquiazul. La legisladora sinaloense es investigada por sus relaciones cercanas con el capo, pues lo visit\u00f3 en el penal de El Altiplano, amparada en un documento falso.<\/p>\n<p>Se inform\u00f3 adem\u00e1s que la \u201cchapodiputada\u201d recibi\u00f3 al A\u00f1o Nuevo 2016 en compa\u00f1\u00eda del narcotraficante, cuando \u00e9ste era buscado por todas las polic\u00edas del mundo.<\/p>\n<p>A la dirigencia panista le cay\u00f3 como un balde de agua fr\u00eda el que una de sus diputadas fuera se\u00f1alada por sus nexos con un delincuente de fama mundial.<\/p>\n<p>Desesperados, los jerarcas blanquiazules decidieron actuar con mano firme contra la legisladora y solicitaron a las autoridades correspondientes promover su desafuero, \u201cpara que se aplique la ley\u201d. Por su parte, Lucero opt\u00f3 por renunciar a los colores panistas cuando se sinti\u00f3 amenazada por una bronca de dimensiones may\u00fasculas.<\/p>\n<p>Ricardo Anaya, presidente de Acci\u00f3n Nacional, declar\u00f3 que su partido no va a defender a nadie y que la \u00fanica autoridad que puede solicitar el desafuero es la Procuradur\u00eda General de la Rep\u00fablica (PGR).<\/p>\n<p>\u201cPor eso le exigimos (a la PGR) que en ejercicio de sus facultades lo solicite (el desafuero), hagan su parte, y nosotros haremos la nuestra en el Congreso local\u201d, concluy\u00f3.<\/p>\n<p>Mientras, el panista Guadalupe Carrizoza fue destituido como l\u00edder de la bancada blanquiazul en el Congreso local por su ferviente defensa de Lucero Guadalupe.<\/p>\n<p style=\"text-align: center;\"><strong>LA B\u00daSQUEDA DE DESAPARECIDOS<\/strong><\/p>\n<p>En Veracruz contin\u00faa la b\u00fasqueda de los cinco j\u00f3venes desaparecidos el 11 de enero en Tierra Blanca. La Polic\u00eda Federal dio a conocer que en un predio fueron encontrados objetos y ropa que podr\u00edan estar relacionados con los muchachos \u201clevantados\u201d.<\/p>\n<p>En tanto, los padres de los j\u00f3venes exigen respuestas s\u00f3lidas de las autoridades sobre el paradero de sus hijos.<\/p>\n<p>En su p\u00e1gina electr\u00f3nica \u201cAy\u00fadenos a Encontrarlos\u201d, los parientes de las v\u00edctimas criticaron los \u201cbandazos\u201d y especulaciones del gobierno del impresentable Javier Duarte, quien no pudo brindarle seguridad a los veracruzanos.<\/p>\n<p>Jos\u00e9 Ben\u00edtez de la O, Mario Arturo Orozco S\u00e1nchez, Alfredo Gonz\u00e1lez D\u00edaz, Bernardo Ben\u00edtez Arr\u00f3niz y Susana Tapia Garibo fueron interceptados por la polic\u00eda y no volvi\u00f3 a saberse nada de ellos.<\/p>\n<p>Siete polic\u00edas fueron detenidos y puestos a disposici\u00f3n de las autoridades porque aceptaron su participaci\u00f3n en los hechos mencionados y porque, adem\u00e1s, entregaron a los j\u00f3venes a la delincuencia organizada.<\/p>\n<p>Esos representantes de la ley ya est\u00e1n en la c\u00e1rcel, pero esto no es suficiente para los padres atribulados, pues ellos quieren que les regresen a sus hijos vivos.<\/p>\n<p>La ola de violencia se agudiz\u00f3 en Veracruz. Las autoridades de aquella entidad analizaron la situaci\u00f3n alarmante, pues en las \u00faltimas dos semanas fueran ejecutadas o encontradas muertas 26 personas.<\/p>\n<p>Veracruz cay\u00f3 en una espiral de inseguridad incontrolable. La desaparici\u00f3n forzada de los j\u00f3venes por parte de polic\u00edas as\u00ed lo demuestra.<\/p>\n<p style=\"text-align: right;\"><em>Feliz fin de semana.<\/em><\/p>\n<p><em><a href=\"mailto:aco2742@hotmail.com\" target=\"_blank\">aco2742@hotmail.com<\/a><\/em><\/p>\n","protected":false},"excerpt":{"rendered":"<p><span style=\"color: #005497;\"><strong>Augusto Corro<\/strong><\/span><\/p>\n","protected":false},"author":3,"featured_media":0,"comment_status":"open","ping_status":"open","sticky":false,"template":"","format":"standard","meta":{"_monsterinsights_skip_tracking":false,"_monsterinsights_sitenote_active":false,"_monsterinsights_sitenote_note":"","_monsterinsights_sitenote_category":0,"footnotes":""},"categories":[157],"tags":[43686,43674,11515],"class_list":["post-253248","post","type-post","status-publish","format-standard","hentry","category-augusto-corro","tag-augusto-corro","tag-opinion","tag-punto-por-punto"],"_links":{"self":[{"href":"https:\/\/www.diarioimagen.net\/index.php?rest_route=\/wp\/v2\/posts\/253248","targetHints":{"allow":["GET"]}}],"collection":[{"href":"https:\/\/www.diarioimagen.net\/index.php?rest_route=\/wp\/v2\/posts"}],"about":[{"href":"https:\/\/www.diarioimagen.net\/index.php?rest_route=\/wp\/v2\/types\/post"}],"author":[{"embeddable":true,"href":"https:\/\/www.diarioimagen.net\/index.php?rest_route=\/wp\/v2\/users\/3"}],"replies":[{"embeddable":true,"href":"https:\/\/www.diarioimagen.net\/index.php?rest_route=%2Fwp%2Fv2%2Fcomments&post=253248"}],"version-history":[{"count":0,"href":"https:\/\/www.diarioimagen.net\/index.php?rest_route=\/wp\/v2\/posts\/253248\/revisions"}],"wp:attachment":[{"href":"https:\/\/www.diarioimagen.net\/index.php?rest_route=%2Fwp%2Fv2%2Fmedia&parent=253248"}],"wp:term":[{"taxonomy":"category","embeddable":true,"href":"https:\/\/www.diarioimagen.net\/index.php?rest_route=%2Fwp%2Fv2%2Fcategories&post=253248"},{"taxonomy":"post_tag","embeddable":true,"href":"https:\/\/www.diarioimagen.net\/index.php?rest_route=%2Fwp%2Fv2%2Ftags&post=253248"}],"curies":[{"name":"wp","href":"https:\/\/api.w.org\/{rel}","templated":true}]}}