{"id":253255,"date":"2016-01-29T00:03:39","date_gmt":"2016-01-29T06:03:39","guid":{"rendered":"http:\/\/www.diarioimagen.net\/?p=253255"},"modified":"2016-01-29T04:02:11","modified_gmt":"2016-01-29T10:02:11","slug":"sigue-tajamar","status":"publish","type":"post","link":"https:\/\/www.diarioimagen.net\/?p=253255","title":{"rendered":"Sigue Tajamar"},"content":{"rendered":"<h2>Desde el portal<\/h2>\n<h5>\u00c1ngel Soriano<\/h5>\n<p>&nbsp;<\/p>\n<p>La Profepa ha justificado la destrucci\u00f3n del manglar de Tajamar con el pretexto de que cuenta con los permisos correspondientes y no se comete ning\u00fan ecocidio, por lo que da el visto bueno para continuar con el vasto proyecto inmobiliario, pese a la oposici\u00f3n de los ambientalistas que se oponen a ello porque, ecocidio o negocio rentable, no puede justificarse en contra del medio ambiente.<\/p>\n<p>Si bien es necesaria la construcci\u00f3n de hoteles y unidades habitacionales en una zona tur\u00edstica como Canc\u00fan y propiciar el desarrollo de las ciudades, para eso existe la planeaci\u00f3n urbana, para evitar que el crecimiento vaya en contra de las \u00e1reas naturales, y las \u00e1reas tur\u00edsticas tengan su entorno sin afectar la naturaleza.<\/p>\n<p>Dejan de cumplir con sus funciones las autoridades en la materia cuando, lejos de proteger el medio ambiente y los intereses de la poblaci\u00f3n, se convierten en c\u00f3mplices de los desarrolladores urbanos para los que no hay m\u00e1s inter\u00e9s que los mercantiles. En su af\u00e1n de lucro van en contra de todo y contra todos.<\/p>\n<p>Las autoridades de los tres niveles de gobierno tienen que explicar de qu\u00e9 lado est\u00e1n, si de los comerciantes o de la sociedad civil, y en ello tienen que ver no s\u00f3lo los gobiernos emanados de un solo partido, sino de todos, pues se ha visto que est\u00e1n involucrados no s\u00f3lo del PAN, del PVEM y del PRI, lo que demuestra que no hay un solo partido confiable. Finalmente se ver\u00e1 si se impone el inter\u00e9s de la sociedad o el de los empresarios.<\/p>\n<p style=\"text-align: center;\"><strong>TURBULENCIAS<br \/>\nNo cumpleVirgilio Andrade<\/strong><\/p>\n<p>A dos meses de la comparecencia del secretario de la Funci\u00f3n P\u00fablica, <strong>Virgilio Andrade<\/strong> en la C\u00e1mara de Diputados, y que ofreciera resultados de auditor\u00edas exigidas, nada se sabe, por lo cual la Comisi\u00f3n Permanente del Congreso de la Uni\u00f3n aprob\u00f3 solicitar a la Secretar\u00eda de la Funci\u00f3n P\u00fablica y a la Auditor\u00eda Superior de la Federaci\u00f3n (ASF) continuar los trabajos de auditor\u00eda a los proyectos, concesiones y contratos en los que participa la empresa OHL M\u00e9xico y sus filiales con Petr\u00f3leos Mexicanos y la Comisi\u00f3n Federal de Electricidad y, en su caso, se proceda de acuerdo con la normatividad vigente en materia de responsabilidades de los servidores p\u00fablicos, dijo la diputada <strong>Norma X\u00f3chitl Hern\u00e1ndez Col\u00edn<\/strong>\u2026La Universidad Aut\u00f3noma del Estado de M\u00e9xico fue reconocida con dos de los seis galardones entregados en el marco del II Premio Nacional de Investigaci\u00f3n: \u201cImpulso al Desarrollo de las Finanzas Estatales\u201d, certamen en el cual participaron, con 255 trabajos de investigaci\u00f3n, egresados de 68 instituciones de educaci\u00f3n superior de 15 entidades federativas.<strong>Rafael Caballero Ariceaga<\/strong> y Jair Rafael Mart\u00ednez Vel\u00e1zquez, egresados de la licenciatura en Actuar\u00eda de la Facultad de Econom\u00eda de la UAEM, obtuvieron el primer lugar en la Categor\u00eda Licenciatura, mientras que Francisco Mej\u00eda Bueno, egresado de la Licenciatura en Ciencias Pol\u00edticas y Administraci\u00f3n P\u00fablica que la instituci\u00f3n oferta en el Centro Universitario UAEM Amecameca, obtuvo la Menci\u00f3n Especial en la misma categor\u00eda.<\/p>\n<p>Durante la ceremonia de premiaci\u00f3n del certamen, a la que asisti\u00f3 como testigo de honor el titular de la Secretar\u00eda de Hacienda y Cr\u00e9dito P\u00fablico (SHCP), <strong>Luis Videgaray Caso<\/strong>, y el rector de la Universidad Aut\u00f3noma del Estado de M\u00e9xico, <strong>Jorge Olvera Garc\u00eda<\/strong>, se destac\u00f3 que de los trabajos recibidos, 163 correspondieron a la Categor\u00eda Posgrado e Investigaci\u00f3n y 92 a la de Licenciatura\u2026<\/p>\n<p><em><a href=\"http:\/\/www.revista-brecha.com\/\" target=\"_blank\">www.revista-brecha.com<br \/>\n<\/a><a href=\"mailto:vidanacional@yahoo.com.mx\" target=\"_blank\">vidanacional@yahoo.com.mx<\/a><\/em><\/p>\n","protected":false},"excerpt":{"rendered":"<p><span style=\"color: #005497;\"><strong>\u00c1ngel Soriano<\/strong><\/span><\/p>\n","protected":false},"author":3,"featured_media":0,"comment_status":"open","ping_status":"open","sticky":false,"template":"","format":"standard","meta":{"_monsterinsights_skip_tracking":false,"_monsterinsights_sitenote_active":false,"_monsterinsights_sitenote_note":"","_monsterinsights_sitenote_category":0,"footnotes":""},"categories":[135],"tags":[85,86,43674],"class_list":["post-253255","post","type-post","status-publish","format-standard","hentry","category-angel-soriano-opinion","tag-angel-soriano","tag-desde-el-portal","tag-opinion"],"_links":{"self":[{"href":"https:\/\/www.diarioimagen.net\/index.php?rest_route=\/wp\/v2\/posts\/253255","targetHints":{"allow":["GET"]}}],"collection":[{"href":"https:\/\/www.diarioimagen.net\/index.php?rest_route=\/wp\/v2\/posts"}],"about":[{"href":"https:\/\/www.diarioimagen.net\/index.php?rest_route=\/wp\/v2\/types\/post"}],"author":[{"embeddable":true,"href":"https:\/\/www.diarioimagen.net\/index.php?rest_route=\/wp\/v2\/users\/3"}],"replies":[{"embeddable":true,"href":"https:\/\/www.diarioimagen.net\/index.php?rest_route=%2Fwp%2Fv2%2Fcomments&post=253255"}],"version-history":[{"count":0,"href":"https:\/\/www.diarioimagen.net\/index.php?rest_route=\/wp\/v2\/posts\/253255\/revisions"}],"wp:attachment":[{"href":"https:\/\/www.diarioimagen.net\/index.php?rest_route=%2Fwp%2Fv2%2Fmedia&parent=253255"}],"wp:term":[{"taxonomy":"category","embeddable":true,"href":"https:\/\/www.diarioimagen.net\/index.php?rest_route=%2Fwp%2Fv2%2Fcategories&post=253255"},{"taxonomy":"post_tag","embeddable":true,"href":"https:\/\/www.diarioimagen.net\/index.php?rest_route=%2Fwp%2Fv2%2Ftags&post=253255"}],"curies":[{"name":"wp","href":"https:\/\/api.w.org\/{rel}","templated":true}]}}