{"id":253367,"date":"2016-02-01T00:01:02","date_gmt":"2016-02-01T06:01:02","guid":{"rendered":"http:\/\/www.diarioimagen.net\/?p=253367"},"modified":"2016-02-01T06:17:15","modified_gmt":"2016-02-01T12:17:15","slug":"la-aerolinea-del-caballero-aguila-espera-superar-este-ano-el-medio-millon-pasajeros-transportados-entre-europa-y-la-ciudad-de-mexico","status":"publish","type":"post","link":"https:\/\/www.diarioimagen.net\/?p=253367","title":{"rendered":"La aerol\u00ednea del Caballero \u00c1guila espera superar este a\u00f1o el medio mill\u00f3n pasajeros transportados entre Europa y la Ciudad de M\u00e9xico"},"content":{"rendered":"<h2>De cinco estrellas<\/h2>\n<h5>Victoria Gonz\u00e1lez Prado<\/h5>\n<p>&nbsp;<\/p>\n<ul>\n<li><em><strong>Celebran el primer a\u00f1o de \u00e9xito del hotel Ibis, en Culiac\u00e1n, cumpliendo con las expectativas de sus clientes<\/strong><\/em><\/li>\n<li><em><strong>Una nueva ruta iniciar\u00e1 operaciones entre la Ciudad de M\u00e9xico y Dallas-Fort Worth, ofreciendo dos frecuencias entre estos destinos<\/strong><\/em><\/li>\n<\/ul>\n<p>&nbsp;<\/p>\n<div id=\"attachment_253515\" style=\"width: 211px\" class=\"wp-caption alignleft\"><a href=\"http:\/\/www.diarioimagen.net\/?attachment_id=253515\" rel=\"attachment wp-att-253515\"><img loading=\"lazy\" decoding=\"async\" aria-describedby=\"caption-attachment-253515\" class=\"size-medium wp-image-253515\" src=\"http:\/\/www.diarioimagen.net\/wp-content\/uploads\/2016\/02\/turismo-2794-201x240.jpg\" alt=\"Jorge Goytort\u00faa.\" width=\"201\" height=\"240\" srcset=\"https:\/\/www.diarioimagen.net\/wp-content\/uploads\/2016\/02\/turismo-2794-201x240.jpg 201w, https:\/\/www.diarioimagen.net\/wp-content\/uploads\/2016\/02\/turismo-2794-352x420.jpg 352w, https:\/\/www.diarioimagen.net\/wp-content\/uploads\/2016\/02\/turismo-2794.jpg 587w\" sizes=\"auto, (max-width: 201px) 100vw, 201px\" \/><\/a><p id=\"caption-attachment-253515\" class=\"wp-caption-text\">Jorge Goytort\u00faa.<\/p><\/div>\n<p>La aerol\u00ednea del Caballero \u00c1guila\u00a0espera superar este a\u00f1o la barrera de medio mill\u00f3n de pasajeros transportados entre Europa y la Ciudad de M\u00e9xico, lo que supone un incremento del 16.3% frente a los 430 mil registrados en el 2015\u201d, asegur\u00f3 <strong><em>Jorge Goytort\u00faa<\/em><\/strong>, director corporativo de Ventas.<\/p>\n<p>Aerom\u00e9xico apuesta por Europa, donde sumar\u00e1 a partir de mayo su cuarto destino,\u00a0<em>Amsterdam<\/em><em>,<\/em> asegur\u00f3 durante la Feria Internacional de Turismo realizada en Madrid, Espa\u00f1a.<\/p>\n<p>La compa\u00f1\u00eda aumentar\u00e1 el n\u00famero de frecuencias en la ruta entre Madrid y la capital mexicana, al a\u00f1adir en mayo pr\u00f3ximo tres vuelos semanales para llegar a 11 y, a partir de junio, sumar\u00e1 una sexta frecuencia a la semana en el aeropuerto londinense de Heathrow.<\/p>\n<p>La l\u00ednea a\u00e9rea opera siete de sus vuelos semanales desde Madrid con aviones <em>Boeing 777<\/em>, con 277 plazas, y dos, que realiza en horario nocturno, con equipos de <em>Boeing 787 Dreamliner<\/em>, con 243 asientos, que ser\u00e1 el modelo que tambi\u00e9n emplear\u00e1 para las frecuencias adicionales.<\/p>\n<p>Con esta oferta, el n\u00famero de frecuencias operadas entre Europa y M\u00e9xico crecer\u00e1 en algunos meses un 28%, mientras que en Espa\u00f1a lo har\u00e1 en un 27%, y, en el Reino Unido, un 20%.<\/p>\n<p>Entre los mercados europeos en los que opera, <strong>Goytort<\/strong>\u00fa<strong>a<\/strong> destac\u00f3 la importancia del espa\u00f1ol, donde la compa\u00f1\u00eda transport\u00f3 el pasado a\u00f1o a 200 mil pasajeros, un 7% m\u00e1s que en el 2014.<\/p>\n<p>Aerom\u00e9xico, ofrece actualmente m\u00e1s de 600 vuelos diarios, transport\u00f3 a 18.7 millones de pasajeros en el 2015, un 9.2%, registrando un crecimiento del 16.8% en el n\u00famero de pasajeros internacionales.<\/p>\n<p>\u2730\u2730\u2730\u2730\u2730 Con la finalidad de ofrecer una alternativa completa en hoteler\u00eda econ\u00f3mica y con inversi\u00f3n realizada por socios de Sinaloa, el hotel Ibis Culiac\u00e1n celebra su \u00e9xito y la calurosa acogida que le han dado hu\u00e9spedes y visitantes, con un a\u00f1o de operaciones evento de apertura que incluy\u00f3 coctel, recorrido por sus instalaciones y la compa\u00f1\u00eda de importantes personalidades de la vida p\u00fablica y social de la entidad.<\/p>\n<p>El inmueble est\u00e1 ubicado estrat\u00e9gicamente en una zona industrial de Sinaloa a tan s\u00f3lo 6 minutos del Aeropuerto Internacional de Bachigualato, a 100 metros de la Plaza Ley del Valle y muy cerca del centro de la ciudad.<\/p>\n<p><strong>Jean-Philippe Claret<\/strong>, <em>VP Senior<\/em> de <em>AccorHotels<\/em> para M\u00e9xico, Centroam\u00e9rica y el Caribe, dijo \u201cestamos muy contentos con el \u00e9xito de ibis Culiac\u00e1n, el hotel ha cumplido con las expectativas de hu\u00e9spedes y visitantes locales e internacionales, enriqueciendo la oferta en el Estado, y a nivel nacional\u201d.<\/p>\n<p>Asimismo, <strong>Javier L\u00f3pez<\/strong>, vicepresidente de Operaciones del Segmento Econ\u00f3mico para M\u00e9xico y Norteam\u00e9rica de la cadena, coment\u00f3: \u201cEl hotel en Culiac\u00e1n cuenta con 125 habitaciones y es una excelente alternativa tanto para viajeros de negocios como de placer ya que la marca cuenta con la oferta m\u00e1s completa del segmento\u201d.<\/p>\n<p>El hotel incluye, los servicios y productos propios de la marca, destacados por su innovaci\u00f3n y bienestar, tales como: <em>SweetBe by ibis<\/em>, camas desarrolladas por el equipo de Innovaci\u00f3n de Accor que revolucion\u00f3 el mercado de hoteler\u00eda econ\u00f3mica; concepto de <em>lobby <\/em>y \u00e1reas sociales, modernos y con ambientes acogedores; bar 24 horas y<em> Kitchen Lounge<\/em>. Adem\u00e1s, el hotel en Culiac\u00e1n est\u00e1 muy cerca del Jard\u00edn Bot\u00e1nico, el Centro de Ciencias, el Museo de Arte, el Parque Las Riberas y el Balneario de Imala.<\/p>\n<p>Cabe destacar que por primera vez en el segmento econ\u00f3mico, un grupo hotelero dise\u00f1a una cama que ofrece una soluci\u00f3n innovadora a sus hu\u00e9spedes. Se inspira en el enfoque europeo. Un colch\u00f3n de densidad variable que se ajusta perfectamente al cuerpo para un sue\u00f1o profundo y reparador, un <em>topper<\/em> de comodidad extra, un <em>duvet<\/em> blanco y almohadas de micro fibra grande, leves y bien ventiladas.<\/p>\n<p>Las zonas comunes, dise\u00f1adas por <em>Atelier Archange<\/em> democratizan el dise\u00f1o contempor\u00e1neo, con materiales de calidad, colores c\u00e1lidos y muebles modernos que hasta entonces no se hab\u00eda visto en el segmento de hoteles econ\u00f3micos. Ofrece WiFi gratis en todas las habitaciones y \u00e1reas sociales. Televisores LCD en las habiaciones con acceso a programaci\u00f3n local e internacional.<\/p>\n<p>Para modernizar su oferta de alimentos y bebidas,<em> Kitchen Lounge,<\/em> lugar donde los hu\u00e9spedes pueden interactuar y compartir experiencias.<\/p>\n<p>El hotel es una referencia en la industria al ofrecer servicio de <em>buffet<\/em> servido desde las 4:00 am a las 12:00 pm. Un diferencial de los hoteles consiste en que el desayuno es gratis para quienes realizan reservaciones directamente en el sitio web www.ibis.com (no acumulable con otras promociones).<\/p>\n<p>Para cumplir con todas las exigencias de sus clientes, se perfeccion\u00f3 la oferta, proporcionando alimentos y bebidas a cualquier hora del d\u00eda o de la noche. Es la \u00fanica marca que ofrece este tipo de atenci\u00f3n adaptada a la vida moderna, con un bar que funciona las 24:00 horas.<\/p>\n<p>En M\u00e9xico, los hoteles de la cadena son los \u00fanicos del segmento econ\u00f3mico que ofrecen servicio de bebidas y bocadillos las 24\/7 y una tarifa de 699 pesos por habitaci\u00f3n por noche.<\/p>\n<p>\u2730\u2730\u2730\u2730\u2730 A partir del 3 de marzo, Interjet comenzar\u00e1 a operar su nueva ruta entre la Ciudad de M\u00e9xico y Dallas-Fort Worth (DFW), ofreciendo dos frecuencias entre estos destinos.<\/p>\n<p>\u201cCon estos nuevos vuelos Interjet fortalece su presencia en los Estados Unidos y contribuye a la consolidaci\u00f3n de la relaci\u00f3n de negocios y placer tan intensa que existe entre nuestro pa\u00eds y una de las ciudades m\u00e1s grandes y visitadas de Texas\u201d, coment\u00f3 <strong>Jos\u00e9 Luis Garza<\/strong>, director general de la aerol\u00ednea.<\/p>\n<p>Los boletos ya est\u00e1n disponibles con una tarifa de introducci\u00f3n desde 3 mil 999 pesos en viaje redondo con impuestos incluidos.\u00a0 Los vuelos que operar\u00e1n dos frecuencias diarias excepto los s\u00e1bados con los siguientes horarios: En la ruta M\u00e9xico-Dallas Fort Worth, partir\u00e1n a las 12:00 horas, arribando a Dallas Fort Worth a las 14:30 horas. El segundo vuelo saldr\u00e1 a las 18:45 horas para aterrizar a las 21:15 horas. Los regresos est\u00e1n programados a las 06:15 horas para aterrizar en la Ciudad de M\u00e9xico a las 08:45 horas el segundo vuelo saldr\u00e1 de Dallas Fort Worth a las 15:30 horas para arribar a las 18:00 horas.<\/p>\n<p>Estos horarios resultan muy convenientes para los pasajeros que vienen del Aeropuerto de Dallas Fort Worth, ya que adem\u00e1s les permite conectar con la extensa red de rutas de Interjet en la Rep\u00fablica Mexicana. Mas informaci\u00f3n: <a href=\"http:\/\/interjet.com\" target=\"_blank\">interjet.com<\/a><\/p>\n<p><em><i><a href=\"mailto:victoriagprado@gmail.com\" target=\"_blank\">victoriagprado@gmail.com<\/a><\/i><\/em><\/p>\n","protected":false},"excerpt":{"rendered":"<p>La aerol\u00ednea del Caballero \u00c1guila espera superar este a\u00f1o la barrera de medio mill\u00f3n de pasajeros transportados entre Europa y la Ciudad de M\u00e9xico, lo que supone un incremento del 16.3% frente a los 430 mil registrados en el 2015\u201d, asegur\u00f3 <strong><em>Jorge Goytort\u00faa<\/em><\/strong>, director corporativo de Ventas.<\/p>\n","protected":false},"author":3,"featured_media":253516,"comment_status":"open","ping_status":"open","sticky":false,"template":"","format":"standard","meta":{"_monsterinsights_skip_tracking":false,"_monsterinsights_sitenote_active":false,"_monsterinsights_sitenote_note":"","_monsterinsights_sitenote_category":0,"footnotes":""},"categories":[11],"tags":[107,43674,43681,106],"class_list":["post-253367","post","type-post","status-publish","format-standard","has-post-thumbnail","hentry","category-turismo","tag-de-cinco-estrellas","tag-opinion","tag-turismo","tag-victoria-gonzalez-prado"],"_links":{"self":[{"href":"https:\/\/www.diarioimagen.net\/index.php?rest_route=\/wp\/v2\/posts\/253367","targetHints":{"allow":["GET"]}}],"collection":[{"href":"https:\/\/www.diarioimagen.net\/index.php?rest_route=\/wp\/v2\/posts"}],"about":[{"href":"https:\/\/www.diarioimagen.net\/index.php?rest_route=\/wp\/v2\/types\/post"}],"author":[{"embeddable":true,"href":"https:\/\/www.diarioimagen.net\/index.php?rest_route=\/wp\/v2\/users\/3"}],"replies":[{"embeddable":true,"href":"https:\/\/www.diarioimagen.net\/index.php?rest_route=%2Fwp%2Fv2%2Fcomments&post=253367"}],"version-history":[{"count":0,"href":"https:\/\/www.diarioimagen.net\/index.php?rest_route=\/wp\/v2\/posts\/253367\/revisions"}],"wp:featuredmedia":[{"embeddable":true,"href":"https:\/\/www.diarioimagen.net\/index.php?rest_route=\/wp\/v2\/media\/253516"}],"wp:attachment":[{"href":"https:\/\/www.diarioimagen.net\/index.php?rest_route=%2Fwp%2Fv2%2Fmedia&parent=253367"}],"wp:term":[{"taxonomy":"category","embeddable":true,"href":"https:\/\/www.diarioimagen.net\/index.php?rest_route=%2Fwp%2Fv2%2Fcategories&post=253367"},{"taxonomy":"post_tag","embeddable":true,"href":"https:\/\/www.diarioimagen.net\/index.php?rest_route=%2Fwp%2Fv2%2Ftags&post=253367"}],"curies":[{"name":"wp","href":"https:\/\/api.w.org\/{rel}","templated":true}]}}