{"id":253614,"date":"2016-02-02T00:05:39","date_gmt":"2016-02-02T06:05:39","guid":{"rendered":"http:\/\/www.diarioimagen.net\/?p=253614"},"modified":"2016-02-02T04:18:03","modified_gmt":"2016-02-02T10:18:03","slug":"entregan-en-cuautitlan-izcalli-apoyos-a-los-adultos-mayores","status":"publish","type":"post","link":"https:\/\/www.diarioimagen.net\/?p=253614","title":{"rendered":"Entregan en Cuautitl\u00e1n Izcalli apoyos a los adultos mayores"},"content":{"rendered":"<ul>\n<li><strong><em>Voluntariado del ISEM y DIF municipal<\/em><\/strong><\/li>\n<\/ul>\n<p>&nbsp;<\/p>\n<div id=\"attachment_253640\" style=\"width: 304px\" class=\"wp-caption alignleft\"><a href=\"http:\/\/www.diarioimagen.net\/?attachment_id=253640\" rel=\"attachment wp-att-253640\"><img loading=\"lazy\" decoding=\"async\" aria-describedby=\"caption-attachment-253640\" class=\" wp-image-253640\" src=\"http:\/\/www.diarioimagen.net\/wp-content\/uploads\/2016\/02\/CUAUTITLAN-2795-194x240.jpg\" alt=\"El Voluntariado del ISEM y el DIF de Cuautitl\u00e1n Izcalli donaron aparatos auditivos, andaderas y kits de higiene personal a los adultos mayores de esta ciudad.\" width=\"294\" height=\"364\" srcset=\"https:\/\/www.diarioimagen.net\/wp-content\/uploads\/2016\/02\/CUAUTITLAN-2795-194x240.jpg 194w, https:\/\/www.diarioimagen.net\/wp-content\/uploads\/2016\/02\/CUAUTITLAN-2795-340x420.jpg 340w, https:\/\/www.diarioimagen.net\/wp-content\/uploads\/2016\/02\/CUAUTITLAN-2795.jpg 700w\" sizes=\"auto, (max-width: 294px) 100vw, 294px\" \/><\/a><p id=\"caption-attachment-253640\" class=\"wp-caption-text\">El Voluntariado del ISEM y el DIF de Cuautitl\u00e1n Izcalli donaron aparatos auditivos, andaderas y kits de higiene personal a los adultos mayores de esta ciudad.<\/p><\/div>\n<p><strong>Cuautitl\u00e1n Izcalli, Estado de M\u00e9xico<\/strong>.- El Voluntariado del Instituto de Salud del Estado de M\u00e9xico (ISEM) y del Sistema DIF Izcalli, entregaron apoyos a diversas instancias p\u00fablicas y privadas como el (Inapam, con el fin de concientizar, sensibilizar e involucrar a la ciudadan\u00eda ante este vulnnerable sector de la poblaci\u00f3n.<\/p>\n<p>Como una muestra de colaboraci\u00f3n institucional, el presidente municipal, V\u00edctor Manuel Estrada Garibay y Am\u00e9rica Rangel, titular del Sistema IF local y Dolores Villegas Leal, coordinadora del Voluntariado en el Valle de M\u00e9xico, donaron sillas de ruedas, andaderas, aparatos auditivos y decenas de kits de higiene personal.<\/p>\n<p>Leonardo Hern\u00e1ndez Patricio, en representaci\u00f3n de los beneficiados, invit\u00f3 a sumar esfuerzos por el bien y el progreso de Cuautitl\u00e1n Izcalli. Con estos donativos se benefici\u00f3 a 200 personas en situaci\u00f3n vulnerable y al mismo tiempo se ofreci\u00f3 oportunidades a gente con discapacidad auditiva y motora, para que tengan una mejor calidad de vida.<\/p>\n<p>Dolores Villegas afirm\u00f3 que el Voluntariado del ISEM seguir\u00e1 apoyando al sector salud y a la gente que m\u00e1s lo necesita y agradeci\u00f3 el trabajo del Voluntariado del ISEM por su contribuci\u00f3n voluntaria, pues con estas donaciones se da un paso m\u00e1s para tener mexiquenses m\u00e1s sanos.<\/p>\n<p>Por su parte, la presidenta del DIF, Am\u00e9rica Rangel, agradeci\u00f3 el esfuerzo de los adultos mayores, quienes a pesar del fr\u00edo acudieron a recibir los apoyos que les fueron donados. Rangel Guti\u00e9rrez puntualiz\u00f3 la importancia de ser respetuosos con los adultos mayores,\u00a0\u201cme mueve el deseo de tratarlos con amor y respeto, que es como a m\u00ed me gustar\u00eda ser tratada y as\u00ed es como debemos educar a nuestros ni\u00f1os\u201d,\u00a0coment\u00f3.<\/p>\n<p>Las personas beneficiadas fueron \u00a0Nayeli Bernal Carmona y Juana Vald\u00e9s Escamilla, a quienes se les otorg\u00f3 una silla de ruedas, Mar\u00eda Guadalupe Aguilera Oca\u00f1a y Antonio Garc\u00eda Hern\u00e1ndez a quienes se les ayud\u00f3 con una andadera y Josefina Rend\u00f3n Arellano e Hilario Roa Lara, quienes recibieron un aparato auditivo.<\/p>\n","protected":false},"excerpt":{"rendered":"<p>El Voluntariado del Instituto de Salud del Estado de M\u00e9xico (ISEM) y del Sistema DIF Izcalli, entregaron apoyos a diversas instancias p\u00fablicas y privadas como el (Inapam, con el fin de concientizar, sensibilizar e involucrar a la ciudadan\u00eda ante este vulnnerable sector de la poblaci\u00f3n.<\/p>\n","protected":false},"author":3,"featured_media":253641,"comment_status":"open","ping_status":"open","sticky":false,"template":"","format":"standard","meta":{"_monsterinsights_skip_tracking":false,"_monsterinsights_sitenote_active":false,"_monsterinsights_sitenote_note":"","_monsterinsights_sitenote_category":0,"footnotes":""},"categories":[35155],"tags":[971,2954,43675,13565,13566],"class_list":["post-253614","post","type-post","status-publish","format-standard","has-post-thumbnail","hentry","category-estado-de-mexico-estado-de-mexico","tag-cuautitlan-izcalli","tag-dif","tag-estado-de-mexico","tag-instituto-de-salud-del-estado-de-mexico","tag-isem"],"_links":{"self":[{"href":"https:\/\/www.diarioimagen.net\/index.php?rest_route=\/wp\/v2\/posts\/253614","targetHints":{"allow":["GET"]}}],"collection":[{"href":"https:\/\/www.diarioimagen.net\/index.php?rest_route=\/wp\/v2\/posts"}],"about":[{"href":"https:\/\/www.diarioimagen.net\/index.php?rest_route=\/wp\/v2\/types\/post"}],"author":[{"embeddable":true,"href":"https:\/\/www.diarioimagen.net\/index.php?rest_route=\/wp\/v2\/users\/3"}],"replies":[{"embeddable":true,"href":"https:\/\/www.diarioimagen.net\/index.php?rest_route=%2Fwp%2Fv2%2Fcomments&post=253614"}],"version-history":[{"count":0,"href":"https:\/\/www.diarioimagen.net\/index.php?rest_route=\/wp\/v2\/posts\/253614\/revisions"}],"wp:featuredmedia":[{"embeddable":true,"href":"https:\/\/www.diarioimagen.net\/index.php?rest_route=\/wp\/v2\/media\/253641"}],"wp:attachment":[{"href":"https:\/\/www.diarioimagen.net\/index.php?rest_route=%2Fwp%2Fv2%2Fmedia&parent=253614"}],"wp:term":[{"taxonomy":"category","embeddable":true,"href":"https:\/\/www.diarioimagen.net\/index.php?rest_route=%2Fwp%2Fv2%2Fcategories&post=253614"},{"taxonomy":"post_tag","embeddable":true,"href":"https:\/\/www.diarioimagen.net\/index.php?rest_route=%2Fwp%2Fv2%2Ftags&post=253614"}],"curies":[{"name":"wp","href":"https:\/\/api.w.org\/{rel}","templated":true}]}}