{"id":253639,"date":"2016-02-03T00:08:06","date_gmt":"2016-02-03T06:08:06","guid":{"rendered":"http:\/\/www.diarioimagen.net\/?p=253639"},"modified":"2016-02-03T01:54:18","modified_gmt":"2016-02-03T07:54:18","slug":"academia-nacional-de-medecina-de-francia-condecora-a-eruviel-avila","status":"publish","type":"post","link":"https:\/\/www.diarioimagen.net\/?p=253639","title":{"rendered":"Academia Nacional de Medecina de Francia condecora a Eruviel \u00c1vila"},"content":{"rendered":"<ul>\n<li><strong><em>Recibi\u00f3 la Medalla de Oro por el impulso de acciones en materia de salud<\/em><\/strong><\/li>\n<\/ul>\n<p>&nbsp;<\/p>\n<div id=\"attachment_253650\" style=\"width: 430px\" class=\"wp-caption aligncenter\"><a href=\"http:\/\/www.diarioimagen.net\/?attachment_id=253650\" rel=\"attachment wp-att-253650\"><img loading=\"lazy\" decoding=\"async\" aria-describedby=\"caption-attachment-253650\" class=\"wp-image-253650 size-large\" src=\"http:\/\/www.diarioimagen.net\/wp-content\/uploads\/2016\/02\/eruviel-medalla-2795-420x279.jpg\" alt=\"Recibe el gobernador del Estado de M\u00e9xico, en presencia de la embajadora gala, Maryse Bossi\u00e8re, la medalla de oro de la Academia Nacional de Medicina, de manos de su presidente, Andr\u00e9 Parodi.\" width=\"420\" height=\"279\" srcset=\"https:\/\/www.diarioimagen.net\/wp-content\/uploads\/2016\/02\/eruviel-medalla-2795-420x279.jpg 420w, https:\/\/www.diarioimagen.net\/wp-content\/uploads\/2016\/02\/eruviel-medalla-2795-240x159.jpg 240w, https:\/\/www.diarioimagen.net\/wp-content\/uploads\/2016\/02\/eruviel-medalla-2795.jpg 700w\" sizes=\"auto, (max-width: 420px) 100vw, 420px\" \/><\/a><p id=\"caption-attachment-253650\" class=\"wp-caption-text\">Recibe el gobernador del Estado de M\u00e9xico, en presencia de la embajadora gala, Maryse Bossi\u00e8re, la Medalla de Oro de la Academia Nacional de Medicina, de manos de su presidente, Andr\u00e9-Laurent Parodi.<\/p><\/div>\n<p>&nbsp;<\/p>\n<p><strong>Ciudad de M\u00e9xico.-<\/strong>\u00a0Al recibir la Medalla de Oro de la Academia Nacional de Medicina de Francia, primera vez que se entrega en M\u00e9xico y a un gobierno estatal, y que reconoce el esfuerzo e impulso de acciones en materia de salud, el gobernador Eruviel \u00c1vila Villegas destac\u00f3 que el Estado de M\u00e9xico es referente nacional con el sistema de salud m\u00e1s grande, adem\u00e1s de ser\u00a0 la entidad que m\u00e1s vacunas aplica, que m\u00e1s consulta brinda y que m\u00e1s ex\u00e1menes de laboratorio y gabinete\u00a0 realiza en el pa\u00eds.<\/p>\n<p>\u201cRecibo con mucho cari\u00f1o, con mucho agradecimiento esta medalla que otorga la Academia de Medicina de Francia a quienes se destacan por su labor. Quiero decirles que la recibo, desde luego, y si me permite ofrecerlo as\u00ed, la recibo en nombre de miles y miles de enfermeras, enfermeros, doctoras, doctores, acad\u00e9micos, trabajadores de la salud, de quienes hacen todos los d\u00edas lo mejor para brindar este tesoro tan preciado como lo es la salud de las personas \u201d, afirm\u00f3.<\/p>\n<p>En presencia de Maryse Bossi\u00e8re, embajadora de Francia en M\u00e9xico, y de Andr\u00e9-Laurent Parodi, presidente de la Academia Nacional de Medicina de Francia, quien entreg\u00f3 la medalla al gobernador, Eruviel \u00c1vila destac\u00f3 que por convicci\u00f3n personal siempre ha tenido al rubro de la salud como uno de los principales ejes del Gobierno del Estado de M\u00e9xico, junto con el de la educaci\u00f3n, y asegur\u00f3 que la medalla recibida significa que lo que est\u00e1 haciendo su equipo de trabajo viene por una ruta y un camino de \u00e9xito certero, pero tambi\u00e9n invita a reflexionar que a\u00fan falta mucho por hacer y que no se pueden bajar los brazos.<\/p>\n<p>Dijo que el Estado de M\u00e9xico es una entidad que le ha apostado a la salud y, en especial, a la prevenci\u00f3n, y gracias a ese esfuerzo se ha logrado disminuir en m\u00e1s de un 30 por ciento la mortalidad materna y se ha bajado en m\u00e1s de un 60 por ciento la mortalidad de menores de cinco a\u00f1os por enfermedades infecciosas-respiratorias.<\/p>\n<p>Asimismo, inform\u00f3 que se ha logrado reducir un 10 por ciento la mortalidad de los dos c\u00e1nceres m\u00e1s frecuentes en mujeres: el c\u00e9rvicouterino y el de mama. De igual manera el Estado de M\u00e9xico es el principal proveedor nacional de \u00f3rganos y tejidos para trasplantes: de cada tres trasplantes de \u00f3rganos y tejidos que se llevan a cabo en M\u00e9xico, uno se realiza en la entidad.<\/p>\n<p>Destac\u00f3 que en la entidad mexiquense ya se aplica el modelo franc\u00e9s de la Casa del Adolescente, inaugurada en Ecatepec para prevenir y promocionar estilos de vida saludables, y que tambi\u00e9n se trabaja en el dise\u00f1o y adaptaci\u00f3n del sistema NutriNet que informa sobre h\u00e1bitos relacionados con el sobrepeso, diabetes y obesidad.<\/p>\n<p>\u201cEstos logros no podr\u00edan ser realidad si no cont\u00e1ramos con el apoyo del presidente Pe\u00f1a Nieto, de la secretaria de Salud, de los funcionarios de salud aqu\u00ed presentes. Hoy, en ese marco esplendoroso, quiero dejar testimonio de gratitud a la autoridad federal que nos respalda en esta materia y que se traduce en acciones y beneficios muy concretos, y reiterarle a la Academia de Medicina de Francia, su apoyo para poder concretar \u00e9ste y otro tipo de proyectos\u201d, manifest\u00f3.<\/p>\n<p>Dicho reconocimiento lo han recibido en a\u00f1os anteriores el profesor Michel Fardeau por sus aportaciones a la biolog\u00eda y patolog\u00eda muscular; a la Asociaci\u00f3n par Combatir la Fibrosis Qu\u00edstica; al Centro de Informaci\u00f3n para la Sordera y el Implante Coclear; a la Fundaci\u00f3n \u201cTrasplantes Vida\u201d; a la Asociaci\u00f3n Francesa de Diabetes, entre otros.<\/p>\n","protected":false},"excerpt":{"rendered":"<p>Al recibir la Medalla de Oro de la Academia Nacional de Medicina de Francia, primera vez que se entrega en M\u00e9xico y a un gobierno estatal, y que reconoce el esfuerzo e impulso de acciones en materia de salud, el gobernador Eruviel \u00c1vila Villegas destac\u00f3 que el Estado de M\u00e9xico es referente nacional con el sistema de salud m\u00e1s grande, adem\u00e1s de ser  la entidad que m\u00e1s vacunas aplica, que m\u00e1s consulta brinda y que m\u00e1s ex\u00e1menes de laboratorio y gabinete  realiza en el pa\u00eds.<\/p>\n","protected":false},"author":3,"featured_media":253650,"comment_status":"open","ping_status":"open","sticky":false,"template":"","format":"standard","meta":{"_monsterinsights_skip_tracking":false,"_monsterinsights_sitenote_active":false,"_monsterinsights_sitenote_note":"","_monsterinsights_sitenote_category":0,"footnotes":""},"categories":[5],"tags":[5828,43675,2115,5713],"class_list":["post-253639","post","type-post","status-publish","format-standard","has-post-thumbnail","hentry","category-estado-de-mexico","tag-eruviel-avila-villegas","tag-estado-de-mexico","tag-francia","tag-medalla-de-oro"],"_links":{"self":[{"href":"https:\/\/www.diarioimagen.net\/index.php?rest_route=\/wp\/v2\/posts\/253639","targetHints":{"allow":["GET"]}}],"collection":[{"href":"https:\/\/www.diarioimagen.net\/index.php?rest_route=\/wp\/v2\/posts"}],"about":[{"href":"https:\/\/www.diarioimagen.net\/index.php?rest_route=\/wp\/v2\/types\/post"}],"author":[{"embeddable":true,"href":"https:\/\/www.diarioimagen.net\/index.php?rest_route=\/wp\/v2\/users\/3"}],"replies":[{"embeddable":true,"href":"https:\/\/www.diarioimagen.net\/index.php?rest_route=%2Fwp%2Fv2%2Fcomments&post=253639"}],"version-history":[{"count":0,"href":"https:\/\/www.diarioimagen.net\/index.php?rest_route=\/wp\/v2\/posts\/253639\/revisions"}],"wp:featuredmedia":[{"embeddable":true,"href":"https:\/\/www.diarioimagen.net\/index.php?rest_route=\/wp\/v2\/media\/253650"}],"wp:attachment":[{"href":"https:\/\/www.diarioimagen.net\/index.php?rest_route=%2Fwp%2Fv2%2Fmedia&parent=253639"}],"wp:term":[{"taxonomy":"category","embeddable":true,"href":"https:\/\/www.diarioimagen.net\/index.php?rest_route=%2Fwp%2Fv2%2Fcategories&post=253639"},{"taxonomy":"post_tag","embeddable":true,"href":"https:\/\/www.diarioimagen.net\/index.php?rest_route=%2Fwp%2Fv2%2Ftags&post=253639"}],"curies":[{"name":"wp","href":"https:\/\/api.w.org\/{rel}","templated":true}]}}