{"id":253796,"date":"2016-02-03T00:09:52","date_gmt":"2016-02-03T06:09:52","guid":{"rendered":"http:\/\/www.diarioimagen.net\/?p=253796"},"modified":"2016-02-03T03:39:43","modified_gmt":"2016-02-03T09:39:43","slug":"conago-lleva-al-senado-propuesta-de-policia-unica","status":"publish","type":"post","link":"https:\/\/www.diarioimagen.net\/?p=253796","title":{"rendered":"Conago lleva al Senado propuesta de Polic\u00eda \u00danica"},"content":{"rendered":"<ul>\n<li><strong><em>Gobernadores y el jefe de gobierno de la CDMX expusieron su postura<\/em><\/strong><\/li>\n<\/ul>\n<p>&nbsp;<\/p>\n<div id=\"attachment_253850\" style=\"width: 430px\" class=\"wp-caption aligncenter\"><a href=\"http:\/\/www.diarioimagen.net\/?attachment_id=253850\" rel=\"attachment wp-att-253850\"><img loading=\"lazy\" decoding=\"async\" aria-describedby=\"caption-attachment-253850\" class=\"size-large wp-image-253850\" src=\"http:\/\/www.diarioimagen.net\/wp-content\/uploads\/2016\/02\/eruviel-2796-420x236.jpg\" alt=\"Eruviel \u00c1vila - Presentando al Senado iniciativas para la Polic\u00eda Estatal \u00danica.\" width=\"420\" height=\"236\" srcset=\"https:\/\/www.diarioimagen.net\/wp-content\/uploads\/2016\/02\/eruviel-2796-420x236.jpg 420w, https:\/\/www.diarioimagen.net\/wp-content\/uploads\/2016\/02\/eruviel-2796-240x135.jpg 240w, https:\/\/www.diarioimagen.net\/wp-content\/uploads\/2016\/02\/eruviel-2796-235x132.jpg 235w, https:\/\/www.diarioimagen.net\/wp-content\/uploads\/2016\/02\/eruviel-2796-202x114.jpg 202w, https:\/\/www.diarioimagen.net\/wp-content\/uploads\/2016\/02\/eruviel-2796-350x196.jpg 350w, https:\/\/www.diarioimagen.net\/wp-content\/uploads\/2016\/02\/eruviel-2796-220x123.jpg 220w, https:\/\/www.diarioimagen.net\/wp-content\/uploads\/2016\/02\/eruviel-2796-237x132.jpg 237w, https:\/\/www.diarioimagen.net\/wp-content\/uploads\/2016\/02\/eruviel-2796.jpg 480w\" sizes=\"auto, (max-width: 420px) 100vw, 420px\" \/><\/a><p id=\"caption-attachment-253850\" class=\"wp-caption-text\">Eruviel \u00c1vila &#8211; Presentando al Senado iniciativas para la Polic\u00eda Estatal \u00danica.<\/p><\/div>\n<p>&nbsp;<\/p>\n<p>El gobernador Eruviel \u00c1vila Villegas, en su calidad de presidente de la Conferencia Nacional de Gobernadores (Conago), y acompa\u00f1ado por 16 mandatarios estatales y el jefe de gobierno de la Ciudad de M\u00e9xico, sostuvieron una reuni\u00f3n con integrantes del Senado de la Rep\u00fablica, a quienes presentaron el acuerdo tomado por la Conago en enero pasado, en la Reuni\u00f3n de Seguridad con la Secretar\u00eda de Gobernaci\u00f3n, para crear la Polic\u00eda Estatal \u00danica en las 32 entidades federativas del pa\u00eds.<\/p>\n<p>\u201cPor qu\u00e9 proponemos una Polic\u00eda \u00danica en los estados, es mejor fortalecer, robustecer, apoyar a 32 polic\u00edas estatales, que tratar de recomponer o reconstruir m\u00e1s de mil 800 polic\u00edas municipales, varias de ellas, la mayor\u00eda de ellas, con dificultades econ\u00f3micas, de formaci\u00f3n, de certificaci\u00f3n, y desde luego en la aplicaci\u00f3n de los ex\u00e1menes de control de confianza\u201d, afirm\u00f3.<\/p>\n<p>Ante el presidente de la Junta de Coordinaci\u00f3n Pol\u00edtica y el presidente de la Mesa Directiva del Senado, Emilio Gamboa Patr\u00f3n y Roberto Gil Zuarth, respectivamente, Eruviel \u00c1vila agradeci\u00f3 la disposici\u00f3n y aportaci\u00f3n que los integrantes del Senado tuvieron para poder escuchar los puntos de vista y los argumentos del jefe de gobierno de la Ciudad de M\u00e9xico y los gobernadores del pa\u00eds, para solicitar en forma respetuosa y con un \u00e1nimo de colaboraci\u00f3n entre poderes y niveles de gobierno, que se analice, discuta, enriquezca y se aprueben las iniciativas que present\u00f3 el presidente Enrique Pe\u00f1a Nieto y los diferentes grupos parlamentarios, para crear formalmente y elevar a rango constitucional la Polic\u00eda \u00danica Estatal.<\/p>\n<p>Asimismo, celebr\u00f3 el hecho de que este tema se encuentre presente en las agendas legislativas de los grupos parlamentarios del Senado, y expres\u00f3 el compromiso de las administraciones estatales de tener cuerpos polic\u00edacos con mejores salarios, mayor preparaci\u00f3n y certificadas, que est\u00e9n al servicio de la poblaci\u00f3n.<\/p>\n<p>En esta reuni\u00f3n los gobernadores del pa\u00eds pudieron exponer algunos casos de \u00e9xito que se han tenido con la implementaci\u00f3n del Mando \u00danico, en estados como Durango, Chihuahua y Tamaulipas.<\/p>\n<p>\u201cTenemos la fe, tenemos la confianza de que habr\u00e1n de tomar la mejor determinaci\u00f3n y que todas las acciones legislativas, la reforma constitucional que en su caso llegasen a aprobar, ser\u00e1 para bien de la poblaci\u00f3n\u201d.<\/p>\n<p>El presidente de la Conago se\u00f1al\u00f3 tambi\u00e9n que de autorizarse alguna reforma en esta materia, la total implementaci\u00f3n para la creaci\u00f3n de la Polic\u00eda \u00danica Estatal, llevar\u00e1 varios a\u00f1os.<\/p>\n<p>&nbsp;<\/p>\n","protected":false},"excerpt":{"rendered":"<p>El gobernador Eruviel \u00c1vila Villegas, en su calidad de presidente de la Conferencia Nacional de Gobernadores (Conago), y acompa\u00f1ado por 16 mandatarios estatales y el jefe de gobierno de la Ciudad de M\u00e9xico, sostuvieron una reuni\u00f3n con integrantes del Senado de la Rep\u00fablica, a quienes presentaron el acuerdo tomado por la Conago en enero pasado, en la Reuni\u00f3n de Seguridad con la Secretar\u00eda de Gobernaci\u00f3n, para crear la Polic\u00eda Estatal \u00danica en las 32 entidades federativas del pa\u00eds.<\/p>\n","protected":false},"author":3,"featured_media":253850,"comment_status":"open","ping_status":"open","sticky":false,"template":"","format":"standard","meta":{"_monsterinsights_skip_tracking":false,"_monsterinsights_sitenote_active":false,"_monsterinsights_sitenote_note":"","_monsterinsights_sitenote_category":0,"footnotes":""},"categories":[5],"tags":[4277,116],"class_list":["post-253796","post","type-post","status-publish","format-standard","has-post-thumbnail","hentry","category-estado-de-mexico","tag-conago","tag-senado-de-la-republica"],"_links":{"self":[{"href":"https:\/\/www.diarioimagen.net\/index.php?rest_route=\/wp\/v2\/posts\/253796","targetHints":{"allow":["GET"]}}],"collection":[{"href":"https:\/\/www.diarioimagen.net\/index.php?rest_route=\/wp\/v2\/posts"}],"about":[{"href":"https:\/\/www.diarioimagen.net\/index.php?rest_route=\/wp\/v2\/types\/post"}],"author":[{"embeddable":true,"href":"https:\/\/www.diarioimagen.net\/index.php?rest_route=\/wp\/v2\/users\/3"}],"replies":[{"embeddable":true,"href":"https:\/\/www.diarioimagen.net\/index.php?rest_route=%2Fwp%2Fv2%2Fcomments&post=253796"}],"version-history":[{"count":0,"href":"https:\/\/www.diarioimagen.net\/index.php?rest_route=\/wp\/v2\/posts\/253796\/revisions"}],"wp:featuredmedia":[{"embeddable":true,"href":"https:\/\/www.diarioimagen.net\/index.php?rest_route=\/wp\/v2\/media\/253850"}],"wp:attachment":[{"href":"https:\/\/www.diarioimagen.net\/index.php?rest_route=%2Fwp%2Fv2%2Fmedia&parent=253796"}],"wp:term":[{"taxonomy":"category","embeddable":true,"href":"https:\/\/www.diarioimagen.net\/index.php?rest_route=%2Fwp%2Fv2%2Fcategories&post=253796"},{"taxonomy":"post_tag","embeddable":true,"href":"https:\/\/www.diarioimagen.net\/index.php?rest_route=%2Fwp%2Fv2%2Ftags&post=253796"}],"curies":[{"name":"wp","href":"https:\/\/api.w.org\/{rel}","templated":true}]}}