{"id":253914,"date":"2016-02-03T00:05:50","date_gmt":"2016-02-03T06:05:50","guid":{"rendered":"http:\/\/www.diarioimagen.net\/?p=253914"},"modified":"2020-09-22T00:40:45","modified_gmt":"2020-09-22T05:40:45","slug":"donald-trump-el-efecto-de-la-ignorancia","status":"publish","type":"post","link":"https:\/\/www.diarioimagen.net\/?p=253914","title":{"rendered":"Donald Trump, el efecto de la ignorancia"},"content":{"rendered":"<h2>Detr\u00e1s del Poder<\/h2>\n<h5>Jos\u00e9 Antonio L\u00f3pez Sosa<\/h5>\n<p>&nbsp;<\/p>\n<p>Definitivamente los \u00edndices de apoyo, aprobaci\u00f3n e incuso intenci\u00f3n de voto a favor del empresario Donald Trump en los Estados Unidos significan la gran ignorancia en que buena parte de su sociedad vive.<\/p>\n<p>Un sector de la clase media estadounidense vive para pagar sus hipotecas y sus rentas, trabaja de sol a sol y se siente beneficiada por el modelo capitalista del pa\u00eds m\u00e1s poderoso del mundo, sus valores residen en aplaudirle a los soldados del ej\u00e9rcito y de la armada cuando regresan de las misiones en medio oriente, piensan que su pa\u00eds debe ser el juez del mundo y que es el \u00fanico que garantiza la libertad de las personas (aunque en el fondo desconocen la esclavitud financiera de la cual son v\u00edctimas).<\/p>\n<p>Ese sector radical es el que cree en Trump, el que asegura que los inmigrantes han llegado a robar empleos, el que cree que los mexicanos somos una amenaza para su estabilidad, el que piensa que todo musulm\u00e1n tiene que ver con el terrorismo.<\/p>\n<p>En una sociedad verdaderamente democr\u00e1tica y de libertad, como se supone es la estadounidense, no podr\u00edan personas en su sano juicio apoyar un discurso discriminatorio y carente de toda realidad como el que pregona Donald Trump.<\/p>\n<p>Me parece que Trump refleja la mentira del ideal sue\u00f1o americano, aquella falsa utop\u00eda de que se toman cientos de miles creyendo que la guerra significa libertad y que el miedo constante es un sin\u00f3nimo de una sociedad en b\u00fasqueda de los valores sociales.<\/p>\n<p>La sociedad estadounidense se basa en el miedo, el miedo al comunismo, el miedo a los misiles rusos, el miedo a un ataque nuclear iran\u00ed, el miedo a la apertura con Cuba, el miedo a AlQaeda, el miedo a ISIS, en fin, miedo a todo lo que representa una supuesta amenaza.<\/p>\n<p>Ahora bien, ignora buena parte de la gente \u2013Trump inclu\u00eddo\u2014que esas amenazas en buena medida fueron gestadas en los propios escritorios de las agencias militares y de inteligencia de los Estados Unidos.<\/p>\n<p>Una econom\u00eda de guerra necesita miedo para justificarla, as\u00ed durante las \u00faltimas d\u00e9cadas desde el siglo pasado, la sociedad estadounidense vive en el miedo.<\/p>\n<p>El miedo se nota desde sus fronteras y aeropuertos con las revisiones exhaustivas, desde la forma en que se conducen para emitir un visado, esa sociedad del miedo permea en los sectores de mayor ignorancia de la sociedad, esos son precisamente los que aplauden y apoyan a Trump.<\/p>\n<p><em><a href=\"http:\/\/www.lopezsosa.com\" target=\"_blank\" rel=\"noopener noreferrer\">www.lopezsosa.com<\/a><br \/>\n<\/em><em><a href=\"mailto:joseantonio@lopezsosa.com\" target=\"_blank\" rel=\"noopener noreferrer\">joseantonio@lopezsosa.com<\/a><\/em><br \/>\n<em><a href=\"http:\/\/twitter.com\/joseantonio1977\" target=\"_blank\" rel=\"noopener noreferrer\">@joseantonio1977<\/a><\/em><\/p>\n","protected":false},"excerpt":{"rendered":"<p><span style=\"color: #005497;\"><strong>Jos\u00e9 Antonio L\u00f3pez Sosa<\/strong><\/span><\/p>\n","protected":false},"author":3,"featured_media":0,"comment_status":"open","ping_status":"open","sticky":false,"template":"","format":"standard","meta":{"_monsterinsights_skip_tracking":false,"_monsterinsights_sitenote_active":false,"_monsterinsights_sitenote_note":"","_monsterinsights_sitenote_category":0,"footnotes":""},"categories":[637],"tags":[638,43690,43674],"class_list":["post-253914","post","type-post","status-publish","format-standard","hentry","category-jose-antonio-lopez-sosa","tag-detras-del-poder","tag-jose-antonio-lopez-sosa","tag-opinion"],"_links":{"self":[{"href":"https:\/\/www.diarioimagen.net\/index.php?rest_route=\/wp\/v2\/posts\/253914","targetHints":{"allow":["GET"]}}],"collection":[{"href":"https:\/\/www.diarioimagen.net\/index.php?rest_route=\/wp\/v2\/posts"}],"about":[{"href":"https:\/\/www.diarioimagen.net\/index.php?rest_route=\/wp\/v2\/types\/post"}],"author":[{"embeddable":true,"href":"https:\/\/www.diarioimagen.net\/index.php?rest_route=\/wp\/v2\/users\/3"}],"replies":[{"embeddable":true,"href":"https:\/\/www.diarioimagen.net\/index.php?rest_route=%2Fwp%2Fv2%2Fcomments&post=253914"}],"version-history":[{"count":0,"href":"https:\/\/www.diarioimagen.net\/index.php?rest_route=\/wp\/v2\/posts\/253914\/revisions"}],"wp:attachment":[{"href":"https:\/\/www.diarioimagen.net\/index.php?rest_route=%2Fwp%2Fv2%2Fmedia&parent=253914"}],"wp:term":[{"taxonomy":"category","embeddable":true,"href":"https:\/\/www.diarioimagen.net\/index.php?rest_route=%2Fwp%2Fv2%2Fcategories&post=253914"},{"taxonomy":"post_tag","embeddable":true,"href":"https:\/\/www.diarioimagen.net\/index.php?rest_route=%2Fwp%2Fv2%2Ftags&post=253914"}],"curies":[{"name":"wp","href":"https:\/\/api.w.org\/{rel}","templated":true}]}}