{"id":253918,"date":"2016-02-03T00:03:31","date_gmt":"2016-02-03T06:03:31","guid":{"rendered":"http:\/\/www.diarioimagen.net\/?p=253918"},"modified":"2016-02-03T04:40:00","modified_gmt":"2016-02-03T10:40:00","slug":"conago-mando-unico","status":"publish","type":"post","link":"https:\/\/www.diarioimagen.net\/?p=253918","title":{"rendered":"Conago-Mando \u00danico"},"content":{"rendered":"<h2>Desde el portal<\/h2>\n<h5>\u00c1ngel Soriano<\/h5>\n<p>&nbsp;<\/p>\n<p>Luego de recibir la propuesta de la Conago sobre el Mando \u00danico, el presidente de la Junta de Coordinaci\u00f3n Pol\u00edtica del Senado de la Rep\u00fablica dijo: \u201cEscuchamos posiciones y ejemplos muy claros que nos van a servir sin duda alguna, y esto tendr\u00e1 que ser analizado en cada uno de los grupos parlamentarios que configuramos el Senado de la Rep\u00fablica. Fue un di\u00e1logo que nos puede enriquecer el tema, que tenemos que reflexionar, analizar, discutir, debatir y despu\u00e9s ver si configuramos una iniciativa entre diversos grupos parlamentarios\u201d.<\/p>\n<p>Es decir, no hay ning\u00fan compromiso hasta en tanto no sea lo suficientemente discutido pese a que el argumento de los mandatarios es que es mejor tener 32 polic\u00edas fuertes que 1,800 municipales sin recursos, mal preparados y sin equipo, adem\u00e1s de que la propuesta tardar\u00e1 varios a\u00f1os en implementarse.<\/p>\n<p>El presidente de la Conago, <strong>Eruviel \u00c1vila<\/strong>, manifest\u00f3 la disposici\u00f3n de los gobernadores de mejorar las percepciones salariales de los polic\u00edas, y expusieron algunos casos de \u00e9xito como Durango, Chihuahua y Tamaulipas. \u201cTenemos la fe, tenemos la confianza de que habr\u00e1n de tomar la mejor determinaci\u00f3n y que todas las acciones legislativas, la reforma constitucional que en su caso llegasen a aprobar, ser\u00e1 para bien de la poblaci\u00f3n\u201d, se\u00f1al\u00f3.<\/p>\n<p>Hasta hoy, en el caso de la delincuencia, la impunidad, y la violencia en diversas regiones del pa\u00eds, no se ha encontrado la cuadratura al c\u00edrculo. Esperemos que el Senado la encuentre.<\/p>\n<p style=\"text-align: center;\"><strong>TURBULENCIAS<br \/>\nPRI se une al caos en Oaxaca<\/strong><\/p>\n<p>Al iniciarse las actividades conmemorativas del Centenario de la Constituci\u00f3n de 1917, <strong>Jes\u00fas Zambrano Grijalva<\/strong>, presidente de la Mesa Directiva de la C\u00e1mara de Diputados, sostuvo que la Constituci\u00f3n Pol\u00edtica de 1917 \u201csigue siendo factor de estabilidad y seguridad institucional\u201d; pero adem\u00e1s, define el rumbo de este M\u00e9xico del siglo XXI, bajo el escenario de la pluralidad y correlaci\u00f3n de fuerzas. En San L\u00e1zaro, indic\u00f3 que a pesar de las muchas transformaciones de la Carta Magna -todas ellas derivadas de la evoluci\u00f3n hist\u00f3rica de la sociedad- \u201ccontin\u00faa ofreciendo una v\u00eda institucional en t\u00e9rminos pol\u00edticos y jur\u00eddicos, para encauzar la transformaci\u00f3n y el desarrollo sociales\u201d. Acudieron al evento el presidente del Senado Roberto Gil, los presidentes de las Juntas de Coordinaci\u00f3n Pol\u00edtica de ambas C\u00e1maras, <strong>Emilio Gamboa<\/strong> y C\u00e9sar Camacho, adem\u00e1s de senadores y diputados de las distintas fuerzas pol\u00edticas\u2026 El Consejo Universitario de la UAEM design\u00f3 nuevos directores (enero 2016-enero 2020), de las facultades de Enfermer\u00eda y Obstetricia, Andrea Guadalupe S\u00e1nchez Arias: Geograf\u00eda, Francisco Zepeda Mondrag\u00f3n y Qu\u00edmica, Carlos Eduardo barrera D\u00edaz, a quienes el rector <strong>Jorge Olvera Garc\u00eda<\/strong> conmin\u00f3 a realizar su tarea bajo principios de \u00e9tica y compromiso con el humanismo y la responsabilidad social\u2026A la marcha-mitin en el Z\u00f3calo y toma de la presidencia municipal de Oaxaca por los triquis; bloqueos de inconformes, peregrinaciones y romer\u00edas por La Cande, que estrangularon la ciudad-capital, se sum\u00f3 el PRI con el registro de su candidato \u00fanico <strong>Alejandro Murat<\/strong>, a cuya marcha s\u00f3lo acudieron tres de los siete contendientes por la candidatura del tricolor al gobierno del estado. Todo esto irrit\u00f3 m\u00e1s a la sociedad oaxaque\u00f1a, cansada de no poder realizar sus actividades cotidianas por el colosal congestionamiento vial y lejos de contribuir al orden y al imperio de la ley, el partidazo se suma al desorden. Y todav\u00eda no empiezan las campa\u00f1as\u2026<\/p>\n<p><em><a href=\"http:\/\/www.revista-brecha.com\/\" target=\"_blank\">www.revista-brecha.com<br \/>\n<\/a><a href=\"mailto:vidanacional@yahoo.com.mx\" target=\"_blank\">vidanacional@yahoo.com.mx<\/a><\/em><\/p>\n","protected":false},"excerpt":{"rendered":"<p><span style=\"color: #005497;\"><strong>\u00c1ngel Soriano<\/strong><\/span><\/p>\n","protected":false},"author":3,"featured_media":0,"comment_status":"open","ping_status":"open","sticky":false,"template":"","format":"standard","meta":{"_monsterinsights_skip_tracking":false,"_monsterinsights_sitenote_active":false,"_monsterinsights_sitenote_note":"","_monsterinsights_sitenote_category":0,"footnotes":""},"categories":[135],"tags":[85,86,43674],"class_list":["post-253918","post","type-post","status-publish","format-standard","hentry","category-angel-soriano-opinion","tag-angel-soriano","tag-desde-el-portal","tag-opinion"],"_links":{"self":[{"href":"https:\/\/www.diarioimagen.net\/index.php?rest_route=\/wp\/v2\/posts\/253918","targetHints":{"allow":["GET"]}}],"collection":[{"href":"https:\/\/www.diarioimagen.net\/index.php?rest_route=\/wp\/v2\/posts"}],"about":[{"href":"https:\/\/www.diarioimagen.net\/index.php?rest_route=\/wp\/v2\/types\/post"}],"author":[{"embeddable":true,"href":"https:\/\/www.diarioimagen.net\/index.php?rest_route=\/wp\/v2\/users\/3"}],"replies":[{"embeddable":true,"href":"https:\/\/www.diarioimagen.net\/index.php?rest_route=%2Fwp%2Fv2%2Fcomments&post=253918"}],"version-history":[{"count":0,"href":"https:\/\/www.diarioimagen.net\/index.php?rest_route=\/wp\/v2\/posts\/253918\/revisions"}],"wp:attachment":[{"href":"https:\/\/www.diarioimagen.net\/index.php?rest_route=%2Fwp%2Fv2%2Fmedia&parent=253918"}],"wp:term":[{"taxonomy":"category","embeddable":true,"href":"https:\/\/www.diarioimagen.net\/index.php?rest_route=%2Fwp%2Fv2%2Fcategories&post=253918"},{"taxonomy":"post_tag","embeddable":true,"href":"https:\/\/www.diarioimagen.net\/index.php?rest_route=%2Fwp%2Fv2%2Ftags&post=253918"}],"curies":[{"name":"wp","href":"https:\/\/api.w.org\/{rel}","templated":true}]}}