{"id":253951,"date":"2016-02-04T00:06:16","date_gmt":"2016-02-04T06:06:16","guid":{"rendered":"http:\/\/www.diarioimagen.net\/?p=253951"},"modified":"2016-02-05T01:29:24","modified_gmt":"2016-02-05T07:29:24","slug":"afirma-el-papa-que-no-viene-a-mexico-a-tapar-violencia","status":"publish","type":"post","link":"https:\/\/www.diarioimagen.net\/?p=253951","title":{"rendered":"Afirma el Papa que no viene a M\u00e9xico a tapar violencia"},"content":{"rendered":"<ul>\n<li><strong><em>Responde a cuestionamientos de mexicanos<\/em><\/strong><\/li>\n<\/ul>\n<p>&nbsp;<\/p>\n<div id=\"attachment_253952\" style=\"width: 430px\" class=\"wp-caption aligncenter\"><a href=\"http:\/\/www.diarioimagen.net\/?attachment_id=253952\" rel=\"attachment wp-att-253952\"><img loading=\"lazy\" decoding=\"async\" aria-describedby=\"caption-attachment-253952\" class=\"wp-image-253952 size-large\" src=\"http:\/\/www.diarioimagen.net\/wp-content\/uploads\/2016\/02\/PAPA-portal-1-420x245.jpg\" alt=\"El Papa Francisco afirma que un pa\u00eds con violencia no es el M\u00e9xico que quiere nuestra Madre, la virgen de Guadalupe.\" width=\"420\" height=\"245\" srcset=\"https:\/\/www.diarioimagen.net\/wp-content\/uploads\/2016\/02\/PAPA-portal-1-420x245.jpg 420w, https:\/\/www.diarioimagen.net\/wp-content\/uploads\/2016\/02\/PAPA-portal-1-240x140.jpg 240w, https:\/\/www.diarioimagen.net\/wp-content\/uploads\/2016\/02\/PAPA-portal-1.jpg 480w\" sizes=\"auto, (max-width: 420px) 100vw, 420px\" \/><\/a><p id=\"caption-attachment-253952\" class=\"wp-caption-text\">El papa Francisco afirma que un pa\u00eds con violencia no es el M\u00e9xico que quiere nuestra Madre, la Virgen de Guadalupe.<\/p><\/div>\n<p>&nbsp;<\/p>\n<p>A escasos d\u00edas de su visita a nuestro pa\u00eds, el papa Francisco afirm\u00f3 que no viene a tapar la violencia, sino a denunciar la delincuencia generada por el narcotr\u00e1fico, porque no es el M\u00e9xico que quiere nuestra Madre, la Virgen de Guadalupe.<\/p>\n<p>\u201cYo no quiero a tapar nada de eso, sino al contrario, exhortarlos a la lucha de todos los d\u00edas contra la corrupci\u00f3n, contra el tr\u00e1fico de drogas, contra la guerra, la desuni\u00f3n, el crimen organizado y la trata de personas\u201d.<\/p>\n<p>El Santo Padre hizo estas declaraciones al responder preguntas de mexicanos a trav\u00e9s de un video que vio el pasado 22 de enero en el Vaticano, a trav\u00e9s de la Agencia de Noticias del Estado Mexicano.<\/p>\n<p>En la Casa de Santa Marta, su residencia del Vaticano, Jorge Mario Bergoglio sigui\u00f3 con atenci\u00f3n los mensajes que le dirigieron 33 personas de diversos estados y coment\u00f3 cuatro temas principales.<\/p>\n<p>Unas 16 mujeres y 17 hombres manifestaron sus expectativas y esperanzas ante la llegada del l\u00edder cat\u00f3lico. Expresaron qu\u00e9 significa para ellos la Virgen de Guadalupe y abordaron algunos de los desa\u00adf\u00edos que afronta M\u00e9xico: de la migraci\u00f3n hasta el impacto de la violencia.<\/p>\n<p>Las palabras de j\u00f3venes, mujeres y ni\u00f1os, ind\u00edgenas, ancianos y adultos fueron recogidas durante varios d\u00edas en 10 ciudades: Guanajuato, Guadalajara, Ciudad de M\u00e9xico, Tlaxcala, Oaxaca, Quer\u00e9taro, Veracruz, Puebla, Ciudad Ju\u00e1rez y San Luis Potos\u00ed.<\/p>\n<p>La mayor\u00eda de estas localidades no ser\u00e1 visitada por Francisco durante la gira papal, prevista del 12 al 18 de febrero pr\u00f3ximos y que incluir\u00e1 etapas en la capital, Estado de M\u00e9xico, Chiapas, Michoac\u00e1n y Chihuahua.<\/p>\n<p>Los testimonios fueron ordenados en un video de 37 minutos que comprende cuatro temas encabezados con frases del Pont\u00edfice: \u201cVoy a M\u00e9xico a vivir la riqueza de la fe\u201d; \u201cD\u00e9jenme un ratito con la Virgen de Guadalupe\u201d; \u201cQuisiera ser en M\u00e9xico, instrumento de paz\u201d; \u201cRenovar la fe, es hacerla callejera\u201d.<\/p>\n<p>El programa se seccionar\u00e1 tambi\u00e9n en cuatro videoclips de entre cuatro y ocho minutos de duraci\u00f3n, con los temas que abord\u00f3 el Papa en sus respuestas a los mensajes de los mexicanos.<\/p>\n<p>Las respuestas del Papa, claras y sencillas, se grabaron la tarde del viernes 22 de enero, en un amplio sal\u00f3n de la Casa Santa Marta donde Bergoglio recibi\u00f3 a su portavoz Federico Lombardi, a un equipo del Centro Televisivo Vaticano y al corresponsal de Notimex, Andr\u00e9s Beltramo.<\/p>\n<p>El programa tuvo momentos de reflexi\u00f3n y otros de humor, como cuando el artista callejero Sergio \u201cLennon\u201d (de Guanajuato) le dedic\u00f3 una canci\u00f3n al Papa, \u201cpara que no se ponga triste\u201d. Bajo las notas de su guitarra concluy\u00f3 con un \u201ceres bienvenido a M\u00e9xico\u201d.<\/p>\n<p>Desde la Plaza Coyoac\u00e1n de la Ciudad de M\u00e9xico, el joven Aar\u00f3n Fonseca pregunt\u00f3 a Bergoglio con cu\u00e1les sentimientos llegar\u00e1 a su pa\u00eds y en el segundo clip \u00e9l mismo le cuestion\u00f3 qu\u00e9 pensaba de la Virgen de Guadalupe.<\/p>\n<p>\u201c\u00bfC\u00f3mo nos podr\u00eda ayudar para poder afrontar esta situaci\u00f3n que estamos viviendo aqu\u00ed en la Rep\u00fablica Mexicana?\u201d, interrog\u00f3 Hermenegilda. Mientras Oscar apunt\u00f3: \u201c\u00bfC\u00f3mo nos ayudar\u00eda a afrontar esta violencia que est\u00e1 pasando aqu\u00ed?\u201d.<\/p>\n<p>En la \u00faltima c\u00e1psula Mar\u00eda de Lourdes Mej\u00eda, una anciana de la Ciudad de M\u00e9xico, precis\u00f3: \u201cMe gustar\u00eda preguntarle \u00bfqu\u00e9 es lo que desear\u00eda de nosotros y qu\u00e9 espera de nosotros?\u201d.<\/p>\n<p>El Papa se extendi\u00f3 en cada una de sus respuestas y dej\u00f3 algunas frases para el recuerdo, como cuando aclar\u00f3 que viaja a M\u00e9xico \u201cno como un Rey Mago cargado de cosas: mensajes, ideas o soluciones a los problemas\u201d.<\/p>\n<p>\u201cYo voy a M\u00e9xico como un peregrino\u201d, insisti\u00f3. M\u00e1s adelante revel\u00f3 haber pisado suelo mexicano dos veces en su vida: la primera para una reuni\u00f3n de jesuitas en 1970 y la segunda para la visita del Papa Juan Pablo II en 1999.<\/p>\n<p>En ambas ocasiones estuvo en la Bas\u00edlica de Nuestra Se\u00f1ora de Guadalupe. Cada vez que tiene un problema \u2013asegur\u00f3- se acuerda de la Virgen, que le transmite \u201cseguridad y ternura\u201d.<\/p>\n<p>Reconoci\u00f3 que M\u00e9xico vive \u201csu pedacito de guerra\u201d a causa del sufrimiento, la violencia y el \u201ctr\u00e1fico organizado\u201d. Aclar\u00f3 que el \u201cno va a tapar nada de eso\u201d sino que va a estimular a todos a combatir cotidianamente la corrupci\u00f3n, la guerra, el cr\u00edmen organizado y la trata de personas.<\/p>\n","protected":false},"excerpt":{"rendered":"<p>A escasos d\u00edas de su visita a nuestro pa\u00eds, el papa Francisco afirm\u00f3 que no viene a tapar la violencia, sino a denunciar la delincuencia generada por el narcotr\u00e1fico, porque no es el M\u00e9xico que quiere nuestra Madre, la Virgen de Guadalupe.<\/p>\n","protected":false},"author":5,"featured_media":253952,"comment_status":"open","ping_status":"open","sticky":false,"template":"","format":"standard","meta":{"_monsterinsights_skip_tracking":false,"_monsterinsights_sitenote_active":false,"_monsterinsights_sitenote_note":"","_monsterinsights_sitenote_category":0,"footnotes":""},"categories":[3],"tags":[2755,27237,44,29873,5066,15501],"class_list":["post-253951","post","type-post","status-publish","format-standard","has-post-thumbnail","hentry","category-nacional","tag-el-vaticano","tag-francisco","tag-mexico","tag-papa","tag-violencia","tag-visita"],"_links":{"self":[{"href":"https:\/\/www.diarioimagen.net\/index.php?rest_route=\/wp\/v2\/posts\/253951","targetHints":{"allow":["GET"]}}],"collection":[{"href":"https:\/\/www.diarioimagen.net\/index.php?rest_route=\/wp\/v2\/posts"}],"about":[{"href":"https:\/\/www.diarioimagen.net\/index.php?rest_route=\/wp\/v2\/types\/post"}],"author":[{"embeddable":true,"href":"https:\/\/www.diarioimagen.net\/index.php?rest_route=\/wp\/v2\/users\/5"}],"replies":[{"embeddable":true,"href":"https:\/\/www.diarioimagen.net\/index.php?rest_route=%2Fwp%2Fv2%2Fcomments&post=253951"}],"version-history":[{"count":0,"href":"https:\/\/www.diarioimagen.net\/index.php?rest_route=\/wp\/v2\/posts\/253951\/revisions"}],"wp:featuredmedia":[{"embeddable":true,"href":"https:\/\/www.diarioimagen.net\/index.php?rest_route=\/wp\/v2\/media\/253952"}],"wp:attachment":[{"href":"https:\/\/www.diarioimagen.net\/index.php?rest_route=%2Fwp%2Fv2%2Fmedia&parent=253951"}],"wp:term":[{"taxonomy":"category","embeddable":true,"href":"https:\/\/www.diarioimagen.net\/index.php?rest_route=%2Fwp%2Fv2%2Fcategories&post=253951"},{"taxonomy":"post_tag","embeddable":true,"href":"https:\/\/www.diarioimagen.net\/index.php?rest_route=%2Fwp%2Fv2%2Ftags&post=253951"}],"curies":[{"name":"wp","href":"https:\/\/api.w.org\/{rel}","templated":true}]}}