{"id":254012,"date":"2016-02-04T00:01:39","date_gmt":"2016-02-04T06:01:39","guid":{"rendered":"http:\/\/www.diarioimagen.net\/?p=254012"},"modified":"2016-02-04T03:43:31","modified_gmt":"2016-02-04T09:43:31","slug":"abre-restaurante-italiano-que-se-remonta-a-1920-con-especialidades-de-la-cocina-napolitana","status":"publish","type":"post","link":"https:\/\/www.diarioimagen.net\/?p=254012","title":{"rendered":"Abre restaurante italiano que se remonta a 1920 con especialidades de la cocina napolitana"},"content":{"rendered":"<h2>De cinco estrellas<\/h2>\n<h5>Victoria Gonz\u00e1lez Prado<\/h5>\n<p>&nbsp;<\/p>\n<ul>\n<li><strong><em>El Carnaval, la gran fiesta del ingenio y el humor, se apropia por unos d\u00edas de las calles y plazas de la ciudad de Madrid<\/em><\/strong><\/li>\n<\/ul>\n<p>&nbsp;<\/p>\n<div id=\"attachment_254137\" style=\"width: 430px\" class=\"wp-caption aligncenter\"><a href=\"http:\/\/www.diarioimagen.net\/?attachment_id=254137\" rel=\"attachment wp-att-254137\"><img loading=\"lazy\" decoding=\"async\" aria-describedby=\"caption-attachment-254137\" class=\"size-large wp-image-254137\" src=\"http:\/\/www.diarioimagen.net\/wp-content\/uploads\/2016\/02\/turismo-2797-420x236.jpg\" alt=\"Abre restaurante italiano.\" width=\"420\" height=\"236\" srcset=\"https:\/\/www.diarioimagen.net\/wp-content\/uploads\/2016\/02\/turismo-2797-420x236.jpg 420w, https:\/\/www.diarioimagen.net\/wp-content\/uploads\/2016\/02\/turismo-2797-240x135.jpg 240w, https:\/\/www.diarioimagen.net\/wp-content\/uploads\/2016\/02\/turismo-2797-235x132.jpg 235w, https:\/\/www.diarioimagen.net\/wp-content\/uploads\/2016\/02\/turismo-2797-202x114.jpg 202w, https:\/\/www.diarioimagen.net\/wp-content\/uploads\/2016\/02\/turismo-2797-350x196.jpg 350w, https:\/\/www.diarioimagen.net\/wp-content\/uploads\/2016\/02\/turismo-2797-220x123.jpg 220w, https:\/\/www.diarioimagen.net\/wp-content\/uploads\/2016\/02\/turismo-2797-237x132.jpg 237w, https:\/\/www.diarioimagen.net\/wp-content\/uploads\/2016\/02\/turismo-2797.jpg 480w\" sizes=\"auto, (max-width: 420px) 100vw, 420px\" \/><\/a><p id=\"caption-attachment-254137\" class=\"wp-caption-text\">Abre restaurante italiano.<\/p><\/div>\n<p>&nbsp;<\/p>\n<p>La cocina de <em>Pan di Bacco<\/em> se remonta a 1920,\u00a0cuando seis hermanas de N\u00e1poles, Italia aprendieron las t\u00e9cnicas de la cocina de su madre Donna Elena.<\/p>\n<p>Cada una de las hermanas se convirti\u00f3 en una cocinera inspirada, creando especialidades personales que han cruzado las fronteras, conservando sus ra\u00edces del sur de Italia.<\/p>\n<p>El restaurante ubicado en Polanco sorprende y consiente a sus comensales con inspiradoras recetas Napolitanas\u00a0utilizando ingredientes aut\u00e9nticos de Italia y present\u00e1ndolos de una manera \u00fanica.<\/p>\n<p>El chef <strong>Paollo Della Corte<\/strong>, se form\u00f3 con diferentes chefs que ostentan Estrellas Michelin en Europa, logrando as\u00ed un men\u00fa con recetas Napolitanas tradicionales.<\/p>\n<p>Ahora que se acerca el 14 de febrero el lugar puede ser el ideal para celebrar al amor y a la amistad con tu pareja, amigos y o familiares.<\/p>\n<p>\u2730\u2730\u2730\u2730\u2730 El Carnaval, la gran fiesta del ingenio y el humor, se apropia por unos d\u00edas de las calles y plazas de la ciudad de Madrid. Una tradici\u00f3n en la que los disfraces y las m\u00e1scaras son la clave para disfrutar a\u00fan m\u00e1s de la fiesta.<\/p>\n<p>Del 5 al 10 de febrero el Carnaval inundar\u00e1 las calles de la ciudad. Pasacalles infantiles, festival de m\u00fasica y danza del mundo, conciertos o las tradicionales chirigotas, comparsas y murgas son algunas de las actividades de una programaci\u00f3n, que tiene en la participaci\u00f3n y la diversidad sus principales ejes, y que este a\u00f1o estrena escenario y se traslada por primera vez al\u00a0distrito de Tetu\u00e1n.<\/p>\n<p>El Carnaval se vivir\u00e1 en enclaves emblem\u00e1ticos como la\u00a0calle Bravo Murillo\u00a0o<strong>\u00a0<\/strong><strong>la plaza de la Remonta<\/strong>, y en instalaciones municipales, en donde la ciudadan\u00eda ser\u00e1 protagonista.<\/p>\n<p>Otro de los atractivos de esta edici\u00f3n es que se podr\u00e1 disfrutar de las formas de celebrar el Carnaval en otros lugares del mundo, adem\u00e1s de en Espa\u00f1a. Brasil, la Rep\u00fablica Dominicana, Senegal, Paraguay, Per\u00fa o Colombia son algunos de los pa\u00edses representados.<\/p>\n<p>Esta edici\u00f3n rinde homenaje a uno de los personajes que mejor representan el esp\u00edritu carnavalesco: los\u00a0bufones, que tomar\u00e1n las calles de Tetu\u00e1n para contagiar su energ\u00eda mediante la risa, la transgresi\u00f3n, el juego y la fantas\u00eda.<\/p>\n<p>Ser\u00e1n los protagonistas del Gran Pasacalles del Carnaval, que tendr\u00e1 lugar\u00a0el s\u00e1bado 6 de febrero a partir de las 17 horas, y que recorrer\u00e1 el tramo de la calle de Bravo Murillo entre la calle Almansa y la de Pinos Alta.<\/p>\n<p>Una gran variedad de grupos art\u00edsticos y compa\u00f1\u00edas pondr\u00e1n su nota de color en las celebraciones.<\/p>\n<p>Los Bufones de la Compa\u00f1\u00eda de Teatro Proyecto Bufo, junto a los hilarantes personajes creados por los alumnos en el Taller del Teatro Asura, irrumpir\u00e1n en la marcha dispuestos a hacerse o\u00edr.<\/p>\n<p>Tambi\u00e9n participar\u00e1n en este gran pasacalles la Escuela de Circo Carampa y la Asociaci\u00f3n de Malabaristas, que dejar\u00e1n caer a sus acr\u00f3batas de fantas\u00eda; la Fundaci\u00f3n Tchyminigagua, sobre sus zancos gal\u00e1cticos, y los N\u00f3madas de Kanbahiota, montados en una enorme rueda. La comparsa \u201cDe Bosque y Noche\u201d, del Colectivo de Artistas Sierra Norte, desplegar\u00e1 una inmensa tela de ara\u00f1a para acoger a todas las personas que se acerquen a Tetu\u00e1n a compartir esta experiencia, mientras los ecos de las fieras burlescas de la Asociaci\u00f3n Gru\u00f1idos Salvajes resonar\u00e1n por los balcones del vecindario.<\/p>\n<p>Para bailar con los sones m\u00e1s diversos bastar\u00e1 con seguir al \u2018pelot\u00f3n\u2019 musical en el que actuar\u00e1n compa\u00f1\u00edas procedentes de diferentes lugares del mundo, como la Rep\u00fablica Dominicana, Parag\u00fcay, Per\u00fa, Colombia, Brasil o Senegal.<\/p>\n<p>Batucadas a cargo de grupos de mujeres, una comparsa dedicada a la carcajada en la que participan asociaciones del distrito y de la Uni\u00f3n Deportiva Dominicana, una orquesta infantil y una carroza dedicada al \u201cVillano Favorito\u201d completan el desfile carnavalesco.<\/p>\n<p>Al concluir el mismo, \u00a0tendr\u00e1 lugar el\u00a0preg\u00f3n, el\u00a0\u201cantipreg\u00f3n\u201d\u00a0y un espect\u00e1culo de bufonadas carnavalescas. Y como broche final un concierto que rendir\u00e1 culto al\u00a0<em>soul<\/em>\u00a0y al\u00a0<em>funk<\/em>\u00a0con dos grupos de referencia:\u00a0Freedonia, y\u00a0CosmoSoul.<\/p>\n<p>El Carnaval es tambi\u00e9n para los m\u00e1s peque\u00f1os, que podr\u00e1n disfrutar con el pasacalles infantil que se realiza ma\u00f1ana viernes 5 de febrero.<\/p>\n<p>Desde distintos centros de educaci\u00f3n de Tetu\u00e1n y ataviados con los disfraces que han creado durante el mes de enero, centenares de alumnos recorrer\u00e1n las calles del distrito con el \u2018Carnaval del mundo\u2019 para llegar a la plaza de la Remonta, d\u00f3nde les aguarda el rugido de \u2018El Falso Le\u00f3n\u2019: \u00a0tambores, historias y bailes a cargo de <em>Gri Deng<\/em> y la <em>Nguewel Family<\/em>, basado en el arte y las ra\u00edces de los <em>griots <\/em>senegales, una gran familia de generaciones de poetas y narradores de historias expertos en hacer que los m\u00e1s j\u00f3venes vivan experiencias inolvidables.<\/p>\n<p>Otra de las ofertas de esa jornada para ni\u00f1os y mayores son las representaciones de t\u00edteres \u201cLa Bruja y Don Crist\u00f3bal\u201d, en la plaza del Canal\u00a0 de Isabel II.<\/p>\n<p>La plaza del Poeta Leopoldo de Luis tambi\u00e9n se vestir\u00e1 de carnaval con el festival de J\u00f3venes Artistas\u00a0que tendr\u00e1 lugar ma\u00f1ana viernes de 17.30 a 22:00 horas.<\/p>\n<p>Se trata de un encuentro que protagonizar\u00e1n las nuevas voces, m\u00fasica y ritmos que emergen desde los distritos en el panorama art\u00edstico madrile\u00f1o. La Uni\u00f3n de Radios Comunitarias de Madrid dinamizar\u00e1 esa actividad llena de colores musicales.<\/p>\n<p>Tambi\u00e9n el viernes el grupo de animaci\u00f3n Pedalog\u00eda realizar\u00e1 un taller donde ni\u00f1os y j\u00f3venes podr\u00e1n realizar sus propias m\u00e1scaras basadas en las diferentes culturas del mundo.<\/p>\n<p>La jornada contin\u00faa en el Centro Sociocultural Jos\u00e9 Espronceda, donde la compa\u00f1\u00eda danesa\u00a0<em>Odin Teatret<\/em>\u00a0llevar\u00e1 a escena un espect\u00e1culo de m\u00fasica y danza, que ser\u00e1 conducido por actores profesionales, pero en el que tambi\u00e9n participar\u00e1n otros grupos de baile, m\u00fasica y poes\u00eda, integrados por vecinos y vecinas de todas las edades del distrito de Tetu\u00e1n. Juntos construir\u00e1n una torre para entenderse en la diversidad.<\/p>\n<p>En la plaza de La Remonta, ma\u00f1ana, de 19:00 a 23:00 horas, tendr\u00e1 lugar un espect\u00e1culo dedicado a las m\u00fasicas y danzas del mundo, en el que se mostrar\u00e1 c\u00f3mo se celebra el\u00a0Carnaval. Los asistentes podr\u00e1n bailar al ritmo de la bachata y el merengue, disfrutar de las danzas del Brasil o ver una representaci\u00f3n con los personajes t\u00edpicos de estas fiestas en pa\u00edses como la Rep\u00fablica Dominicana.<\/p>\n<p>El\u00a0Carnaval de Cuerpos y Deseos\u00a0es un espect\u00e1culo que se celebrar\u00e1 ese mismo d\u00eda en el Centro Sociocultural Eduardo \u00darculo, en el que se mezclan teatro, danza, performances, experiencias de vida, m\u00fasica, literatura y cuentacuentos creados por mujeres en torno al tema del deseo.<\/p>\n<p>Adem\u00e1s, la plaza del Canal de Isabel II, ma\u00f1ana, acoger\u00e1 un peculiar circo\u00a0\u00a0 formado por siete extra\u00f1as criaturas que salen a la luz con el prop\u00f3sito de compartir sus enigm\u00e1ticas creaciones.<\/p>\n<p>Este Carnaval propone ritmos que van desde la rumba hasta el rap, pasando por los sonidos del\u00a0<em>funk<\/em>,\u00a0<em>swing<\/em>, <em>blues<\/em>\u00a0y el\u00a0<em>reggae<\/em>.<\/p>\n<p>Todo ello condimentado con humor, teatro libre y ambiente circense. Para este encuentro ya cl\u00e1sico, el domingo 7 la\u00a0Murga de Madrid\u00a0vuelve a reunir una selecci\u00f3n de los mejores grupos carnavalescos. Tres horas de canciones y repertorios musicales que ponen de manifiesto la cr\u00edtica burlesca y humor\u00edstica.<\/p>\n<p>Otra novedad de este a\u00f1o ser\u00e1 la celebraci\u00f3n de un\u00a0desfile del Entierro de la Sardina\u00a0en el distrito de Tetu\u00e1n, que se celebrar\u00e1 el mi\u00e9rcoles 10 de febrero, desde la calle Francos Rodr\u00edguez hasta Dehesa de la Villa.<\/p>\n<p>Adem\u00e1s, y como todos los a\u00f1os para concluir la celebraciones de Carnaval, los miembros de la\u00a0Alegre Cofrad\u00eda con su tradicional pasacalles\u00a0pondr\u00e1 fin a cinco d\u00edas de Carnaval, dando paso al\u00a0entierro de la Sardina. Por la tarde del d\u00eda 10, a las 17.00 horas, ir\u00e1n en procesi\u00f3n desde la iglesia de San Antonio de la Florida (donde rinden homenaje a Francisco de Goya) hasta la Fuente de los Pajaritos, en la Casa de Campo, donde la enterrar\u00e1n.<\/p>\n<p><em><i><a href=\"mailto:victoriagprado@gmail.com\" target=\"_blank\">victoriagprado@gmail.com<\/a><\/i><\/em><\/p>\n","protected":false},"excerpt":{"rendered":"<p>La cocina de <em>Pan di Bacco<\/em> se remonta a 1920, cuando seis hermanas de N\u00e1poles, Italia aprendieron las t\u00e9cnicas de la cocina de su madre Donna Elena. Cada una de las hermanas se convirti\u00f3 en una cocinera inspirada, creando especialidades personales que han cruzado las fronteras, conservando sus ra\u00edces del sur de Italia.<\/p>\n","protected":false},"author":3,"featured_media":254137,"comment_status":"open","ping_status":"open","sticky":false,"template":"","format":"standard","meta":{"_monsterinsights_skip_tracking":false,"_monsterinsights_sitenote_active":false,"_monsterinsights_sitenote_note":"","_monsterinsights_sitenote_category":0,"footnotes":""},"categories":[11],"tags":[107,43674,43681,106],"class_list":["post-254012","post","type-post","status-publish","format-standard","has-post-thumbnail","hentry","category-turismo","tag-de-cinco-estrellas","tag-opinion","tag-turismo","tag-victoria-gonzalez-prado"],"_links":{"self":[{"href":"https:\/\/www.diarioimagen.net\/index.php?rest_route=\/wp\/v2\/posts\/254012","targetHints":{"allow":["GET"]}}],"collection":[{"href":"https:\/\/www.diarioimagen.net\/index.php?rest_route=\/wp\/v2\/posts"}],"about":[{"href":"https:\/\/www.diarioimagen.net\/index.php?rest_route=\/wp\/v2\/types\/post"}],"author":[{"embeddable":true,"href":"https:\/\/www.diarioimagen.net\/index.php?rest_route=\/wp\/v2\/users\/3"}],"replies":[{"embeddable":true,"href":"https:\/\/www.diarioimagen.net\/index.php?rest_route=%2Fwp%2Fv2%2Fcomments&post=254012"}],"version-history":[{"count":0,"href":"https:\/\/www.diarioimagen.net\/index.php?rest_route=\/wp\/v2\/posts\/254012\/revisions"}],"wp:featuredmedia":[{"embeddable":true,"href":"https:\/\/www.diarioimagen.net\/index.php?rest_route=\/wp\/v2\/media\/254137"}],"wp:attachment":[{"href":"https:\/\/www.diarioimagen.net\/index.php?rest_route=%2Fwp%2Fv2%2Fmedia&parent=254012"}],"wp:term":[{"taxonomy":"category","embeddable":true,"href":"https:\/\/www.diarioimagen.net\/index.php?rest_route=%2Fwp%2Fv2%2Fcategories&post=254012"},{"taxonomy":"post_tag","embeddable":true,"href":"https:\/\/www.diarioimagen.net\/index.php?rest_route=%2Fwp%2Fv2%2Ftags&post=254012"}],"curies":[{"name":"wp","href":"https:\/\/api.w.org\/{rel}","templated":true}]}}